{"id":701778,"date":"2024-10-03T09:14:59","date_gmt":"2024-10-03T07:14:59","guid":{"rendered":"https:\/\/www.hashtag.al\/?p=701778"},"modified":"2024-10-03T09:15:46","modified_gmt":"2024-10-03T07:15:46","slug":"deputetet-e-pd-se-shkojne-60-minuta-para-ne-kuvend-bllokohen-nga-garda","status":"publish","type":"post","link":"https:\/\/www.hashtag.al\/index.php\/2024\/10\/03\/deputetet-e-pd-se-shkojne-60-minuta-para-ne-kuvend-bllokohen-nga-garda\/","title":{"rendered":"Deputet\u00ebt e PD-s\u00eb shkojn\u00eb 60 minuta para n\u00eb Kuvend, bllokohen nga Garda","gt_translate_keys":[{"key":"rendered","format":"text"}]},"content":{"rendered":"<p><span style=\"color: #000000;\"><img loading=\"lazy\" decoding=\"async\" class=\"aligncenter size-full wp-image-701779\" src=\"https:\/\/www.hashtag.al\/wp-content\/uploads\/2024\/10\/Capture-54.jpg\" alt=\"\" width=\"911\" height=\"523\" srcset=\"https:\/\/www.hashtag.al\/wp-content\/uploads\/2024\/10\/Capture-54.jpg 911w, https:\/\/www.hashtag.al\/wp-content\/uploads\/2024\/10\/Capture-54-300x172.jpg 300w, https:\/\/www.hashtag.al\/wp-content\/uploads\/2024\/10\/Capture-54-768x441.jpg 768w, https:\/\/www.hashtag.al\/wp-content\/uploads\/2024\/10\/Capture-54-250x145.jpg 250w\" sizes=\"auto, (max-width: 911px) 100vw, 911px\" \/><\/span><\/p>\n<p><span style=\"color: #000000;\">Deputet\u00ebt e p\u00ebrjashtuar t\u00eb PD-s\u00eb jan\u00eb ndaluar t\u00eb hyjn\u00eb n\u00eb sall\u00ebn e Kuvendit teksa efektiv\u00eb t\u00eb Gard\u00ebs kan\u00eb bllokuar hyrjen. 24 deputet\u00eb e opozit\u00ebs jan\u00eb p\u00ebrjashtuar nga Sekretariati i Etik\u00ebs lidhur me kaosin n\u00eb Kuvend seanc\u00ebn e shkuar pas djegies s\u00eb karrigeve e prishjes s\u00eb disa pajisjeve elektronike brenda sall\u00ebs. <\/span><\/p>\n<p><span style=\"color: #000000;\">Kuvendi do nis\u00eb seanc\u00ebn plenare n\u00eb or\u00ebn 10:00. Deputet\u00ebt e PD-s\u00eb kan\u00eb deklaruar se nuk do lejojn\u00eb punimet normale t\u00eb Kuvendit nd\u00ebrsa kan\u00eb paralajm\u00ebruar aksion komb\u00ebtar pas burgosjes me nj\u00eb vit t\u00eb deputetit Ervin Salianji.<\/span><\/p>\n<p><span style=\"color: #000000;\">Sekretari i P\u00ebrgjithsh\u00ebm i PD-s\u00eb Noka, kreu i grupit parlamentar Bardhi e deputeti Nallbati jan\u00eb d\u00ebnuar me nga 60 dit\u00eb p\u00ebrjashtim. Nd\u00ebrsa 20 deputet\u00eb t\u00eb tjer\u00eb jan\u00eb d\u00ebnura me nga 40 dit\u00eb.<\/span><\/p>\n<p><span style=\"color: #000000;\"><strong>24 deputet\u00ebt e PD t\u00eb p\u00ebrjashtuar<\/strong><\/span><\/p>\n<p><span style=\"color: #000000;\">1.Gazment Bardhi\u00a0\u00a0\u00a0 &#8211;\u00a0 60 dit\u00eb i p\u00ebrjashtuar<\/span><\/p>\n<p><span style=\"color: #000000;\">2.Flamur Noka\u00a0\u00a0\u00a0\u00a0\u00a0\u00a0\u00a0\u00a0 &#8211;\u00a0 60 dit\u00eb i p\u00ebrjashtuar<\/span><\/p>\n<p><span style=\"color: #000000;\">3.Bledion Nallbati\u00a0\u00a0\u00a0 &#8211;\u00a0\u00a0 60 dit\u00eb i p\u00ebrjashtuar<\/span><\/p>\n<p><span style=\"color: #000000;\">4.Edi Paloka\u00a0\u00a0\u00a0\u00a0\u00a0\u00a0\u00a0\u00a0\u00a0\u00a0\u00a0 &#8211; 10 dit\u00eb i p\u00ebrjashtuar\u00a0\u00a0<\/span><\/p>\n<p><span style=\"color: #000000;\">5.Saimir Korreshi\u00a0\u00a0\u00a0\u00a0 &#8211;\u00a0 40 dit\u00eb i p\u00ebrjashtuar<\/span><\/p>\n<p><span style=\"color: #000000;\">6.Lefter G\u00ebshtenja\u00a0\u00a0 &#8211;\u00a0 40 dit\u00eb i p\u00ebrjashtuar<\/span><\/p>\n<p><span style=\"color: #000000;\">7.Luan Ba\u00e7i &#8211;\u00a0\u00a0\u00a0\u00a0\u00a0\u00a0\u00a0\u00a0\u00a0\u00a0\u00a0\u00a0 &#8211; 40 dit\u00eb i p\u00ebrjashtuar<\/span><\/p>\n<p><span style=\"color: #000000;\">8.Agron Gjekmarkaj &#8211;\u00a0 40 dit\u00eb i p\u00ebrjashtuar<\/span><\/p>\n<p><span style=\"color: #000000;\">9.Dhurata \u00c7upi &#8211;\u00a0\u00a0\u00a0\u00a0\u00a0\u00a0\u00a0 &#8211; 40 dit\u00eb i p\u00ebrjashtuar<\/span><\/p>\n<p><span style=\"color: #000000;\">10.Xhelal Mziu\u00a0\u00a0\u00a0\u00a0\u00a0\u00a0\u00a0\u00a0\u00a0\u00a0 &#8211; 40 dit\u00eb i p\u00ebrjashtuar<\/span><\/p>\n<p><span style=\"color: #000000;\">11.Ina Zhupa\u00a0\u00a0\u00a0\u00a0\u00a0\u00a0\u00a0\u00a0\u00a0\u00a0\u00a0\u00a0 &#8211;\u00a0 40 dit\u00eb i p\u00ebrjashtuar<\/span><\/p>\n<p><span style=\"color: #000000;\">12.Zheni Gjergji\u00a0\u00a0\u00a0\u00a0\u00a0\u00a0\u00a0 &#8211;\u00a0 40 dit\u00eb i p\u00ebrjashtuar<\/span><\/p>\n<p><span style=\"color: #000000;\">13.Helidon Bushati\u00a0\u00a0 &#8211;\u00a0 40 dit\u00eb i p\u00ebrjashtuar<\/span><\/p>\n<p><span style=\"color: #000000;\">14.Lindita Metaliaj\u00a0\u00a0\u00a0 &#8211;\u00a0 40 dit\u00eb i p\u00ebrjashtuar<\/span><\/p>\n<p><span style=\"color: #000000;\">15.Ramadan Lika\u00a0\u00a0\u00a0\u00a0 &#8211;\u00a0 40 dit\u00eb i p\u00ebrjashtuar<\/span><\/p>\n<p><span style=\"color: #000000;\">16.Asllan Dogjani\u00a0\u00a0\u00a0 &#8211;\u00a0\u00a0 40 dit\u00eb i p\u00ebrjashtuar<\/span><\/p>\n<p><span style=\"color: #000000;\">17.Qani Xhafa\u00a0\u00a0\u00a0\u00a0\u00a0\u00a0\u00a0\u00a0\u00a0 &#8211;\u00a0 40 dit\u00eb i p\u00ebrjashtuar<\/span><\/p>\n<p><span style=\"color: #000000;\">18.Flamur Hoxha\u00a0\u00a0\u00a0\u00a0 &#8211;\u00a0 40 dit\u00eb i p\u00ebrjashtuar<\/span><\/p>\n<p><span style=\"color: #000000;\">19.Isuf \u00c7ela\u00a0\u00a0\u00a0\u00a0\u00a0\u00a0\u00a0\u00a0\u00a0\u00a0\u00a0\u00a0 &#8211;\u00a0 40 dit\u00eb i p\u00ebrjashtuar<\/span><\/p>\n<p><span style=\"color: #000000;\">20.Kastriot Piroli\u00a0\u00a0\u00a0\u00a0 &#8211;\u00a0 40 dit\u00eb i p\u00ebrjashtuar<\/span><\/p>\n<p><span style=\"color: #000000;\">21.Lodovik Hasani\u00a0 &#8211;\u00a0 40 dit\u00eb i p\u00ebrjashtuar<\/span><\/p>\n<p><span style=\"color: #000000;\">22.Kasem Mahmutaj-\u00a0 40 dit\u00eb i p\u00ebrjashtuar<\/span><\/p>\n<p><span style=\"color: #000000;\">23.Edmond Spaho &#8211;\u00a0\u00a0\u00a0 40 dit\u00eb i p\u00ebrjashtuar<\/span><\/p>\n<p><span style=\"color: #000000;\">24.Dashnor Sula\u00a0\u00a0 &#8211;\u00a0\u00a0\u00a0\u00a0 40 dit\u00eb i p\u00ebrjashtuar<\/span><\/p>\n","protected":false,"gt_translate_keys":[{"key":"rendered","format":"html"}]},"excerpt":{"rendered":"<p>Deputet\u00ebt e p\u00ebrjashtuar t\u00eb PD-s\u00eb jan\u00eb ndaluar t\u00eb hyjn\u00eb n\u00eb sall\u00ebn e Kuvendit teksa efektiv\u00eb t\u00eb Gard\u00ebs kan\u00eb bllokuar hyrjen. 24 deputet\u00eb e opozit\u00ebs jan\u00eb p\u00ebrjashtuar nga Sekretariati i Etik\u00ebs lidhur me kaosin n\u00eb Kuvend seanc\u00ebn e shkuar pas djegies s\u00eb karrigeve e prishjes s\u00eb disa pajisjeve elektronike brenda sall\u00ebs. Kuvendi do nis\u00eb seanc\u00ebn plenare [&hellip;]<\/p>\n","protected":false,"gt_translate_keys":[{"key":"rendered","format":"html"}]},"author":51,"featured_media":701779,"comment_status":"closed","ping_status":"open","sticky":false,"template":"","format":"standard","meta":{"footnotes":""},"categories":[65],"tags":[],"class_list":["post-701778","post","type-post","status-publish","format-standard","has-post-thumbnail","hentry","category-lajme"],"gt_translate_keys":[{"key":"link","format":"url"}],"_links":{"self":[{"href":"https:\/\/www.hashtag.al\/index.php\/wp-json\/wp\/v2\/posts\/701778","targetHints":{"allow":["GET"]}}],"collection":[{"href":"https:\/\/www.hashtag.al\/index.php\/wp-json\/wp\/v2\/posts"}],"about":[{"href":"https:\/\/www.hashtag.al\/index.php\/wp-json\/wp\/v2\/types\/post"}],"author":[{"embeddable":true,"href":"https:\/\/www.hashtag.al\/index.php\/wp-json\/wp\/v2\/users\/51"}],"replies":[{"embeddable":true,"href":"https:\/\/www.hashtag.al\/index.php\/wp-json\/wp\/v2\/comments?post=701778"}],"version-history":[{"count":0,"href":"https:\/\/www.hashtag.al\/index.php\/wp-json\/wp\/v2\/posts\/701778\/revisions"}],"wp:featuredmedia":[{"embeddable":true,"href":"https:\/\/www.hashtag.al\/index.php\/wp-json\/wp\/v2\/media\/701779"}],"wp:attachment":[{"href":"https:\/\/www.hashtag.al\/index.php\/wp-json\/wp\/v2\/media?parent=701778"}],"wp:term":[{"taxonomy":"category","embeddable":true,"href":"https:\/\/www.hashtag.al\/index.php\/wp-json\/wp\/v2\/categories?post=701778"},{"taxonomy":"post_tag","embeddable":true,"href":"https:\/\/www.hashtag.al\/index.php\/wp-json\/wp\/v2\/tags?post=701778"}],"curies":[{"name":"wp","href":"https:\/\/api.w.org\/{rel}","templated":true}]}}