{"id":701650,"date":"2024-10-02T13:31:52","date_gmt":"2024-10-02T11:31:52","guid":{"rendered":"https:\/\/www.hashtag.al\/?p=701650"},"modified":"2024-10-02T13:31:52","modified_gmt":"2024-10-02T11:31:52","slug":"aktet-e-opozites-ne-kuvend-ministri-manja-i-kane-hyre-nje-rruge-pa-krye","status":"publish","type":"post","link":"https:\/\/www.hashtag.al\/index.php\/2024\/10\/02\/aktet-e-opozites-ne-kuvend-ministri-manja-i-kane-hyre-nje-rruge-pa-krye\/","title":{"rendered":"Aktet e opozit\u00ebs n\u00eb Kuvend\/ Ministri Manja: I kan\u00eb hyr\u00eb nj\u00eb rruge pa krye","gt_translate_keys":[{"key":"rendered","format":"text"}]},"content":{"rendered":"<p><span style=\"color: #000000;\"><a href=\"https:\/\/www.hashtag.al\/wp-content\/uploads\/2024\/10\/Capture-39-1.jpg\"><img loading=\"lazy\" decoding=\"async\" class=\"aligncenter size-full wp-image-701651\" src=\"https:\/\/www.hashtag.al\/wp-content\/uploads\/2024\/10\/Capture-39-1.jpg\" alt=\"\" width=\"1061\" height=\"644\" srcset=\"https:\/\/www.hashtag.al\/wp-content\/uploads\/2024\/10\/Capture-39-1.jpg 1061w, https:\/\/www.hashtag.al\/wp-content\/uploads\/2024\/10\/Capture-39-1-300x182.jpg 300w, https:\/\/www.hashtag.al\/wp-content\/uploads\/2024\/10\/Capture-39-1-1024x622.jpg 1024w, https:\/\/www.hashtag.al\/wp-content\/uploads\/2024\/10\/Capture-39-1-768x466.jpg 768w\" sizes=\"auto, (max-width: 1061px) 100vw, 1061px\" \/><\/a><\/span><\/p>\n<p><span style=\"color: #000000;\">Ministri Ulsi Manja, n\u00eb p\u00ebrfundim t\u00eb mbledhjes s\u00eb K\u00ebshillit t\u00eb Ministrave, ka komentuar edhe at\u00eb q\u00eb ndodhu t\u00eb h\u00ebn\u00ebn n\u00eb Kuvend dhe k\u00ebrkes\u00ebn e PD p\u00ebr qeveri teknike.<\/span><\/p>\n<p><span style=\"color: #000000;\">Ai u shpreh se hallet e shqiptar\u00ebt nuk zgjidhen me mosbindje civile ndaj drejt\u00ebsis\u00eb, duke shtuar se ata q\u00eb kan\u00eb zgjedhur k\u00ebt\u00eb m\u00ebnyr\u00eb, i kan\u00eb hyr\u00eb nj\u00eb rruge pa krye.<\/span><\/p>\n<p><span style=\"color: #000000;\"><em>\u00a0\u201cShqip\u00ebria n\u00eb rrug\u00eb pa kthim, p\u00ebr integrimin n\u00eb BE. Kjo \u00ebsht\u00eb sfid\u00eb p\u00ebr ne, shqiptar\u00ebt kan\u00eb probleme q\u00eb k\u00ebrkojn\u00eb zgjidhje q\u00eb vijn\u00eb me pun\u00eb, objektiva t\u00eb qart\u00eb, dhe nuk besoj se ka rrug\u00eb tjet\u00ebr pa kthim p\u00ebrve\u00e7 k\u00ebsaj. Shqiptar\u00ebt presin shkurtimi e rrug\u00ebs p\u00ebr t\u2019u an\u00ebtar\u00eb me t\u00eb drejta t\u00eb plot n\u00eb BE.<\/em><\/span><\/p>\n<p><span style=\"color: #000000;\"><em>Rruga tjet\u00ebr \u00ebsht\u00eb pa kthim e pa krye.<\/em><\/span><\/p>\n<p><span style=\"color: #000000;\"><em>Hallet e shqiptar\u00ebt nuk zgjidhen me mosbindje civile ndaj drejt\u00ebsis\u00eb.<\/em><\/span><\/p>\n<p><span style=\"color: #000000;\"><em>Nuk njoh mosbindje q\u00eb shkon n\u00eb djegie dhe dhun\u00eb fizike.<\/em><\/span><\/p>\n<p><span style=\"color: #000000;\"><em>Rrug\u00eb pa krye p\u00ebr ata q\u00eb kan\u00eb marr\u00eb p\u00ebrsip\u00ebr ta b\u00ebjn\u00eb, por q\u00eb nuk u sh\u00ebrben as Shqip\u00ebris\u00eb e as shqiptar\u00ebve\u201d,<\/em> tha ai.<\/span><\/p>\n","protected":false,"gt_translate_keys":[{"key":"rendered","format":"html"}]},"excerpt":{"rendered":"<p>Ministri Ulsi Manja, n\u00eb p\u00ebrfundim t\u00eb mbledhjes s\u00eb K\u00ebshillit t\u00eb Ministrave, ka komentuar edhe at\u00eb q\u00eb ndodhu t\u00eb h\u00ebn\u00ebn n\u00eb Kuvend dhe k\u00ebrkes\u00ebn e PD p\u00ebr qeveri teknike. Ai u shpreh se hallet e shqiptar\u00ebt nuk zgjidhen me mosbindje civile ndaj drejt\u00ebsis\u00eb, duke shtuar se ata q\u00eb kan\u00eb zgjedhur k\u00ebt\u00eb m\u00ebnyr\u00eb, i kan\u00eb hyr\u00eb nj\u00eb [&hellip;]<\/p>\n","protected":false,"gt_translate_keys":[{"key":"rendered","format":"html"}]},"author":32,"featured_media":701651,"comment_status":"closed","ping_status":"open","sticky":false,"template":"","format":"standard","meta":{"footnotes":""},"categories":[65],"tags":[],"class_list":["post-701650","post","type-post","status-publish","format-standard","has-post-thumbnail","hentry","category-lajme"],"gt_translate_keys":[{"key":"link","format":"url"}],"_links":{"self":[{"href":"https:\/\/www.hashtag.al\/index.php\/wp-json\/wp\/v2\/posts\/701650","targetHints":{"allow":["GET"]}}],"collection":[{"href":"https:\/\/www.hashtag.al\/index.php\/wp-json\/wp\/v2\/posts"}],"about":[{"href":"https:\/\/www.hashtag.al\/index.php\/wp-json\/wp\/v2\/types\/post"}],"author":[{"embeddable":true,"href":"https:\/\/www.hashtag.al\/index.php\/wp-json\/wp\/v2\/users\/32"}],"replies":[{"embeddable":true,"href":"https:\/\/www.hashtag.al\/index.php\/wp-json\/wp\/v2\/comments?post=701650"}],"version-history":[{"count":0,"href":"https:\/\/www.hashtag.al\/index.php\/wp-json\/wp\/v2\/posts\/701650\/revisions"}],"wp:featuredmedia":[{"embeddable":true,"href":"https:\/\/www.hashtag.al\/index.php\/wp-json\/wp\/v2\/media\/701651"}],"wp:attachment":[{"href":"https:\/\/www.hashtag.al\/index.php\/wp-json\/wp\/v2\/media?parent=701650"}],"wp:term":[{"taxonomy":"category","embeddable":true,"href":"https:\/\/www.hashtag.al\/index.php\/wp-json\/wp\/v2\/categories?post=701650"},{"taxonomy":"post_tag","embeddable":true,"href":"https:\/\/www.hashtag.al\/index.php\/wp-json\/wp\/v2\/tags?post=701650"}],"curies":[{"name":"wp","href":"https:\/\/api.w.org\/{rel}","templated":true}]}}