{"id":701634,"date":"2024-10-02T11:46:17","date_gmt":"2024-10-02T09:46:17","guid":{"rendered":"https:\/\/www.hashtag.al\/?p=701634"},"modified":"2024-10-02T11:56:58","modified_gmt":"2024-10-02T09:56:58","slug":"mandati-i-olta-xhackes-grupi-parlaentar-i-pd-se-kallezon-ne-spak-ramen-e-deputetet-socialiste","status":"publish","type":"post","link":"https:\/\/www.hashtag.al\/index.php\/2024\/10\/02\/mandati-i-olta-xhackes-grupi-parlaentar-i-pd-se-kallezon-ne-spak-ramen-e-deputetet-socialiste\/","title":{"rendered":"Mandati i Olta Xha\u00e7k\u00ebs, grupi parlamentar i PD-s\u00eb kall\u00ebzon n\u00eb SPAK Ram\u00ebn e deputet\u00ebt socialist\u00eb","gt_translate_keys":[{"key":"rendered","format":"text"}]},"content":{"rendered":"<p><img loading=\"lazy\" decoding=\"async\" class=\"aligncenter size-full wp-image-701637\" src=\"https:\/\/www.hashtag.al\/wp-content\/uploads\/2024\/10\/xhackapd.jpg\" alt=\"\" width=\"2000\" height=\"1000\" srcset=\"https:\/\/www.hashtag.al\/wp-content\/uploads\/2024\/10\/xhackapd.jpg 2000w, https:\/\/www.hashtag.al\/wp-content\/uploads\/2024\/10\/xhackapd-300x150.jpg 300w, https:\/\/www.hashtag.al\/wp-content\/uploads\/2024\/10\/xhackapd-1024x512.jpg 1024w, https:\/\/www.hashtag.al\/wp-content\/uploads\/2024\/10\/xhackapd-768x384.jpg 768w, https:\/\/www.hashtag.al\/wp-content\/uploads\/2024\/10\/xhackapd-1536x768.jpg 1536w\" sizes=\"auto, (max-width: 2000px) 100vw, 2000px\" \/><\/p>\n<p><span style=\"color: #000000;\">Grupi parlamentar i PD-s\u00eb ka kall\u00ebzuar n\u00eb SPAK 73 deputet\u00ebt e PS-s\u00eb, kryeministrin Rama, kryetaren e Kuvendit Spiropali si dhe disa ministra. <\/span><\/p>\n<p><span style=\"color: #000000;\">Ata akuzohen p\u00ebr \u201cpengim t\u00eb ekzekutimit t\u00eb vendimeve t\u00eb gjykat\u00ebs\u201d dhe \u201cmosekzekutim pa shkaqe t\u00eb p\u00ebrligjura t\u00eb vendimit t\u00eb gjykat\u00ebs\u201d, lidhur me mandatin e deputetes e ish-ministres socialiste Olta Xha\u00e7ka.<\/span><\/p>\n<p><span style=\"color: #000000;\">Ata e cil\u00ebsojn\u00eb t\u00eb papranueshme mbrojtjen politike dhe vot\u00ebn e deputet\u00ebve socialist\u00eb p\u00ebr t\u00eb shp\u00ebrfillur vendimin e Gjykat\u00ebs Kushtetuese p\u00ebr mandatin e Xha\u00e7k\u00ebs.<\/span><\/p>\n<p><span style=\"color: #000000;\"><em>\u201cNeni 81 i ligjit nr. 8577\/2000 \u201cP\u00ebr organizimin dhe funksionimin e Gjykat\u00ebs Kushtetuese\u201d specifikon se: \u201c1. Vendimet e Gjykat\u00ebs Kushtetuese jan\u00eb t\u00eb detyrueshme p\u00ebr zbatim. \u20264. Moszbatimi ose pengimi i ekzekutimit t\u00eb vendimit t\u00eb Gjykat\u00ebs Kushtetuese d\u00ebnohet sipas dispozitave p\u00ebrkat\u00ebse t\u00eb Kodit Penal.\u201d. Kodi Penal i Republik\u00ebs s\u00eb Shqip\u00ebris\u00eb ka parashikuar dy vepra penale, q\u00eb t\u00eb garantuar zbatimin e vendimeve gjyq\u00ebsore. Konkretisht, neni 320 i Kodit Penal parashikon se kryerja e veprimeve t\u00eb b\u00ebra me q\u00ebllim q\u00eb t\u00eb mos ekzekutohet ose pengohet ekzekutimi i vendimit gjyq\u00ebsor, p\u00ebrb\u00ebn kund\u00ebrvajtje penale dhe d\u00ebnohet me gjob\u00eb ose me burgim gjer n\u00eb dy vjet.\u201d. Nd\u00ebrkoh\u00eb neni 320\/a i Kodit Penal parashikon se mosekzekutimi pa shkaqe t\u00eb p\u00ebrligjura i nj\u00eb vendimi t\u00eb gjykat\u00ebs, nga punonj\u00ebsi i ngarkuar me ekzekutimin e vendimeve, dhe kur kjo vep\u00ebr kryhet p\u00ebr t\u00eb favorizuar persona q\u00eb kan\u00eb interes p\u00ebr mosekzekutimin e vendimit, d\u00ebnohet me gjob\u00eb ose me burgim gjer n\u00eb tre vjet\u201d<\/em>, thuhet nd\u00ebr t\u00eb tjera n\u00eb kall\u00ebzimin e grupit t\u00eb PD-s\u00eb.<\/span><\/p>\n<p><span style=\"color: #000000;\"><em>\u201cN\u00eb k\u00ebt\u00eb kuptim, deputet\u00ebt e kall\u00ebzuar nga ana jon\u00eb, p\u00ebrmes vendimeve nr. 41\/2024 dhe 90\/2024 t\u00eb shumic\u00ebs n\u00eb Kuvendin e Shqip\u00ebris\u00eb, kan\u00eb kryer veprime aktive me q\u00ebllim q\u00eb t\u00eb mos ekzekutohet apo pengohet ekzekutimi i dy vendimeve t\u00eb Gjykat\u00ebs Kushtetuese nr. 1\/2023 dhe 55\/2024. Ky mosekzekutim \u00ebsht\u00eb b\u00ebr\u00eb pa shkaqe t\u00eb p\u00ebrligjura, edhe pse ato shprehimisht kan\u00eb qen\u00eb t\u00eb ngarkuara nga Gjykata Kushtetuese me ekzekutimin e k\u00ebtyre vendimeve gjyq\u00ebsore, me q\u00ebllim favorizimin e koleges s\u00eb tyre Olta Xha\u00e7ka, q\u00eb ka interes personal p\u00ebr mosekzekutimin e k\u00ebtij vendimi\u201d,<\/em> vijon kall\u00ebzimi.<\/span><\/p>\n<p><img loading=\"lazy\" decoding=\"async\" class=\"aligncenter size-full wp-image-701635\" src=\"https:\/\/www.hashtag.al\/wp-content\/uploads\/2024\/10\/kallezimi-grupi-i-pd-2.jpeg\" alt=\"\" width=\"906\" height=\"1280\" srcset=\"https:\/\/www.hashtag.al\/wp-content\/uploads\/2024\/10\/kallezimi-grupi-i-pd-2.jpeg 906w, https:\/\/www.hashtag.al\/wp-content\/uploads\/2024\/10\/kallezimi-grupi-i-pd-2-212x300.jpeg 212w, https:\/\/www.hashtag.al\/wp-content\/uploads\/2024\/10\/kallezimi-grupi-i-pd-2-725x1024.jpeg 725w, https:\/\/www.hashtag.al\/wp-content\/uploads\/2024\/10\/kallezimi-grupi-i-pd-2-768x1085.jpeg 768w\" sizes=\"auto, (max-width: 906px) 100vw, 906px\" \/><\/p>\n<p><img loading=\"lazy\" decoding=\"async\" class=\"aligncenter size-full wp-image-701636\" src=\"https:\/\/www.hashtag.al\/wp-content\/uploads\/2024\/10\/kallezimi-grupi-i-pd-1.jpeg\" alt=\"\" width=\"960\" height=\"1280\" srcset=\"https:\/\/www.hashtag.al\/wp-content\/uploads\/2024\/10\/kallezimi-grupi-i-pd-1.jpeg 960w, https:\/\/www.hashtag.al\/wp-content\/uploads\/2024\/10\/kallezimi-grupi-i-pd-1-225x300.jpeg 225w, https:\/\/www.hashtag.al\/wp-content\/uploads\/2024\/10\/kallezimi-grupi-i-pd-1-768x1024.jpeg 768w\" sizes=\"auto, (max-width: 960px) 100vw, 960px\" \/><\/p>\n","protected":false,"gt_translate_keys":[{"key":"rendered","format":"html"}]},"excerpt":{"rendered":"<p>Grupi parlamentar i PD-s\u00eb ka kall\u00ebzuar n\u00eb SPAK 73 deputet\u00ebt e PS-s\u00eb, kryeministrin Rama, kryetaren e Kuvendit Spiropali si dhe disa ministra. Ata akuzohen p\u00ebr \u201cpengim t\u00eb ekzekutimit t\u00eb vendimeve t\u00eb gjykat\u00ebs\u201d dhe \u201cmosekzekutim pa shkaqe t\u00eb p\u00ebrligjura t\u00eb vendimit t\u00eb gjykat\u00ebs\u201d, lidhur me mandatin e deputetes e ish-ministres socialiste Olta Xha\u00e7ka. Ata e cil\u00ebsojn\u00eb [&hellip;]<\/p>\n","protected":false,"gt_translate_keys":[{"key":"rendered","format":"html"}]},"author":51,"featured_media":701637,"comment_status":"closed","ping_status":"open","sticky":false,"template":"","format":"standard","meta":{"footnotes":""},"categories":[65],"tags":[],"class_list":["post-701634","post","type-post","status-publish","format-standard","has-post-thumbnail","hentry","category-lajme"],"gt_translate_keys":[{"key":"link","format":"url"}],"_links":{"self":[{"href":"https:\/\/www.hashtag.al\/index.php\/wp-json\/wp\/v2\/posts\/701634","targetHints":{"allow":["GET"]}}],"collection":[{"href":"https:\/\/www.hashtag.al\/index.php\/wp-json\/wp\/v2\/posts"}],"about":[{"href":"https:\/\/www.hashtag.al\/index.php\/wp-json\/wp\/v2\/types\/post"}],"author":[{"embeddable":true,"href":"https:\/\/www.hashtag.al\/index.php\/wp-json\/wp\/v2\/users\/51"}],"replies":[{"embeddable":true,"href":"https:\/\/www.hashtag.al\/index.php\/wp-json\/wp\/v2\/comments?post=701634"}],"version-history":[{"count":0,"href":"https:\/\/www.hashtag.al\/index.php\/wp-json\/wp\/v2\/posts\/701634\/revisions"}],"wp:featuredmedia":[{"embeddable":true,"href":"https:\/\/www.hashtag.al\/index.php\/wp-json\/wp\/v2\/media\/701637"}],"wp:attachment":[{"href":"https:\/\/www.hashtag.al\/index.php\/wp-json\/wp\/v2\/media?parent=701634"}],"wp:term":[{"taxonomy":"category","embeddable":true,"href":"https:\/\/www.hashtag.al\/index.php\/wp-json\/wp\/v2\/categories?post=701634"},{"taxonomy":"post_tag","embeddable":true,"href":"https:\/\/www.hashtag.al\/index.php\/wp-json\/wp\/v2\/tags?post=701634"}],"curies":[{"name":"wp","href":"https:\/\/api.w.org\/{rel}","templated":true}]}}