{"id":701586,"date":"2024-10-02T08:12:20","date_gmt":"2024-10-02T06:12:20","guid":{"rendered":"https:\/\/www.hashtag.al\/?p=701586"},"modified":"2024-10-02T08:12:20","modified_gmt":"2024-10-02T06:12:20","slug":"zjarret-ne-greqi-shqiperia-dergon-ekipe-zjarrfikese","status":"publish","type":"post","link":"https:\/\/www.hashtag.al\/index.php\/2024\/10\/02\/zjarret-ne-greqi-shqiperia-dergon-ekipe-zjarrfikese\/","title":{"rendered":"Zjarret n\u00eb Greqi, Shqip\u00ebria d\u00ebrgon ekipe zjarrfik\u00ebse","gt_translate_keys":[{"key":"rendered","format":"text"}]},"content":{"rendered":"<p><img loading=\"lazy\" decoding=\"async\" class=\"aligncenter size-full wp-image-701587\" src=\"https:\/\/www.hashtag.al\/wp-content\/uploads\/2024\/10\/zjarrfikese.jpg\" alt=\"\" width=\"1280\" height=\"960\" srcset=\"https:\/\/www.hashtag.al\/wp-content\/uploads\/2024\/10\/zjarrfikese.jpg 1280w, https:\/\/www.hashtag.al\/wp-content\/uploads\/2024\/10\/zjarrfikese-300x225.jpg 300w, https:\/\/www.hashtag.al\/wp-content\/uploads\/2024\/10\/zjarrfikese-1024x768.jpg 1024w, https:\/\/www.hashtag.al\/wp-content\/uploads\/2024\/10\/zjarrfikese-768x576.jpg 768w\" sizes=\"auto, (max-width: 1280px) 100vw, 1280px\" \/><\/p>\n<p><span style=\"color: #000000;\">Shqip\u00ebria do d\u00ebrgoj\u00eb 30 zjarrfik\u00ebs dhe tre mjete zjarrfik\u00ebse n\u00eb Greqi pas ndihm\u00ebs s\u00eb k\u00ebrkuar nga Athina p\u00ebr t\u00eb v\u00ebn\u00eb n\u00ebn kontroll flak\u00ebt q\u00eb vijojn\u00eb prej tre dit\u00ebsh n\u00eb Xilocastro, Peloponez.<\/span><\/p>\n<p><span style=\"color: #000000;\">Ekipet nga Shqip\u00ebria do shkojn\u00eb n\u00eb Greqi si pjes\u00eb e mekanizmit evropian p\u00ebr p\u00ebrballimin e fatkeq\u00ebsive dhe do q\u00ebndrojn\u00eb n\u00eb Greqi deri n\u00eb stabilizimin e gjendjes.<\/span><\/p>\n","protected":false,"gt_translate_keys":[{"key":"rendered","format":"html"}]},"excerpt":{"rendered":"<p>Shqip\u00ebria do d\u00ebrgoj\u00eb 30 zjarrfik\u00ebs dhe tre mjete zjarrfik\u00ebse n\u00eb Greqi pas ndihm\u00ebs s\u00eb k\u00ebrkuar nga Athina p\u00ebr t\u00eb v\u00ebn\u00eb n\u00ebn kontroll flak\u00ebt q\u00eb vijojn\u00eb prej tre dit\u00ebsh n\u00eb Xilocastro, Peloponez. Ekipet nga Shqip\u00ebria do shkojn\u00eb n\u00eb Greqi si pjes\u00eb e mekanizmit evropian p\u00ebr p\u00ebrballimin e fatkeq\u00ebsive dhe do q\u00ebndrojn\u00eb n\u00eb Greqi deri n\u00eb stabilizimin [&hellip;]<\/p>\n","protected":false,"gt_translate_keys":[{"key":"rendered","format":"html"}]},"author":51,"featured_media":701587,"comment_status":"closed","ping_status":"open","sticky":false,"template":"","format":"standard","meta":{"footnotes":""},"categories":[65],"tags":[],"class_list":["post-701586","post","type-post","status-publish","format-standard","has-post-thumbnail","hentry","category-lajme"],"gt_translate_keys":[{"key":"link","format":"url"}],"_links":{"self":[{"href":"https:\/\/www.hashtag.al\/index.php\/wp-json\/wp\/v2\/posts\/701586","targetHints":{"allow":["GET"]}}],"collection":[{"href":"https:\/\/www.hashtag.al\/index.php\/wp-json\/wp\/v2\/posts"}],"about":[{"href":"https:\/\/www.hashtag.al\/index.php\/wp-json\/wp\/v2\/types\/post"}],"author":[{"embeddable":true,"href":"https:\/\/www.hashtag.al\/index.php\/wp-json\/wp\/v2\/users\/51"}],"replies":[{"embeddable":true,"href":"https:\/\/www.hashtag.al\/index.php\/wp-json\/wp\/v2\/comments?post=701586"}],"version-history":[{"count":0,"href":"https:\/\/www.hashtag.al\/index.php\/wp-json\/wp\/v2\/posts\/701586\/revisions"}],"wp:featuredmedia":[{"embeddable":true,"href":"https:\/\/www.hashtag.al\/index.php\/wp-json\/wp\/v2\/media\/701587"}],"wp:attachment":[{"href":"https:\/\/www.hashtag.al\/index.php\/wp-json\/wp\/v2\/media?parent=701586"}],"wp:term":[{"taxonomy":"category","embeddable":true,"href":"https:\/\/www.hashtag.al\/index.php\/wp-json\/wp\/v2\/categories?post=701586"},{"taxonomy":"post_tag","embeddable":true,"href":"https:\/\/www.hashtag.al\/index.php\/wp-json\/wp\/v2\/tags?post=701586"}],"curies":[{"name":"wp","href":"https:\/\/api.w.org\/{rel}","templated":true}]}}