{"id":701456,"date":"2024-10-01T11:54:25","date_gmt":"2024-10-01T09:54:25","guid":{"rendered":"https:\/\/www.hashtag.al\/?p=701456"},"modified":"2024-10-01T11:54:25","modified_gmt":"2024-10-01T09:54:25","slug":"shefi-i-blackrock-thote-se-evropa-ka-nevoje-per-treg-te-unifikuar-bankar","status":"publish","type":"post","link":"https:\/\/www.hashtag.al\/index.php\/2024\/10\/01\/shefi-i-blackrock-thote-se-evropa-ka-nevoje-per-treg-te-unifikuar-bankar\/","title":{"rendered":"Shefi i BlackRock thot\u00eb se Evropa ka nevoj\u00eb p\u00ebr treg t\u00eb unifikuar bankar","gt_translate_keys":[{"key":"rendered","format":"text"}]},"content":{"rendered":"<p><img loading=\"lazy\" decoding=\"async\" class=\"aligncenter size-full wp-image-701457\" src=\"https:\/\/www.hashtag.al\/wp-content\/uploads\/2024\/10\/1400x934-ezgif.com-webp-to-jpg-converter-e1727776449391.jpg\" alt=\"\" width=\"1400\" height=\"934\" srcset=\"https:\/\/www.hashtag.al\/wp-content\/uploads\/2024\/10\/1400x934-ezgif.com-webp-to-jpg-converter-e1727776449391.jpg 1400w, https:\/\/www.hashtag.al\/wp-content\/uploads\/2024\/10\/1400x934-ezgif.com-webp-to-jpg-converter-e1727776449391-300x200.jpg 300w, https:\/\/www.hashtag.al\/wp-content\/uploads\/2024\/10\/1400x934-ezgif.com-webp-to-jpg-converter-e1727776449391-1024x683.jpg 1024w, https:\/\/www.hashtag.al\/wp-content\/uploads\/2024\/10\/1400x934-ezgif.com-webp-to-jpg-converter-e1727776449391-768x512.jpg 768w\" sizes=\"auto, (max-width: 1400px) 100vw, 1400px\" \/><\/p>\n<p><span style=\"color: #000000;\">Shefi Ekzekutiv i BlackRock, Larry Fink, i k\u00ebrkoi Evrop\u00ebs t\u00eb vijoj\u00eb t\u00eb unifikoj\u00eb tregun e saj bankar, duke mos komentuar mbi nj\u00eb kombinim t\u00eb mundsh\u00ebm t\u00eb Commerzbank AG dhe UniCredit SpA.<\/span><\/p>\n<p><span style=\"color: #000000;\"><em>\u201cEvropa ka nevoj\u00eb p\u00ebr nj\u00eb sistem m\u00eb t\u00eb fort\u00eb t\u00eb tregjeve t\u00eb kapitalit dhe ka nevoj\u00eb p\u00ebr nj\u00eb sistem bankar m\u00eb t\u00eb unifikuar\u201d<\/em>, tha Fink n\u00eb nj\u00eb intervist\u00eb n\u00eb konferenc\u00ebn e Dialogut Global t\u00eb Berlinit t\u00eb mart\u00ebn, kur u pyet p\u00ebr pik\u00ebpamjet e tij mbi nj\u00eb bashkim t\u00eb mundsh\u00ebm t\u00eb dy huadh\u00ebn\u00ebsve.<\/span><\/p>\n<p><span style=\"color: #000000;\">Ai shtoi se nuk do d\u00ebshironte t\u00eb komentonte mbi \u201cndonj\u00eb veprimtari\u201d q\u00eb ndodh midis dy kompanive, ve\u00e7an\u00ebrisht pasi kompania e tij \u00ebsht\u00eb aksionere n\u00eb t\u00eb dyja. BlackRock \u00ebsht\u00eb investitori m\u00eb i madh i UniCredit dhe investitori i tret\u00eb m\u00eb i madh i Commerzbank.<\/span><\/p>\n<p><span style=\"color: #000000;\">Komentet nga kreu i menaxherit m\u00eb t\u00eb madh t\u00eb parave n\u00eb bot\u00eb vijn\u00eb pasi UniCredit s\u00eb fundmi rriti aksion n\u00eb 21% n\u00eb Commerzbank. Andrea Orcel,drejtor ekzekutiv i huadh\u00ebn\u00ebsit italian, ka th\u00ebn\u00eb se nj\u00eb blerje e plot\u00eb \u00ebsht\u00eb nj\u00eb mund\u00ebsi, duke e komentuar qasjen e tij si nj\u00eb &#8220;rast prov\u00eb p\u00ebr Evrop\u00ebn&#8221;.<\/span><\/p>\n<p><span style=\"color: #000000;\">Por m\u00ebnyra se si Unicredit rriti me shpejt\u00ebsi aksionet ka zem\u00ebruar qeverin\u00eb gjermane, e cila zot\u00ebron 12% n\u00eb Commerzbank. Kancelari Olaf Scholz e krahasoi at\u00eb me nj\u00eb veprim &#8220;jomiq\u00ebsor&#8221;. Italia ka mb\u00ebshtetur UniCredit dhe tha se nj\u00eb marr\u00ebveshje e mundshme do ishte n\u00eb p\u00ebrputhje me synimet e Bashkimit Evropian p\u00ebr rritjen e integrimit.<\/span><\/p>\n<p><span style=\"color: #000000;\">Drejtor\u00ebt e p\u00ebrgjithsh\u00ebm t\u00eb dy bankave, Orcel dhe Bettina Orlopp, pat\u00ebn nj\u00eb takim t\u00eb premten ku Orlopp shpjegoi strategjin\u00eb e saj p\u00ebr bank\u00ebn gjermane, ka raportuar Bloomberg.<\/span><\/p>\n","protected":false,"gt_translate_keys":[{"key":"rendered","format":"html"}]},"excerpt":{"rendered":"<p>Shefi Ekzekutiv i BlackRock, Larry Fink, i k\u00ebrkoi Evrop\u00ebs t\u00eb vijoj\u00eb t\u00eb unifikoj\u00eb tregun e saj bankar, duke mos komentuar mbi nj\u00eb kombinim t\u00eb mundsh\u00ebm t\u00eb Commerzbank AG dhe UniCredit SpA. \u201cEvropa ka nevoj\u00eb p\u00ebr nj\u00eb sistem m\u00eb t\u00eb fort\u00eb t\u00eb tregjeve t\u00eb kapitalit dhe ka nevoj\u00eb p\u00ebr nj\u00eb sistem bankar m\u00eb t\u00eb unifikuar\u201d, tha [&hellip;]<\/p>\n","protected":false,"gt_translate_keys":[{"key":"rendered","format":"html"}]},"author":51,"featured_media":701457,"comment_status":"closed","ping_status":"open","sticky":false,"template":"","format":"standard","meta":{"footnotes":""},"categories":[53],"tags":[],"class_list":["post-701456","post","type-post","status-publish","format-standard","has-post-thumbnail","hentry","category-fast-foodi"],"gt_translate_keys":[{"key":"link","format":"url"}],"_links":{"self":[{"href":"https:\/\/www.hashtag.al\/index.php\/wp-json\/wp\/v2\/posts\/701456","targetHints":{"allow":["GET"]}}],"collection":[{"href":"https:\/\/www.hashtag.al\/index.php\/wp-json\/wp\/v2\/posts"}],"about":[{"href":"https:\/\/www.hashtag.al\/index.php\/wp-json\/wp\/v2\/types\/post"}],"author":[{"embeddable":true,"href":"https:\/\/www.hashtag.al\/index.php\/wp-json\/wp\/v2\/users\/51"}],"replies":[{"embeddable":true,"href":"https:\/\/www.hashtag.al\/index.php\/wp-json\/wp\/v2\/comments?post=701456"}],"version-history":[{"count":0,"href":"https:\/\/www.hashtag.al\/index.php\/wp-json\/wp\/v2\/posts\/701456\/revisions"}],"wp:featuredmedia":[{"embeddable":true,"href":"https:\/\/www.hashtag.al\/index.php\/wp-json\/wp\/v2\/media\/701457"}],"wp:attachment":[{"href":"https:\/\/www.hashtag.al\/index.php\/wp-json\/wp\/v2\/media?parent=701456"}],"wp:term":[{"taxonomy":"category","embeddable":true,"href":"https:\/\/www.hashtag.al\/index.php\/wp-json\/wp\/v2\/categories?post=701456"},{"taxonomy":"post_tag","embeddable":true,"href":"https:\/\/www.hashtag.al\/index.php\/wp-json\/wp\/v2\/tags?post=701456"}],"curies":[{"name":"wp","href":"https:\/\/api.w.org\/{rel}","templated":true}]}}