{"id":701413,"date":"2024-10-01T08:05:55","date_gmt":"2024-10-01T06:05:55","guid":{"rendered":"https:\/\/www.hashtag.al\/?p=701413"},"modified":"2024-10-01T08:05:55","modified_gmt":"2024-10-01T06:05:55","slug":"okb-ja-duhet-te-lejoje-perdorimin-e-forces-kunder-izraelit-erdogan","status":"publish","type":"post","link":"https:\/\/www.hashtag.al\/index.php\/2024\/10\/01\/okb-ja-duhet-te-lejoje-perdorimin-e-forces-kunder-izraelit-erdogan\/","title":{"rendered":"OKB-ja duhet t\u00eb lejoj\u00eb p\u00ebrdorimin e forc\u00ebs kund\u00ebr Izraelit &#8211; Erdogan","gt_translate_keys":[{"key":"rendered","format":"text"}]},"content":{"rendered":"<p><img loading=\"lazy\" decoding=\"async\" class=\"aligncenter size-full wp-image-700389\" src=\"https:\/\/www.hashtag.al\/wp-content\/uploads\/2024\/09\/erdogan.jpg\" alt=\"\" width=\"768\" height=\"432\" srcset=\"https:\/\/www.hashtag.al\/wp-content\/uploads\/2024\/09\/erdogan.jpg 768w, https:\/\/www.hashtag.al\/wp-content\/uploads\/2024\/09\/erdogan-300x169.jpg 300w\" sizes=\"auto, (max-width: 768px) 100vw, 768px\" \/><\/p>\n<p><span style=\"color: #000000;\">Kombet e Bashkuara duhet t\u00eb p\u00ebrdorin autoritetin e tyre p\u00ebr t\u00eb thirrur p\u00ebrdorimin e forc\u00ebs s\u00eb armatosur p\u00ebr t\u00eb ndaluar luft\u00ebn e Izraelit n\u00eb Gaza, tha t\u00eb h\u00ebn\u00ebn presidenti turk Rexhep Tajip Erdogan. Ai kritikoi ashp\u00ebr operacionin izraelit n\u00eb enklav\u00ebn palestineze dhe sulmet ajrore n\u00eb Liban.<\/span><\/p>\n<p><span style=\"color: #000000;\">Pothuajse nj\u00eb milion civil\u00eb libanez\u00eb u zhvendos\u00ebn p\u00ebr shkak t\u00eb sulmeve izraelite, tha Erdogan pas nj\u00eb takimi t\u00eb kabinetit n\u00eb Ankara.<\/span><\/p>\n<p><span style=\"color: #000000;\">T\u00eb pakt\u00ebn 1,300 njer\u00ebz u vran\u00eb n\u00eb pak m\u00eb shum\u00eb se nj\u00eb jav\u00eb, sipas autoriteteve libaneze.<\/span><\/p>\n<p><span style=\"color: #000000;\"><em>\u201cT\u00eb ngrihesh p\u00ebr Palestin\u00ebn dhe Libanin do t\u00eb thot\u00eb t\u00eb ngrihesh p\u00ebr njer\u00ebzimin, p\u00ebr paqen, p\u00ebr kultur\u00ebn e bashk\u00ebjetes\u00ebs s\u00eb besimeve t\u00eb ndryshme\u201d<\/em>, tha kreu turk.<\/span><\/p>\n<p><span style=\"color: #000000;\">N\u00eb rastin e Gaz\u00ebs, autoriteti i Asambles\u00eb s\u00eb P\u00ebrgjithshme t\u00eb OKB-s\u00eb p\u00ebr t\u00eb rekomanduar p\u00ebrdorimin e forc\u00ebs, si n\u00eb rezolut\u00ebn e vitit 1950 &#8220;Bashkimi p\u00ebr Paqe&#8221;, duhet t\u00eb p\u00ebrdoret me shpejt\u00ebsi.<\/span><\/p>\n<p><span style=\"color: #000000;\">Rezoluta e vitit 1950 thot\u00eb se, n\u00ebse K\u00ebshilli i Sigurimit i OKB-s\u00eb nuk arrin t\u00eb ruaj\u00eb paqen nd\u00ebrkomb\u00ebtare, organizata mund t\u00eb rekomandoj\u00eb masa kolektive deri n\u00eb p\u00ebrdorimin e forc\u00ebs s\u00eb armatosur.<\/span><\/p>\n<p><span style=\"color: #000000;\">Erdogan akuzoi &#8220;nj\u00eb grusht ekstremist\u00ebsh radikal\u00eb sionist\u00eb&#8221; se i vun\u00eb zjarrin &#8220;rajonit dhe gjith\u00eb bot\u00ebs&#8221;. Bashk\u00ebsia nd\u00ebrkomb\u00ebtare dhe bota islame duhet &#8220;t\u00eb nd\u00ebrmarrin veprime p\u00ebr paqen e t\u00eb gjith\u00ebve n\u00eb rajonin ton\u00eb, musliman\u00ebve, hebrenjve dhe t\u00eb krishter\u00ebve nj\u00ebsoj,&#8221; k\u00ebrkoi ai.<\/span><\/p>\n<p><span style=\"color: #000000;\">Turqia nd\u00ebrpreu tregtin\u00eb me Izraelin n\u00eb fillim t\u00eb k\u00ebtij viti, duke premtuar se do t\u00eb vazhdoj\u00eb bojkotin derisa fluksi i ndihmave humanitare n\u00eb Gaz\u00ebn e rrethuar t\u00eb rivendoset plot\u00ebsisht. P\u00ebrve\u00e7 k\u00ebsaj, Ankaraja iu bashkua \u00e7\u00ebshtjes n\u00eb vazhdim t\u00eb Afrik\u00ebs s\u00eb Jugut kund\u00ebr Izraelit n\u00eb Gjykat\u00ebn Nd\u00ebrkomb\u00ebtare t\u00eb Drejt\u00ebsis\u00eb, e cila pretendonte se shteti hebre po kryente gjenocid kund\u00ebr palestinez\u00ebve n\u00eb Gaza.<\/span><\/p>\n","protected":false,"gt_translate_keys":[{"key":"rendered","format":"html"}]},"excerpt":{"rendered":"<p>Kombet e Bashkuara duhet t\u00eb p\u00ebrdorin autoritetin e tyre p\u00ebr t\u00eb thirrur p\u00ebrdorimin e forc\u00ebs s\u00eb armatosur p\u00ebr t\u00eb ndaluar luft\u00ebn e Izraelit n\u00eb Gaza, tha t\u00eb h\u00ebn\u00ebn presidenti turk Rexhep Tajip Erdogan. Ai kritikoi ashp\u00ebr operacionin izraelit n\u00eb enklav\u00ebn palestineze dhe sulmet ajrore n\u00eb Liban. Pothuajse nj\u00eb milion civil\u00eb libanez\u00eb u zhvendos\u00ebn p\u00ebr shkak [&hellip;]<\/p>\n","protected":false,"gt_translate_keys":[{"key":"rendered","format":"html"}]},"author":51,"featured_media":700389,"comment_status":"closed","ping_status":"open","sticky":false,"template":"","format":"standard","meta":{"footnotes":""},"categories":[53],"tags":[],"class_list":["post-701413","post","type-post","status-publish","format-standard","has-post-thumbnail","hentry","category-fast-foodi"],"gt_translate_keys":[{"key":"link","format":"url"}],"_links":{"self":[{"href":"https:\/\/www.hashtag.al\/index.php\/wp-json\/wp\/v2\/posts\/701413","targetHints":{"allow":["GET"]}}],"collection":[{"href":"https:\/\/www.hashtag.al\/index.php\/wp-json\/wp\/v2\/posts"}],"about":[{"href":"https:\/\/www.hashtag.al\/index.php\/wp-json\/wp\/v2\/types\/post"}],"author":[{"embeddable":true,"href":"https:\/\/www.hashtag.al\/index.php\/wp-json\/wp\/v2\/users\/51"}],"replies":[{"embeddable":true,"href":"https:\/\/www.hashtag.al\/index.php\/wp-json\/wp\/v2\/comments?post=701413"}],"version-history":[{"count":0,"href":"https:\/\/www.hashtag.al\/index.php\/wp-json\/wp\/v2\/posts\/701413\/revisions"}],"wp:featuredmedia":[{"embeddable":true,"href":"https:\/\/www.hashtag.al\/index.php\/wp-json\/wp\/v2\/media\/700389"}],"wp:attachment":[{"href":"https:\/\/www.hashtag.al\/index.php\/wp-json\/wp\/v2\/media?parent=701413"}],"wp:term":[{"taxonomy":"category","embeddable":true,"href":"https:\/\/www.hashtag.al\/index.php\/wp-json\/wp\/v2\/categories?post=701413"},{"taxonomy":"post_tag","embeddable":true,"href":"https:\/\/www.hashtag.al\/index.php\/wp-json\/wp\/v2\/tags?post=701413"}],"curies":[{"name":"wp","href":"https:\/\/api.w.org\/{rel}","templated":true}]}}