{"id":701375,"date":"2024-09-30T18:37:49","date_gmt":"2024-09-30T16:37:49","guid":{"rendered":"https:\/\/www.hashtag.al\/?p=701375"},"modified":"2024-09-30T18:39:33","modified_gmt":"2024-09-30T16:39:33","slug":"spiropali-aktet-ekstreme-te-dhunes-brenda-salles-e-kane-kthyer-kuvendin-ne-nje-skene-krimi","status":"publish","type":"post","link":"https:\/\/www.hashtag.al\/index.php\/2024\/09\/30\/spiropali-aktet-ekstreme-te-dhunes-brenda-salles-e-kane-kthyer-kuvendin-ne-nje-skene-krimi\/","title":{"rendered":"Spiropali: Aktet ekstreme t\u00eb dhun\u00ebs, e kan\u00eb kthyer Kuvendin n\u00eb nj\u00eb sken\u00eb krimi","gt_translate_keys":[{"key":"rendered","format":"text"}]},"content":{"rendered":"<p style=\"text-align: left;\"><span style=\"color: #000000;\"><img loading=\"lazy\" decoding=\"async\" class=\" wp-image-678209 aligncenter\" src=\"https:\/\/www.hashtag.al\/wp-content\/uploads\/2024\/05\/spiropali-1-300x173.jpg\" alt=\"\" width=\"806\" height=\"465\" srcset=\"https:\/\/www.hashtag.al\/wp-content\/uploads\/2024\/05\/spiropali-1-300x173.jpg 300w, https:\/\/www.hashtag.al\/wp-content\/uploads\/2024\/05\/spiropali-1-1024x591.jpg 1024w, https:\/\/www.hashtag.al\/wp-content\/uploads\/2024\/05\/spiropali-1-768x443.jpg 768w, https:\/\/www.hashtag.al\/wp-content\/uploads\/2024\/05\/spiropali-1-250x145.jpg 250w, https:\/\/www.hashtag.al\/wp-content\/uploads\/2024\/05\/spiropali-1.jpg 1092w\" sizes=\"auto, (max-width: 806px) 100vw, 806px\" \/><\/span><\/p>\n<p style=\"text-align: left;\"><span style=\"color: #000000;\">Pas incidenteve n\u00eb seanc\u00ebn e sotme parlamentare e cila zgjati vet\u00ebm 20 minuta, kryeparlamentarja Elisa Spiropali reagoi n\u00eb nj\u00eb postim n\u00eb rrjete sociale duke u shprehur se djegia e karrigeve nga deputet\u00ebt e opozit\u00ebs sot \u201cd\u00ebshmon nivelin m\u00eb ekstrem t\u00eb munges\u00ebs s\u00eb respektit p\u00ebr qytetar\u00ebt, ligjin dhe institucionet e shtetit demokratik\u201d.<ins id=\"revive-0-13\" data-revive-zoneid=\"426\" data-revive-id=\"865a9b17001ac752b0bc1ea1f790187c\" data-revive-seq=\"13\" data-revive-loaded=\"1\"><\/ins><\/span><\/p>\n<p style=\"text-align: left;\"><span style=\"color: #000000;\">Ajo u shpreh se zjarrv\u00ebnia e sotme, dhe aktet ekstreme t\u00eb dhun\u00ebs brenda sall\u00ebs, e kan\u00eb kthyer Kuvendin n\u00eb nj\u00eb sken\u00eb krimi, p\u00ebr t\u2019u marr\u00eb n\u00eb kqyrje nga organet ligjzbatuese.<\/span><\/p>\n<p style=\"text-align: left;\"><em><span style=\"color: #000000;\">\u201cKarriget tona jan\u00eb t\u00eb qytetar\u00ebve\u201d tha nj\u00eb deputet i opozit\u00ebs! Kjo \u00ebsht\u00eb shum\u00eb e v\u00ebrtet\u00eb dhe prandaj ato karrige jan\u00eb p\u00ebr t\u2019u respektuar duke u ulur mbi to me pesh\u00ebn e besimit t\u00eb marr\u00eb prej qytetar\u00ebve. Djegia e tyre d\u00ebshmon nivelin m\u00eb ekstrem t\u00eb munges\u00ebs s\u00eb respektit p\u00ebr qytetar\u00ebt, ligjin dhe institucionet e shtetit demokratik.<\/span><\/em><\/p>\n<p style=\"text-align: left;\"><em><span style=\"color: #000000;\">Fatkeq\u00ebsisht zjarrin mbi parlamentet e kan\u00eb v\u00ebn\u00eb vet\u00ebm p\u00ebrbuz\u00ebsit dhe shkat\u00ebrruesit m\u00eb t\u00eb m\u00ebdhenj t\u00eb demokracis\u00eb n\u00eb historin\u00eb e saj. <\/span><\/em><\/p>\n<p style=\"text-align: left;\"><em><span style=\"color: #000000;\">Edhe m\u00eb fatkeq\u00ebsisht zjarrv\u00ebnia e sotme, dhe aktet ekstreme t\u00eb dhun\u00ebs brenda sall\u00ebs, e kan\u00eb kthyer Kuvendin n\u00eb nj\u00eb sken\u00eb krimi, p\u00ebr t\u2019u marr\u00eb n\u00eb kqyrje nga organet ligjzbatuese.<\/span><\/em><br \/>\n<span style=\"color: #000000;\"><em>Keqardhje e thell\u00eb\u201d,<\/em> shkroi ajo.<\/span><\/p>\n<p><iframe loading=\"lazy\" style=\"border: none; overflow: hidden;\" src=\"https:\/\/www.facebook.com\/plugins\/post.php?href=https%3A%2F%2Fwww.facebook.com%2Fespiropali%2Fposts%2Fpfbid0iJQsxqTzbhDRukYQ8z7BLYXyuWWRgW6jJ9UnQS5b89jAmqctDotxNzbmV7ELxjzzl&amp;show_text=true&amp;width=500\" width=\"500\" height=\"789\" frameborder=\"0\" scrolling=\"no\" allowfullscreen=\"allowfullscreen\"><\/iframe><\/p>\n","protected":false,"gt_translate_keys":[{"key":"rendered","format":"html"}]},"excerpt":{"rendered":"<p>Pas incidenteve n\u00eb seanc\u00ebn e sotme parlamentare e cila zgjati vet\u00ebm 20 minuta, kryeparlamentarja Elisa Spiropali reagoi n\u00eb nj\u00eb postim n\u00eb rrjete sociale duke u shprehur se djegia e karrigeve nga deputet\u00ebt e opozit\u00ebs sot \u201cd\u00ebshmon nivelin m\u00eb ekstrem t\u00eb munges\u00ebs s\u00eb respektit p\u00ebr qytetar\u00ebt, ligjin dhe institucionet e shtetit demokratik\u201d. Ajo u shpreh se [&hellip;]<\/p>\n","protected":false,"gt_translate_keys":[{"key":"rendered","format":"html"}]},"author":49,"featured_media":678209,"comment_status":"closed","ping_status":"open","sticky":false,"template":"","format":"standard","meta":{"footnotes":""},"categories":[65],"tags":[],"class_list":["post-701375","post","type-post","status-publish","format-standard","has-post-thumbnail","hentry","category-lajme"],"gt_translate_keys":[{"key":"link","format":"url"}],"_links":{"self":[{"href":"https:\/\/www.hashtag.al\/index.php\/wp-json\/wp\/v2\/posts\/701375","targetHints":{"allow":["GET"]}}],"collection":[{"href":"https:\/\/www.hashtag.al\/index.php\/wp-json\/wp\/v2\/posts"}],"about":[{"href":"https:\/\/www.hashtag.al\/index.php\/wp-json\/wp\/v2\/types\/post"}],"author":[{"embeddable":true,"href":"https:\/\/www.hashtag.al\/index.php\/wp-json\/wp\/v2\/users\/49"}],"replies":[{"embeddable":true,"href":"https:\/\/www.hashtag.al\/index.php\/wp-json\/wp\/v2\/comments?post=701375"}],"version-history":[{"count":0,"href":"https:\/\/www.hashtag.al\/index.php\/wp-json\/wp\/v2\/posts\/701375\/revisions"}],"wp:featuredmedia":[{"embeddable":true,"href":"https:\/\/www.hashtag.al\/index.php\/wp-json\/wp\/v2\/media\/678209"}],"wp:attachment":[{"href":"https:\/\/www.hashtag.al\/index.php\/wp-json\/wp\/v2\/media?parent=701375"}],"wp:term":[{"taxonomy":"category","embeddable":true,"href":"https:\/\/www.hashtag.al\/index.php\/wp-json\/wp\/v2\/categories?post=701375"},{"taxonomy":"post_tag","embeddable":true,"href":"https:\/\/www.hashtag.al\/index.php\/wp-json\/wp\/v2\/tags?post=701375"}],"curies":[{"name":"wp","href":"https:\/\/api.w.org\/{rel}","templated":true}]}}