{"id":701311,"date":"2024-09-30T16:07:21","date_gmt":"2024-09-30T14:07:21","guid":{"rendered":"https:\/\/www.hashtag.al\/?p=701311"},"modified":"2024-09-30T16:07:21","modified_gmt":"2024-09-30T14:07:21","slug":"panamaja-fillon-deportimin-e-emigranteve-sipas-marreveshjes-me-shtetet-e-bashkuara","status":"publish","type":"post","link":"https:\/\/www.hashtag.al\/index.php\/2024\/09\/30\/panamaja-fillon-deportimin-e-emigranteve-sipas-marreveshjes-me-shtetet-e-bashkuara\/","title":{"rendered":"Panamaja fillon deportimin e emigrant\u00ebve, sipas marr\u00ebveshjes me Shtetet e Bashkuara","gt_translate_keys":[{"key":"rendered","format":"text"}]},"content":{"rendered":"<p><span style=\"color: #000000;\"><a href=\"https:\/\/www.hashtag.al\/wp-content\/uploads\/2024\/09\/Screenshot-2024-09-30-160254.png\"><img loading=\"lazy\" decoding=\"async\" class=\"aligncenter size-full wp-image-701312\" src=\"https:\/\/www.hashtag.al\/wp-content\/uploads\/2024\/09\/Screenshot-2024-09-30-160254.png\" alt=\"\" width=\"1190\" height=\"690\" srcset=\"https:\/\/www.hashtag.al\/wp-content\/uploads\/2024\/09\/Screenshot-2024-09-30-160254.png 1190w, https:\/\/www.hashtag.al\/wp-content\/uploads\/2024\/09\/Screenshot-2024-09-30-160254-300x174.png 300w, https:\/\/www.hashtag.al\/wp-content\/uploads\/2024\/09\/Screenshot-2024-09-30-160254-1024x594.png 1024w, https:\/\/www.hashtag.al\/wp-content\/uploads\/2024\/09\/Screenshot-2024-09-30-160254-768x445.png 768w, https:\/\/www.hashtag.al\/wp-content\/uploads\/2024\/09\/Screenshot-2024-09-30-160254-250x145.png 250w\" sizes=\"auto, (max-width: 1190px) 100vw, 1190px\" \/><\/a><\/span><\/p>\n<p><span style=\"color: #000000;\">N\u00eb kuadrin e nj\u00eb marr\u00ebveshjeje t\u00eb n\u00ebnshkruar n\u00eb korrik me Shtetet e Bashkuara, Panamaja ka filluar deportimin e emigrant\u00ebve q\u00eb hyjn\u00eb nga Kolumbia. Si\u00e7 njofton korrespondenti i Z\u00ebrit t\u00eb Amerik\u00ebs, Oscar Sulbaran, mbi gjysm\u00eb milion\u00eb emigrant\u00eb kaluan p\u00ebrmes Lugin\u00ebs Darien n\u00eb vitin 2023 me shpres\u00ebn se do t\u00eb arrijn\u00eb n\u00eb Shtetet e Bashkuara.<\/span><\/p>\n<p><span style=\"color: #000000;\">Gjat\u00eb vitit 2023, mbi gjysm\u00eb milioni emigrant\u00eb kaluan kufirin Kolumbi-Panama, n\u00ebp\u00ebrmjet nj\u00eb brezi xhungle prej 100 kilometrash n\u00eb Lugin\u00ebn Darien. Shumica e b\u00ebjn\u00eb k\u00ebt\u00eb udh\u00ebtim t\u00eb rreziksh\u00ebm me shpres\u00ebn se do t\u00eb arrijn\u00eb n\u00eb Shtetet e Bashkuara.<\/span><\/p>\n<p><span style=\"color: #000000;\">Presidenti i ri i Panamas\u00eb, Jose Mulino, premtoi gjat\u00eb fushat\u00ebs elektorale se do t\u00eb ndalte fluksin e emigrant\u00ebve dhe do t\u00eb deportonte ata q\u00eb hyjn\u00eb ilegalisht n\u00eb vend.<\/span><\/p>\n<p><span style=\"color: #000000;\"><em>\u201cNuk do t\u00eb lejoj q\u00eb Panamaja t\u00eb jet\u00eb nj\u00eb shteg i hapur p\u00ebr mij\u00ebra njer\u00ebz q\u00eb hyjn\u00eb n\u00eb vendin ton\u00eb ilegalisht, t\u00eb mb\u00ebshtetur nga nj\u00eb organizat\u00eb nd\u00ebrkomb\u00ebtare e lidhur me trafikun e drogave dhe qenieve njer\u00ebzore\u201d,<\/em> tha Presidenti Mulino.<\/span><\/p>\n<p><span style=\"color: #000000;\">Ai p\u00ebrmbushi premtimin e b\u00ebr\u00eb. Sapo mori detyr\u00ebn n\u00eb korrik, n\u00ebnshkroi nj\u00eb marr\u00ebveshje me Shtetet e Bashkuara q\u00eb p\u00ebrfshin nj\u00eb program p\u00ebr t\u2019i deportuar emigrant\u00ebt drejt vendeve t\u00eb tyre.<\/span><\/p>\n<p><span style=\"color: #000000;\">Roger Mojica \u00ebsht\u00eb drejtues i Sh\u00ebrbimit Komb\u00ebtar t\u00eb Emigracionit t\u00eb Panamas\u00eb<\/span><\/p>\n<p><span style=\"color: #000000;\"><em>\u201cProcesi i deportimit p\u00ebrfshin personat me t\u00eb kaluar kriminale n\u00eb vendet e tyre t\u00eb origjin\u00ebs dhe ata q\u00eb kan\u00eb hyr\u00eb n\u00eb vend n\u00eb m\u00ebnyr\u00eb t\u00eb parregullt. Kush kalon kufirin nga Kolumbia, e b\u00ebn k\u00ebt\u00eb pa autorizim, pasi Sh\u00ebrbimi Komb\u00ebtar i Emigracionit nuk ka pika kontrolli n\u00eb provinc\u00ebn Darien\u201d,<\/em> thot\u00eb zoti Mojica.<\/span><\/p>\n<p><span style=\"color: #000000;\">Panamaja filloi riatdhesimin e emigrant\u00ebve n\u00eb muajin gusht, me 29 shtetasit e par\u00eb kolumbian\u00eb, shumica me historik penal. Nj\u00eb avion i dyt\u00eb deportoi drejt Ekuadorit 30 persona t\u00eb tjer\u00eb.<\/span><\/p>\n<p><span style=\"color: #000000;\">Megjithat\u00eb, shumica e emigrant\u00ebve q\u00eb kalojn\u00eb Lugin\u00ebn Darien jan\u00eb venezuelian\u00eb. Megjithat\u00eb as Shtetet e Bashkuara dhe as Panamaja nuk mund t\u2019i riatdhesojn\u00eb ata, pasi kan\u00eb nd\u00ebrprer\u00eb marr\u00ebdh\u00ebniet diplomatike me Venezuel\u00ebn.<\/span><\/p>\n<p><span style=\"color: #000000;\">Emigrant\u00ebt q\u00eb kan\u00eb pasaporta mund t\u00eb aplikojn\u00eb p\u00ebr nj\u00eb program q\u00eb u lejon t\u00eb q\u00ebndrojn\u00eb p\u00ebrkoh\u00ebsisht n\u00eb Shtetet e Bashkuara. Por, pjesa m\u00eb e madhe nuk kualifikohen.<\/span><\/p>\n<p><span style=\"color: #000000;\">Marlen Pineiro mbulon Amerik\u00ebn Qendrore n\u00eb Departamentin amerikan t\u00eb Siguris\u00eb Komb\u00ebtare<\/span><\/p>\n<p><span style=\"color: #000000;\"><em>\u201cE dim\u00eb se disa prej tyre nuk kan\u00eb pasaporta, prandaj mund t\u00eb mos kualifikohen p\u00ebr k\u00ebt\u00eb program. Por po bisedojm\u00eb me disa vende ku ka siguri, duke k\u00ebrkuar ndihm\u00ebn e tyre q\u00eb t\u00eb ofrojn\u00eb rezidenc\u00eb t\u00eb p\u00ebrkohshme ose t\u00eb p\u00ebrhershme p\u00ebr disa nga k\u00ebto grupe emigrant\u00ebsh\u201d,<\/em> thot\u00eb zonja Pineiro.<\/span><\/p>\n<p><span style=\"color: #000000;\">N\u00eb shtator, Panamaja d\u00ebrgoi me avion 130 emigrant\u00eb t\u00eb paligjsh\u00ebm drejt Indis\u00eb dhe planifikon t\u00eb filloj\u00eb deportimin e emigrant\u00ebve t\u00eb parregullt edhe drejt Kin\u00ebs.<span style=\"color: #0000ff;\"><a style=\"color: #0000ff;\" href=\"https:\/\/www.zeriamerikes.com\/a\/7804537.html\">\/VOA<\/a><\/span><\/span><\/p>\n","protected":false,"gt_translate_keys":[{"key":"rendered","format":"html"}]},"excerpt":{"rendered":"<p>N\u00eb kuadrin e nj\u00eb marr\u00ebveshjeje t\u00eb n\u00ebnshkruar n\u00eb korrik me Shtetet e Bashkuara, Panamaja ka filluar deportimin e emigrant\u00ebve q\u00eb hyjn\u00eb nga Kolumbia. Si\u00e7 njofton korrespondenti i Z\u00ebrit t\u00eb Amerik\u00ebs, Oscar Sulbaran, mbi gjysm\u00eb milion\u00eb emigrant\u00eb kaluan p\u00ebrmes Lugin\u00ebs Darien n\u00eb vitin 2023 me shpres\u00ebn se do t\u00eb arrijn\u00eb n\u00eb Shtetet e Bashkuara. Gjat\u00eb vitit [&hellip;]<\/p>\n","protected":false,"gt_translate_keys":[{"key":"rendered","format":"html"}]},"author":32,"featured_media":701312,"comment_status":"closed","ping_status":"open","sticky":false,"template":"","format":"standard","meta":{"footnotes":""},"categories":[6],"tags":[],"class_list":["post-701311","post","type-post","status-publish","format-standard","has-post-thumbnail","hentry","category-nderkombetare"],"gt_translate_keys":[{"key":"link","format":"url"}],"_links":{"self":[{"href":"https:\/\/www.hashtag.al\/index.php\/wp-json\/wp\/v2\/posts\/701311","targetHints":{"allow":["GET"]}}],"collection":[{"href":"https:\/\/www.hashtag.al\/index.php\/wp-json\/wp\/v2\/posts"}],"about":[{"href":"https:\/\/www.hashtag.al\/index.php\/wp-json\/wp\/v2\/types\/post"}],"author":[{"embeddable":true,"href":"https:\/\/www.hashtag.al\/index.php\/wp-json\/wp\/v2\/users\/32"}],"replies":[{"embeddable":true,"href":"https:\/\/www.hashtag.al\/index.php\/wp-json\/wp\/v2\/comments?post=701311"}],"version-history":[{"count":0,"href":"https:\/\/www.hashtag.al\/index.php\/wp-json\/wp\/v2\/posts\/701311\/revisions"}],"wp:featuredmedia":[{"embeddable":true,"href":"https:\/\/www.hashtag.al\/index.php\/wp-json\/wp\/v2\/media\/701312"}],"wp:attachment":[{"href":"https:\/\/www.hashtag.al\/index.php\/wp-json\/wp\/v2\/media?parent=701311"}],"wp:term":[{"taxonomy":"category","embeddable":true,"href":"https:\/\/www.hashtag.al\/index.php\/wp-json\/wp\/v2\/categories?post=701311"},{"taxonomy":"post_tag","embeddable":true,"href":"https:\/\/www.hashtag.al\/index.php\/wp-json\/wp\/v2\/tags?post=701311"}],"curies":[{"name":"wp","href":"https:\/\/api.w.org\/{rel}","templated":true}]}}