{"id":701303,"date":"2024-09-30T16:02:55","date_gmt":"2024-09-30T14:02:55","guid":{"rendered":"https:\/\/www.hashtag.al\/?p=701303"},"modified":"2024-09-30T16:02:55","modified_gmt":"2024-09-30T14:02:55","slug":"irani-thote-se-nuk-do-te-dergoje-ushtare-per-ta-luftuar-izraelin","status":"publish","type":"post","link":"https:\/\/www.hashtag.al\/index.php\/2024\/09\/30\/irani-thote-se-nuk-do-te-dergoje-ushtare-per-ta-luftuar-izraelin\/","title":{"rendered":"Irani thot\u00eb se nuk do t\u00eb d\u00ebrgoj\u00eb ushtar\u00eb p\u00ebr ta luftuar Izraelin","gt_translate_keys":[{"key":"rendered","format":"text"}]},"content":{"rendered":"<p><span style=\"color: #000000;\"><a href=\"https:\/\/www.hashtag.al\/wp-content\/uploads\/2024\/09\/Screenshot-2024-09-30-152206.png\"><img loading=\"lazy\" decoding=\"async\" class=\"aligncenter size-full wp-image-701304\" src=\"https:\/\/www.hashtag.al\/wp-content\/uploads\/2024\/09\/Screenshot-2024-09-30-152206.png\" alt=\"\" width=\"1238\" height=\"650\" srcset=\"https:\/\/www.hashtag.al\/wp-content\/uploads\/2024\/09\/Screenshot-2024-09-30-152206.png 1238w, https:\/\/www.hashtag.al\/wp-content\/uploads\/2024\/09\/Screenshot-2024-09-30-152206-300x158.png 300w, https:\/\/www.hashtag.al\/wp-content\/uploads\/2024\/09\/Screenshot-2024-09-30-152206-1024x538.png 1024w, https:\/\/www.hashtag.al\/wp-content\/uploads\/2024\/09\/Screenshot-2024-09-30-152206-768x403.png 768w\" sizes=\"auto, (max-width: 1238px) 100vw, 1238px\" \/><\/a><\/span><\/p>\n<p><span style=\"color: #000000;\">Irani tha se nuk do t\u00eb d\u00ebrgoj\u00eb forca n\u00eb Liban ose n\u00eb Rripin e Gaz\u00ebs p\u00ebr t\u00eb luftuar kund\u00ebr Izraelit mes sulmeve t\u00eb intensifikuara ndaj Hezbollahut \u2013 nj\u00eb grup militant dhe parti politike e mb\u00ebshtetur nga Irani q\u00eb kontrollon pjes\u00ebn m\u00eb t\u00eb madhe t\u00eb jugut t\u00eb Libanit.<\/span><\/p>\n<p><span style=\"color: #000000;\">Nga sulmet e Izraelit n\u00eb Liban \u00ebsht\u00eb vrar\u00eb lideri i grupit militant, Hassan Nasrallah, dhe disa nga an\u00ebtar\u00ebt e tjer\u00eb t\u00eb lart\u00eb t\u00eb k\u00ebtij grupi, duke shtuar shqet\u00ebsimet se konflikti mund ta p\u00ebrfshij\u00eb t\u00eb gjith\u00eb rajonin.<\/span><\/p>\n<p><span style=\"color: #000000;\"><em>\u201cNuk ka nevoj\u00eb t\u00eb d\u00ebrgojm\u00eb forca shtes\u00eb ose vullnetare nga Republika Islamike e Iranit<\/em>\u201d, tha z\u00ebdh\u00ebn\u00ebsi i Ministris\u00eb s\u00eb Jashtme, Nasser Kanani, m\u00eb 30 shtator, duke shtuar se Libani dhe luft\u00ebtar\u00ebt n\u00eb territoret palestineze \u201ckan\u00eb aft\u00ebsin\u00eb dhe forc\u00ebn p\u00ebr ta mbrojtur veten kund\u00ebr agresionit\u201d.<\/span><\/p>\n<p><span style=\"color: #000000;\">Deklarata e Kananit erdhi pasi Naim Qassem, z\u00ebvend\u00ebsshefi i Hezbollahut \u2013 q\u00eb \u00ebsht\u00eb shpallur organizat\u00eb terroriste nga Shtetet e Bashkuara, nd\u00ebrsa Bashkimi Evropian e ka p\u00ebrfshir\u00eb vet\u00ebm krahun e tij t\u00eb armatosur n\u00eb list\u00ebn e zez\u00eb, por jo partin\u00eb politike \u2013 tha se nj\u00eb z\u00ebvend\u00ebsues p\u00ebr Nasrallah do t\u00eb gjendet \u201cshum\u00eb shpejt\u201d.<\/span><\/p>\n<p><span style=\"color: #000000;\">N\u00eb mesazh, ai tha se p\u00ebrzgjedhja do t\u00eb b\u00ebhej sipas procedurave t\u00eb rregullta t\u00eb Hezbollahut. Ai nuk dha detaje t\u00eb m\u00ebtejshme. Partia politike e Hezbollahut ka vende n\u00eb parlamentin libanez.<\/span><\/p>\n<p><span style=\"color: #000000;\">Nasrallah u vra jav\u00ebn e kaluar n\u00eb nj\u00eb sulm ajror izraelit n\u00eb qendr\u00ebn jugore t\u00eb komand\u00ebs s\u00eb Hezbollahut. Presidenti iranian, Masud Pezeshkian, vizitoi zyr\u00ebn e Hezbollahut n\u00eb Teheran m\u00eb 30 shtator \u201cp\u00ebr ta nderuar\u201d Nasrallahun, sipas faqes zyrtare t\u00eb qeveris\u00eb, p\u00ebrcjell REL.<\/span><\/p>\n<p><span style=\"color: #000000;\">Sulmet ajrore t\u00eb Izraelit vazhduan edhe m\u00eb 30 shtator, me nj\u00eb goditje n\u00eb qend\u00ebr t\u00eb Bejrutit p\u00ebr her\u00eb n\u00eb gati nj\u00eb vit konflikt me Hezbollahun, q\u00eb filloi pasi nj\u00eb grup tjet\u00ebr i mb\u00ebshtetur nga Irani, i njohur si Hamas \u2013 grupin palestinez t\u00eb shpallur organizat\u00eb terroriste nga SHBA-ja dhe BE-ja \u2013 nisi nj\u00eb operacion kund\u00ebr Izraelit q\u00eb vrau rreth 1.200 persona dhe mori peng 250 t\u00eb tjer\u00eb, t\u00eb cil\u00ebt u d\u00ebrguan n\u00eb Rripin e Gaz\u00ebs.<\/span><\/p>\n<p><span style=\"color: #000000;\">Ushtria izraelite gjithashtu ka zgjeruar sulmet e saj ndaj grupeve militante t\u00eb mb\u00ebshtetura nga Irani, duke goditur qytetin e Hodeid\u00ebs n\u00eb Jemen, t\u00eb mbajtur nga rebel\u00ebt Huthi aleat\u00eb me Teheranin. Izraeli intensifikoi edhe sulmet ajrore n\u00eb bastionet e Hezbollahut n\u00eb jug t\u00eb Bejrutit dhe n\u00eb zona t\u00eb tjera n\u00eb Liban, duke rritur frik\u00ebn n\u00eb mesin e lider\u00ebve global\u00eb p\u00ebr nj\u00eb luft\u00eb rajonale n\u00eb Lindjen e Mesme.<\/span><\/p>\n<p><span style=\"color: #000000;\">Humbjet e p\u00ebsuara nga Hezbollahu duket se jan\u00eb m\u00eb t\u00eb r\u00ebndat q\u00eb nga krijimi i grupit militant n\u00eb vitin 1982 me ndihm\u00ebn e Gard\u00ebs Revolucionare Islamike t\u00eb Iranit, p\u00ebr ta frenuar nj\u00eb pushtim izraelit t\u00eb Libanit.<\/span><\/p>\n<p><span style=\"color: #000000;\">Nasrallahu u bashkua me Hezbollahun p\u00ebr t\u00eb luftuar n\u00eb at\u00eb konflikt dhe n\u00eb vitin 1992 u b\u00eb udh\u00ebheq\u00ebsi i tij, duke e nd\u00ebrtuar grupin n\u00eb forc\u00ebn m\u00eb t\u00eb fuqishme ushtarake dhe politike t\u00eb Libanit.<\/span><\/p>\n","protected":false,"gt_translate_keys":[{"key":"rendered","format":"html"}]},"excerpt":{"rendered":"<p>Irani tha se nuk do t\u00eb d\u00ebrgoj\u00eb forca n\u00eb Liban ose n\u00eb Rripin e Gaz\u00ebs p\u00ebr t\u00eb luftuar kund\u00ebr Izraelit mes sulmeve t\u00eb intensifikuara ndaj Hezbollahut \u2013 nj\u00eb grup militant dhe parti politike e mb\u00ebshtetur nga Irani q\u00eb kontrollon pjes\u00ebn m\u00eb t\u00eb madhe t\u00eb jugut t\u00eb Libanit. Nga sulmet e Izraelit n\u00eb Liban \u00ebsht\u00eb vrar\u00eb [&hellip;]<\/p>\n","protected":false,"gt_translate_keys":[{"key":"rendered","format":"html"}]},"author":32,"featured_media":701304,"comment_status":"closed","ping_status":"open","sticky":false,"template":"","format":"standard","meta":{"footnotes":""},"categories":[6],"tags":[],"class_list":["post-701303","post","type-post","status-publish","format-standard","has-post-thumbnail","hentry","category-nderkombetare"],"gt_translate_keys":[{"key":"link","format":"url"}],"_links":{"self":[{"href":"https:\/\/www.hashtag.al\/index.php\/wp-json\/wp\/v2\/posts\/701303","targetHints":{"allow":["GET"]}}],"collection":[{"href":"https:\/\/www.hashtag.al\/index.php\/wp-json\/wp\/v2\/posts"}],"about":[{"href":"https:\/\/www.hashtag.al\/index.php\/wp-json\/wp\/v2\/types\/post"}],"author":[{"embeddable":true,"href":"https:\/\/www.hashtag.al\/index.php\/wp-json\/wp\/v2\/users\/32"}],"replies":[{"embeddable":true,"href":"https:\/\/www.hashtag.al\/index.php\/wp-json\/wp\/v2\/comments?post=701303"}],"version-history":[{"count":0,"href":"https:\/\/www.hashtag.al\/index.php\/wp-json\/wp\/v2\/posts\/701303\/revisions"}],"wp:featuredmedia":[{"embeddable":true,"href":"https:\/\/www.hashtag.al\/index.php\/wp-json\/wp\/v2\/media\/701304"}],"wp:attachment":[{"href":"https:\/\/www.hashtag.al\/index.php\/wp-json\/wp\/v2\/media?parent=701303"}],"wp:term":[{"taxonomy":"category","embeddable":true,"href":"https:\/\/www.hashtag.al\/index.php\/wp-json\/wp\/v2\/categories?post=701303"},{"taxonomy":"post_tag","embeddable":true,"href":"https:\/\/www.hashtag.al\/index.php\/wp-json\/wp\/v2\/tags?post=701303"}],"curies":[{"name":"wp","href":"https:\/\/api.w.org\/{rel}","templated":true}]}}