{"id":701021,"date":"2024-09-28T19:14:24","date_gmt":"2024-09-28T17:14:24","guid":{"rendered":"https:\/\/www.hashtag.al\/?p=701021"},"modified":"2024-09-28T19:14:24","modified_gmt":"2024-09-28T17:14:24","slug":"kush-ishte-hassan-nasrallah-lideri-i-hezbollahut-i-vrare-nga-izraeli-roli-i-tij-ne-lindjen-e-mesme","status":"publish","type":"post","link":"https:\/\/www.hashtag.al\/index.php\/2024\/09\/28\/kush-ishte-hassan-nasrallah-lideri-i-hezbollahut-i-vrare-nga-izraeli-roli-i-tij-ne-lindjen-e-mesme\/","title":{"rendered":"Kush ishte Hassan Nasrallah, lideri i Hezbollahut i vrar\u00eb nga Izraeli, roli i tij n\u00eb Lindjen e Mesme","gt_translate_keys":[{"key":"rendered","format":"text"}]},"content":{"rendered":"<p class=\"selectionShareable\" style=\"text-align: left;\"><span style=\"color: #000000;\"><img loading=\"lazy\" decoding=\"async\" class=\" wp-image-701025 aligncenter\" src=\"https:\/\/www.hashtag.al\/wp-content\/uploads\/2024\/09\/OIP-2-300x168.jpg\" alt=\"\" width=\"762\" height=\"427\" srcset=\"https:\/\/www.hashtag.al\/wp-content\/uploads\/2024\/09\/OIP-2-300x168.jpg 300w, https:\/\/www.hashtag.al\/wp-content\/uploads\/2024\/09\/OIP-2.jpg 474w\" sizes=\"auto, (max-width: 762px) 100vw, 762px\" \/><\/span><\/p>\n<p class=\"selectionShareable\" style=\"text-align: left;\"><span style=\"color: #000000;\">Z\u00ebdh\u00ebn\u00ebsi i IDF-s\u00eb, Daniel Hagari dit\u00ebn e djeshme lajm\u00ebroi se forcat ajrore izraelite godit\u00ebn selin\u00eb kryesore t\u00eb Hezbollahut n\u00eb kryeqytetin libanez t\u00eb Bejrutit.<\/span><\/p>\n<p class=\"selectionShareable\" style=\"text-align: left;\"><span style=\"color: #000000;\">Mediat izraelite raportuan se lideri i Hezbollahut, Hassan Nasrallah se ishte objektivi i sulmit, e pas nj\u00eb serie sulmesh ajrore t\u00eb kryera nga forcat izraelite n\u00eb Bejrut, Hezbollah konfirmoi sot vdekjen e liderit t\u00eb tij, Hassan Nasrallah.<\/span><\/p>\n<p style=\"text-align: left;\"><span style=\"color: #000000;\"><strong>Por k<span class=\"sdc-article-header__long-title\">ush ishte Hassan Nasrallah?<\/span><\/strong><\/span><\/p>\n<p style=\"text-align: left;\"><span style=\"color: #000000;\">Nasrallah ishte udh\u00ebheq\u00ebsi i fraksionit politik dhe ushtarak t\u00eb Hezbollahut.<\/span><\/p>\n<p style=\"text-align: left;\"><span style=\"color: #000000;\">Ai konsiderohet nga shum\u00eb njer\u00ebz si individi i vet\u00ebm m\u00eb i fuqish\u00ebm n\u00eb Liban me rreth 100,000 luft\u00ebtar\u00eb n\u00eb dispozicion t\u00eb tij.<\/span><\/p>\n<p style=\"text-align: left;\"><span style=\"color: #000000;\">Nasrallah kishte pasues t\u00eb panum\u00ebrt n\u00eb t\u00eb gjith\u00eb bot\u00ebn arabe dhe islame, por ai shihej si nj\u00eb ekstremist n\u00eb pjes\u00ebn m\u00eb t\u00eb madhe t\u00eb Per\u00ebndimit.<\/span><\/p>\n<p style=\"text-align: left;\"><span style=\"color: #000000;\"><img loading=\"lazy\" decoding=\"async\" class=\" wp-image-701023 aligncenter\" src=\"https:\/\/www.hashtag.al\/wp-content\/uploads\/2024\/09\/1-2-300x225.jpg\" alt=\"\" width=\"815\" height=\"611\" srcset=\"https:\/\/www.hashtag.al\/wp-content\/uploads\/2024\/09\/1-2-300x225.jpg 300w, https:\/\/www.hashtag.al\/wp-content\/uploads\/2024\/09\/1-2-1024x768.jpg 1024w, https:\/\/www.hashtag.al\/wp-content\/uploads\/2024\/09\/1-2-768x576.jpg 768w, https:\/\/www.hashtag.al\/wp-content\/uploads\/2024\/09\/1-2-1536x1152.jpg 1536w, https:\/\/www.hashtag.al\/wp-content\/uploads\/2024\/09\/1-2.jpg 1600w\" sizes=\"auto, (max-width: 815px) 100vw, 815px\" \/><\/span><\/p>\n<p style=\"text-align: left;\"><span style=\"color: #000000;\">R\u00ebnd\u00ebsia e tij nuk kufizohej vet\u00ebm n\u00eb Liban, por ai ishte udh\u00ebheq\u00ebsi m\u00eb me ndikim brenda Boshtit t\u00eb Rezistenc\u00ebs s\u00eb Iranit.<\/span><\/p>\n<p style=\"text-align: left;\"><span style=\"color: #000000;\">Nasrallah u lind n\u00eb Bejrut n\u00eb vitin 1960, ku u p\u00ebrshkrua si nj\u00eb student i devotsh\u00ebm dhe i motivuar i Islamit.<\/span><\/p>\n<p style=\"text-align: left;\"><span style=\"color: #000000;\">Ai iu bashkua Hezbollahut n\u00eb vitin 1982. 64-vje\u00e7ari udh\u00ebhoqi Hezbollahun n\u00eb luft\u00ebra kund\u00ebr Izraelit dhe mori pjes\u00eb n\u00eb konfliktin n\u00eb Sirin\u00eb fqinje.<\/span><\/p>\n<p style=\"text-align: left;\"><span style=\"color: #000000;\">Pas nj\u00eb tentative p\u00ebr jet\u00ebn e tij n\u00eb vitin 2006, Nasrallah kaloi vite t\u00eb t\u00ebra i fshehur nga frika e nj\u00eb atentati nga Izraeli.<\/span><\/p>\n<p style=\"text-align: left;\"><span style=\"color: #000000;\"><strong>Si erdhi ai n\u00eb pushtet?<\/strong><\/span><\/p>\n<p style=\"text-align: left;\"><span style=\"color: #000000;\">I lindur n\u00eb nj\u00eb familje t\u00eb varf\u00ebr shiite n\u00eb periferin\u00eb e varf\u00ebr t\u00eb Bejrutit, Sharshabouk, Nasrallah m\u00eb von\u00eb u zhvendos n\u00eb Libanin jugor.<\/span><\/p>\n<p style=\"text-align: left;\"><span style=\"color: #000000;\">Pasi studioi teologji, ai iu bashkua l\u00ebvizjes Amal, nj\u00eb organizat\u00eb politike dhe paraushtarake, p\u00ebrpara se t&#8217;i bashkohej Hezbollahut n\u00eb vitin 1982.<\/span><\/p>\n<p style=\"text-align: left;\"><span style=\"color: #000000;\">Hezbollahu u formua nga an\u00ebtar\u00eb t\u00eb Gard\u00ebs Revolucionare iraniane, t\u00eb cil\u00ebt udh\u00ebtuan n\u00eb Liban n\u00eb ver\u00ebn e vitit 1982 p\u00ebr t\u00eb luftuar forcat pushtuese izraelite.<\/span><\/p>\n<p style=\"text-align: left;\"><span style=\"color: #000000;\">Dy dit\u00eb pasi udh\u00ebheq\u00ebsi i saj i at\u00ebhersh\u00ebm, 39-vje\u00e7ari Sayyed Abbas Musawi, u vra n\u00eb nj\u00eb sulm me helikopter izraelit n\u00eb Libanin jugor, Hezbollah zgjodhi Nasrallah si sekretarin e ri t\u00eb p\u00ebrgjithsh\u00ebm n\u00eb shkurt 1992.<\/span><\/p>\n<p><span style=\"color: #000000;\">Djali i madh i Nasrallah, Hadi, u vra n\u00eb vitin 1997, nd\u00ebrsa luftonte kund\u00ebr forcave izraelite.<\/span><\/p>\n<p style=\"text-align: left;\"><span style=\"color: #000000;\">N\u00ebn udh\u00ebheqjen e Nasrallahut, Hezbollahut vler\u00ebsohet se ka udh\u00ebhequr luft\u00ebn e shkat\u00ebrrimit q\u00eb \u00e7oi n\u00eb t\u00ebrheqjen e trupave izraelite nga Libani jugor n\u00eb vitin 2000.<\/span><\/p>\n<p><span style=\"color: #000000;\"><img loading=\"lazy\" decoding=\"async\" class=\" wp-image-701028 aligncenter\" src=\"https:\/\/www.hashtag.al\/wp-content\/uploads\/2024\/09\/2-300x169.jpg\" alt=\"\" width=\"912\" height=\"514\" srcset=\"https:\/\/www.hashtag.al\/wp-content\/uploads\/2024\/09\/2-300x169.jpg 300w, https:\/\/www.hashtag.al\/wp-content\/uploads\/2024\/09\/2-1024x576.jpg 1024w, https:\/\/www.hashtag.al\/wp-content\/uploads\/2024\/09\/2-768x432.jpg 768w, https:\/\/www.hashtag.al\/wp-content\/uploads\/2024\/09\/2-1536x864.jpg 1536w, https:\/\/www.hashtag.al\/wp-content\/uploads\/2024\/09\/2.jpg 1600w\" sizes=\"auto, (max-width: 912px) 100vw, 912px\" \/><\/span><\/p>\n<p><span style=\"color: #000000;\">Nd\u00ebrsa Izraeli, dhe m\u00eb von\u00eb Siria, t\u00ebrhoq\u00ebn ushtrit\u00eb e tyre nga Libani, Nasrallah filloi ta drejtonte Hezbollahun gjithnj\u00eb e m\u00eb shum\u00eb n\u00eb fush\u00ebn e politik\u00ebs. N\u00eb zgjedhjet parlamentare t\u00eb vitit 2005, t\u00eb parat pasi Siria t\u00ebrhoqi trupat ushtarake prej 29 vitesh n\u00eb Liban, Hezbollahu b\u00ebri arritje t\u00eb konsiderueshme dhe iu bashkua kabinetit p\u00ebr her\u00eb t\u00eb par\u00eb, duke mbajtur dy vende.<\/span><\/p>\n<p style=\"text-align: left;\"><span style=\"color: #000000;\">Pas k\u00ebsaj fitoreje, statusi i tij u rrit dhe u forcua m\u00eb tej n\u00eb vitin 2006, gjat\u00eb luft\u00ebs 34-ditore me Izraelin, ku Hezbollahu hodhi rreth 4,000 raketa n\u00eb Izrael.<\/span><\/p>\n<p class=\"EkqkG nlgHS yuUao lqtkC TjIXL aGjvy\"><span style=\"color: #000000;\">Gjithaashtu ai u kritikua nga nj\u00eb pjes\u00eb e mir\u00eb pasi e akuzonin si shkaktarin e nisjes s\u00eb luft\u00ebs, ku mbet\u00ebn t\u00eb vrar\u00eb\u00a0 m\u00eb shum\u00eb se 1200 njer\u00ebz n\u00eb Liban, prej t\u00eb cil\u00ebve shumica ishin civil\u00eb dhe 159 njer\u00ebz n\u00eb Izrael.<\/span><\/p>\n<p class=\"EkqkG nlgHS yuUao lqtkC TjIXL aGjvy\"><span style=\"color: #000000;\">Nasrallah m\u00eb von\u00eb shprehu keqardhje. Gjat\u00eb nj\u00eb interviste televizive Nasrallah tha se Hezbollahu nuk kishte pritur &#8220;as edhe 1%&#8221; q\u00eb kapja e ushtar\u00ebve izraelit\u00eb &#8220;do t\u00eb \u00e7onte n\u00eb nj\u00eb luft\u00eb t\u00eb k\u00ebsaj p\u00ebrmasash&#8221;.<\/span><\/p>\n<p class=\"EkqkG nlgHS yuUao lqtkC TjIXL aGjvy\"><span style=\"color: #000000;\"><em>\u201cJu m\u00eb pyesni, n\u00ebse do ta dija q\u00eb operacioni do t\u00eb \u00e7onte n\u00eb nj\u00eb luft\u00eb t\u00eb till\u00eb, a do ta b\u00ebja? Un\u00eb them jo, absolutisht jo\u201d,<\/em> tha ai.<\/span><\/p>\n<p style=\"text-align: left;\"><span style=\"color: #000000;\">Megjithat\u00eb, popullariteti i tij u godit kur shp\u00ebrtheu lufta civile n\u00eb Siri n\u00eb vitin 2011 dhe luft\u00ebtar\u00ebt e Hezbollahut u v\u00ebrsul\u00ebn dhe u rreshtuan me forcat e Asadit edhe pse ai u p\u00ebrjashtua nga bota arabe.<\/span><\/p>\n<p><span style=\"color: #000000;\"><strong>Roli n\u00eb luft\u00ebn Izrael-Hamas<\/strong><\/span><\/p>\n<p><span style=\"color: #000000;\">Nj\u00eb dit\u00eb pas sulmeve t\u00eb 7 tetorit n\u00eb Izrael, Hezbollahu filloi t\u00eb sulmonte postet ushtarake izraelite p\u00ebrgjat\u00eb kufirit dhe ta quante at\u00eb nj\u00eb &#8220;front rezerv\u00eb&#8221; p\u00ebr Gaz\u00ebn.<\/span><\/p>\n<p><span style=\"color: #000000;\">Sulmi i udh\u00ebhequr nga Hamas vrau rreth 1200 njer\u00ebz n\u00eb Izrael dhe mori peng rreth 250 t\u00eb tjer\u00eb. Bombardimet e m\u00ebvonshme ajrore t\u00eb Izraelit\u00a0dhe pushtimi tok\u00ebsor i Rripit t\u00eb Gaz\u00ebs\u00a0vran\u00eb dhjet\u00ebra mij\u00ebra palestinez\u00eb.<\/span><\/p>\n<p><span style=\"color: #000000;\">N\u00eb qershor 2024, Nasrallah paralajm\u00ebroi se Hezbollahu kishte nj\u00eb num\u00ebr shum\u00eb m\u00eb t\u00eb lart\u00eb luft\u00ebtar\u00ebsh sesa shifra prej 100,000 q\u00eb ai kishte dh\u00ebn\u00eb tre vjet m\u00eb par\u00eb.<\/span><\/p>\n<p style=\"text-align: left;\"><span style=\"color: #000000;\">Nasrallah deri n\u00eb vdekjen e tij mbajti titullin &#8220;Sayyed&#8221;, nj\u00eb nderim q\u00eb synonte t\u00eb n\u00ebnkuptonte prejardhjen e klerikut shiit q\u00eb daton q\u00eb nga profeti Muhamed.<\/span><\/p>\n<p><strong><span style=\"color: #ff0000;\">VINI RE:<\/span><\/strong><span style=\"color: #000000;\"> Materialet e p\u00ebrdorura p\u00ebr k\u00ebt\u00eb artikull jan\u00eb pron\u00ebsi intelektuale e <a href=\"https:\/\/news.sky.com\/story\/who-was-hassan-nasrallah-the-hezbollah-leader-killed-by-israel-13223398\"><span style=\"color: #0000ff;\"><strong>Sky News<\/strong><\/span><\/a> dhe<a href=\"https:\/\/abcnews.go.com\/International\/wireStory\/hassan-nasrallah-longtime-leader-lebanons-hezbollah-killed-archenemy-114312720\"><span style=\"color: #0000ff;\"><strong> Abc News<\/strong><\/span><\/a><\/span><\/p>\n<p><span style=\"color: #000000;\">P\u00ebrgatiti p\u00ebr <span style=\"color: #0000ff;\">Hashtag.al,<\/span> Aurora Hoxha<\/span><\/p>\n","protected":false,"gt_translate_keys":[{"key":"rendered","format":"html"}]},"excerpt":{"rendered":"<p>Z\u00ebdh\u00ebn\u00ebsi i IDF-s\u00eb, Daniel Hagari dit\u00ebn e djeshme lajm\u00ebroi se forcat ajrore izraelite godit\u00ebn selin\u00eb kryesore t\u00eb Hezbollahut n\u00eb kryeqytetin libanez t\u00eb Bejrutit. Mediat izraelite raportuan se lideri i Hezbollahut, Hassan Nasrallah se ishte objektivi i sulmit, e pas nj\u00eb serie sulmesh ajrore t\u00eb kryera nga forcat izraelite n\u00eb Bejrut, Hezbollah konfirmoi sot vdekjen e [&hellip;]<\/p>\n","protected":false,"gt_translate_keys":[{"key":"rendered","format":"html"}]},"author":49,"featured_media":701025,"comment_status":"closed","ping_status":"open","sticky":false,"template":"","format":"standard","meta":{"footnotes":""},"categories":[22],"tags":[],"class_list":["post-701021","post","type-post","status-publish","format-standard","has-post-thumbnail","hentry","category-ballina"],"gt_translate_keys":[{"key":"link","format":"url"}],"_links":{"self":[{"href":"https:\/\/www.hashtag.al\/index.php\/wp-json\/wp\/v2\/posts\/701021","targetHints":{"allow":["GET"]}}],"collection":[{"href":"https:\/\/www.hashtag.al\/index.php\/wp-json\/wp\/v2\/posts"}],"about":[{"href":"https:\/\/www.hashtag.al\/index.php\/wp-json\/wp\/v2\/types\/post"}],"author":[{"embeddable":true,"href":"https:\/\/www.hashtag.al\/index.php\/wp-json\/wp\/v2\/users\/49"}],"replies":[{"embeddable":true,"href":"https:\/\/www.hashtag.al\/index.php\/wp-json\/wp\/v2\/comments?post=701021"}],"version-history":[{"count":0,"href":"https:\/\/www.hashtag.al\/index.php\/wp-json\/wp\/v2\/posts\/701021\/revisions"}],"wp:featuredmedia":[{"embeddable":true,"href":"https:\/\/www.hashtag.al\/index.php\/wp-json\/wp\/v2\/media\/701025"}],"wp:attachment":[{"href":"https:\/\/www.hashtag.al\/index.php\/wp-json\/wp\/v2\/media?parent=701021"}],"wp:term":[{"taxonomy":"category","embeddable":true,"href":"https:\/\/www.hashtag.al\/index.php\/wp-json\/wp\/v2\/categories?post=701021"},{"taxonomy":"post_tag","embeddable":true,"href":"https:\/\/www.hashtag.al\/index.php\/wp-json\/wp\/v2\/tags?post=701021"}],"curies":[{"name":"wp","href":"https:\/\/api.w.org\/{rel}","templated":true}]}}