{"id":700940,"date":"2024-09-28T10:38:18","date_gmt":"2024-09-28T08:38:18","guid":{"rendered":"https:\/\/www.hashtag.al\/?p=700940"},"modified":"2024-09-28T10:48:46","modified_gmt":"2024-09-28T08:48:46","slug":"izraeli-thote-se-ka-vrare-liderin-e-hezbollahut-hassan-nasrallah","status":"publish","type":"post","link":"https:\/\/www.hashtag.al\/index.php\/2024\/09\/28\/izraeli-thote-se-ka-vrare-liderin-e-hezbollahut-hassan-nasrallah\/","title":{"rendered":"Izraeli thot\u00eb se ka vrar\u00eb liderin e Hezbollahut, Hassan Nasrallah","gt_translate_keys":[{"key":"rendered","format":"text"}]},"content":{"rendered":"<p><span style=\"color: #000000;\"><a href=\"https:\/\/www.hashtag.al\/wp-content\/uploads\/2024\/09\/AFP__20240919__36GN2MW__v1__HighRes__LebanonIsraelPalestinianConflictHezbollah.jpg\"><img loading=\"lazy\" decoding=\"async\" class=\"aligncenter size-full wp-image-700941\" src=\"https:\/\/www.hashtag.al\/wp-content\/uploads\/2024\/09\/AFP__20240919__36GN2MW__v1__HighRes__LebanonIsraelPalestinianConflictHezbollah.jpg\" alt=\"\" width=\"2048\" height=\"1365\" srcset=\"https:\/\/www.hashtag.al\/wp-content\/uploads\/2024\/09\/AFP__20240919__36GN2MW__v1__HighRes__LebanonIsraelPalestinianConflictHezbollah.jpg 2048w, https:\/\/www.hashtag.al\/wp-content\/uploads\/2024\/09\/AFP__20240919__36GN2MW__v1__HighRes__LebanonIsraelPalestinianConflictHezbollah-300x200.jpg 300w, https:\/\/www.hashtag.al\/wp-content\/uploads\/2024\/09\/AFP__20240919__36GN2MW__v1__HighRes__LebanonIsraelPalestinianConflictHezbollah-1024x683.jpg 1024w, https:\/\/www.hashtag.al\/wp-content\/uploads\/2024\/09\/AFP__20240919__36GN2MW__v1__HighRes__LebanonIsraelPalestinianConflictHezbollah-768x512.jpg 768w, https:\/\/www.hashtag.al\/wp-content\/uploads\/2024\/09\/AFP__20240919__36GN2MW__v1__HighRes__LebanonIsraelPalestinianConflictHezbollah-1536x1024.jpg 1536w\" sizes=\"auto, (max-width: 2048px) 100vw, 2048px\" \/><\/a><\/span><\/p>\n<p><span style=\"color: #000000;\">Izraeli ka shpallur vrasjen e liderit t\u00eb Hezbollahut, Hassan Nasrallah, n\u00eb nj\u00eb p\u00ebrshkall\u00ebzim t\u00eb madh t\u00eb konfliktit.<\/span><\/p>\n<p><span style=\"color: #000000;\">\u00a0Kjo ngjarje ka ndodhur gjat\u00eb nj\u00eb serie sulmesh t\u00eb ashpra n\u00eb Liban, ku forcat izraelite kan\u00eb kryer bombardime masive n\u00eb Lugin\u00ebn Bekaa, p\u00ebrcjell <span style=\"color: #0000ff;\"><a style=\"color: #0000ff;\" href=\"https:\/\/www.theguardian.com\/world\/live\/2024\/sep\/28\/middle-east-crisis-live-israel-steps-up-attacks-on-hezbollah-targets-in-lebanon-amid-rising-fears-of-wider-war\">The Guardian.<\/a><\/span><\/span><\/p>\n<p><span style=\"color: #000000;\">Forcat Mbrojt\u00ebse t\u00eb Izraelit (IDF) kan\u00eb konfirmuar p\u00ebrmes nj\u00eb postimi n\u00eb X, se Nasrallah, q\u00eb ishte n\u00eb krye t\u00eb Hezbollahut p\u00ebr 32 vjet, \u00ebsht\u00eb vrar\u00eb. Sipas tyre, ai &#8220;<em>nuk do t\u00eb jet\u00eb m\u00eb n\u00eb gjendje t\u00eb terrorizoj\u00eb bot\u00ebn&#8221;.<\/em><\/span><\/p>\n<p><span style=\"color: #000000;\">Ky zhvillim sh\u00ebnon nj\u00eb p\u00ebrshkall\u00ebzim dramatik t\u00eb luft\u00ebs midis Izraelit dhe Hezbollahut, nj\u00eb organizat\u00eb e mb\u00ebshtetur nga Irani, q\u00eb p\u00ebrfshihet n\u00eb sulme ndaj Izraelit q\u00eb nga fillimi i konfliktit m\u00eb 8 tetor, pas sulmeve t\u00eb Hamasit n\u00eb Izrael.<\/span><\/p>\n<p><span style=\"color: #000000;\">Nasrallah ka pasur nj\u00eb rol ky\u00e7 n\u00eb trajnimin e luft\u00ebtar\u00ebve t\u00eb Hamasit dhe milicive t\u00eb tjera n\u00eb Irak dhe Jemen, nd\u00ebrsa ka siguruar raketa dhe mjete ushtarake nga Irani p\u00ebr t\u2019i p\u00ebrdorur kund\u00ebr Izraelit.<\/span><\/p>\n<p><span style=\"color: #000000;\">Nd\u00ebrkoh\u00eb, mij\u00ebra banor\u00eb t\u00eb Bejrutit jan\u00eb larguar nga sht\u00ebpit\u00eb e tyre p\u00ebr t\u00eb shp\u00ebtuar nga bombardimet izraelite, nd\u00ebrsa raportohet p\u00ebr sulme intensive n\u00eb disa zona t\u00eb Libanit.<\/span><\/p>\n","protected":false,"gt_translate_keys":[{"key":"rendered","format":"html"}]},"excerpt":{"rendered":"<p>Izraeli ka shpallur vrasjen e liderit t\u00eb Hezbollahut, Hassan Nasrallah, n\u00eb nj\u00eb p\u00ebrshkall\u00ebzim t\u00eb madh t\u00eb konfliktit. \u00a0Kjo ngjarje ka ndodhur gjat\u00eb nj\u00eb serie sulmesh t\u00eb ashpra n\u00eb Liban, ku forcat izraelite kan\u00eb kryer bombardime masive n\u00eb Lugin\u00ebn Bekaa, p\u00ebrcjell The Guardian. Forcat Mbrojt\u00ebse t\u00eb Izraelit (IDF) kan\u00eb konfirmuar p\u00ebrmes nj\u00eb postimi n\u00eb X, se [&hellip;]<\/p>\n","protected":false,"gt_translate_keys":[{"key":"rendered","format":"html"}]},"author":32,"featured_media":700941,"comment_status":"closed","ping_status":"open","sticky":false,"template":"","format":"standard","meta":{"footnotes":""},"categories":[22],"tags":[],"class_list":["post-700940","post","type-post","status-publish","format-standard","has-post-thumbnail","hentry","category-ballina"],"gt_translate_keys":[{"key":"link","format":"url"}],"_links":{"self":[{"href":"https:\/\/www.hashtag.al\/index.php\/wp-json\/wp\/v2\/posts\/700940","targetHints":{"allow":["GET"]}}],"collection":[{"href":"https:\/\/www.hashtag.al\/index.php\/wp-json\/wp\/v2\/posts"}],"about":[{"href":"https:\/\/www.hashtag.al\/index.php\/wp-json\/wp\/v2\/types\/post"}],"author":[{"embeddable":true,"href":"https:\/\/www.hashtag.al\/index.php\/wp-json\/wp\/v2\/users\/32"}],"replies":[{"embeddable":true,"href":"https:\/\/www.hashtag.al\/index.php\/wp-json\/wp\/v2\/comments?post=700940"}],"version-history":[{"count":0,"href":"https:\/\/www.hashtag.al\/index.php\/wp-json\/wp\/v2\/posts\/700940\/revisions"}],"wp:featuredmedia":[{"embeddable":true,"href":"https:\/\/www.hashtag.al\/index.php\/wp-json\/wp\/v2\/media\/700941"}],"wp:attachment":[{"href":"https:\/\/www.hashtag.al\/index.php\/wp-json\/wp\/v2\/media?parent=700940"}],"wp:term":[{"taxonomy":"category","embeddable":true,"href":"https:\/\/www.hashtag.al\/index.php\/wp-json\/wp\/v2\/categories?post=700940"},{"taxonomy":"post_tag","embeddable":true,"href":"https:\/\/www.hashtag.al\/index.php\/wp-json\/wp\/v2\/tags?post=700940"}],"curies":[{"name":"wp","href":"https:\/\/api.w.org\/{rel}","templated":true}]}}