{"id":700913,"date":"2024-09-27T20:47:48","date_gmt":"2024-09-27T18:47:48","guid":{"rendered":"https:\/\/www.hashtag.al\/?p=700913"},"modified":"2024-09-27T20:47:48","modified_gmt":"2024-09-27T18:47:48","slug":"bardhi-reagon-ndaj-rames-fushata-per-denimin-e-salianjit-per-te-ndikuar-te-drejtesia-per-hetimin-ndaj-olsi-rames","status":"publish","type":"post","link":"https:\/\/www.hashtag.al\/index.php\/2024\/09\/27\/bardhi-reagon-ndaj-rames-fushata-per-denimin-e-salianjit-per-te-ndikuar-te-drejtesia-per-hetimin-ndaj-olsi-rames\/","title":{"rendered":"Bardhi reagon ndaj Ram\u00ebs: Fushata p\u00ebr d\u00ebnimin e Salianjit p\u00ebr t\u00eb ndikuar te drejt\u00ebsia p\u00ebr hetimin ndaj Olsi Ram\u00ebs","gt_translate_keys":[{"key":"rendered","format":"text"}]},"content":{"rendered":"<p><span style=\"color: #000000;\"><a style=\"color: #000000;\" href=\"https:\/\/www.hashtag.al\/wp-content\/uploads\/2024\/06\/bardhi-rama-1.jpg\"><img loading=\"lazy\" decoding=\"async\" class=\"aligncenter size-full wp-image-684522\" src=\"https:\/\/www.hashtag.al\/wp-content\/uploads\/2024\/06\/bardhi-rama-1.jpg\" alt=\"\" width=\"1920\" height=\"1080\" srcset=\"https:\/\/www.hashtag.al\/wp-content\/uploads\/2024\/06\/bardhi-rama-1.jpg 1920w, https:\/\/www.hashtag.al\/wp-content\/uploads\/2024\/06\/bardhi-rama-1-300x169.jpg 300w, https:\/\/www.hashtag.al\/wp-content\/uploads\/2024\/06\/bardhi-rama-1-1024x576.jpg 1024w, https:\/\/www.hashtag.al\/wp-content\/uploads\/2024\/06\/bardhi-rama-1-768x432.jpg 768w, https:\/\/www.hashtag.al\/wp-content\/uploads\/2024\/06\/bardhi-rama-1-1536x864.jpg 1536w\" sizes=\"auto, (max-width: 1920px) 100vw, 1920px\" \/><\/a><\/span><\/p>\n<p><span style=\"color: #000000;\">Kreu i Grupit Parlamentar t\u00eb PD-s\u00eb, Gazment Bardhi ka reaguar ndaj Kryeministrit Edi Rama i cili shkroi se Ervin Salianji duke u viktimizuar u b\u00eb heroi i ri i \u201cMbret\u00ebris\u00eb s\u00eb Shpifarak\u00ebve\u201d.<\/span><\/p>\n<p><span style=\"color: #000000;\">Sipas Bardhi, Rama po b\u00ebn gjith\u00e7ka p\u00ebr t\u00eb ndikuar n\u00eb hetimin ndaj v\u00ebllait t\u00eb tij duje e pasur hall Olsi Ram\u00ebn nj\u00ebsoj si Fatmir Xhafaj kishte hall Geronin.<\/span><\/p>\n<p><span style=\"color: #000000;\">Bardhi e cil\u00ebsoi fushat\u00eb t\u00eb ngjashme d\u00ebnimin e Salianiit me at\u00eb q\u00eb Rama b\u00ebri kur mbrojti Saimir Tahirin, Elvis Roshin, Arben Ndok\u00ebn, Armando Preng\u00ebn, Valdrin Pjetrin, Agim Kajmakun.<\/span><\/p>\n<p><span style=\"color: #000000;\">M\u00eb tej Bardhi shkruan se Salianji nuk b\u00ebri asgj\u00eb tjet\u00ebr ve\u00e7se u b\u00eb z\u00ebri publik i nj\u00eb denoncimi q\u00eb kishte shkuar n\u00eb Partin\u00eb Demokratike.<\/span><\/p>\n<p><span style=\"color: #000000;\">\u201c<em>Olsi Rama \u00ebsht\u00eb halli i Edi Ram\u00ebs, jo drejt\u00ebsia; nj\u00eblloj si\u00e7 Geroni ishte halli i Fatmir Xhafajt, dhe jo drejt\u00ebsia!<\/em><\/span><\/p>\n<p><span style=\"color: #000000;\"><em>Fushata e eg\u00ebr e Edi Ram\u00ebs p\u00ebr d\u00ebnimin politik t\u00eb Ervin Salianjit nga disa gjyqtar\u00eb hallexhinj s\u2019ka t\u00eb b\u00ebj\u00eb me drejt\u00ebsin\u00eb. Ai po b\u00ebn \u00e7far\u00eb mundet p\u00ebr t\u00eb ndikuar n\u00eb hetimin e v\u00ebllait t\u00eb tij dhe p\u00ebr t\u00eb penguar t\u00eb v\u00ebrtet\u00ebn e p\u00ebrfshirjes s\u00eb Olsi Ram\u00ebs me trafikant\u00ebt nd\u00ebrkomb\u00ebtare t\u00eb kokain\u00ebs n\u00eb Xibrak\u00eb.<\/em><\/span><\/p>\n<p><span style=\"color: #000000;\"><em>Me t\u00eb tilla fushata, e mbajm\u00eb mend q\u00eb mohoi kanabizimin e vendit. Ne ishim shpif\u00ebsit q\u00eb i nxinim imazhin vendit.<\/em><\/span><\/p>\n<p><span style=\"color: #000000;\"><em>Mbrojti Saimir Tahirin. Edhe at\u00ebher\u00eb ne dol\u00ebm shpif\u00ebs p\u00ebr trafikun e drog\u00ebs me makin\u00ebn e Ministrit t\u00eb Brendsh\u00ebm. Madje u d\u00ebnuan dy zyrtar\u00eb t\u00eb lart\u00eb t\u00eb PD nga Dvorani me shok\u00eb, por e v\u00ebrteta doli shpejt n\u00eb drit\u00eb.<\/em><\/span><\/p>\n<p><span style=\"color: #000000;\"><em>Mbrojti Elvis Roshin, Arben Ndok\u00ebn, Armando Preng\u00ebn, Valdrin Pjetrin, Agim Kajmakun, dhe t\u00eb ngjashmit e tyre. Ne ishim shpif\u00ebsit p\u00ebr akuzat e p\u00ebrdhunimit, vrasjeve dhe trafikur t\u00eb drog\u00ebs edhe p\u00ebr to.<\/em><\/span><\/p>\n<p><span style=\"color: #000000;\"><em>Mbrojti incinerator\u00ebt. Ne shpifnim p\u00ebr korrupsionin, por nj\u00eb dyzin\u00eb zyrtar\u00ebsh jan\u00eb n\u00eb burg p\u00ebr k\u00ebt\u00eb.<\/em><\/span><\/p>\n<p><span style=\"color: #000000;\"><em>Me k\u00ebto fushata shpifjesh, sulmesh dhe dhune ndaj opozit\u00ebs, Edi Rama ka mbrojtur \u00e7dok\u00ebnd dhe \u00e7do gj\u00eb q\u00eb i rrezikonte pushtetin e vet.<\/em><\/span><\/p>\n<p><span style=\"color: #000000;\"><em>Ervin Salianji nuk e ka sajuar q\u00eb v\u00ebllai i Ministrit t\u00eb Brendsh\u00ebm t\u00eb Edi Ram\u00ebs ishte nj\u00eb trafikant i d\u00ebnuar droge n\u00eb Itali dhe qendronte i qet\u00eb n\u00eb Shqip\u00ebri, pa kryer d\u00ebnimin, n\u00ebn mbrojtjen politike t\u00eb qeveris\u00eb s\u00eb Edi Ram\u00ebs. Ka di\u00e7ka p\u00ebr t\u00eb th\u00ebn\u00eb p\u00ebr k\u00ebt\u00eb Edi Rama?<\/em><\/span><\/p>\n<p><span style=\"color: #000000;\"><em>Ervin Salianji u b\u00eb z\u00ebri publik i nj\u00eb denoncimi t\u00eb ardhur n\u00eb Partin\u00eb Demokratike se v\u00ebllai trafikant i Ministrit t\u00eb Brendsh\u00ebm t\u00eb Edi Ram\u00ebs vazhdonte i qet\u00eb aktivitetin e paligjsh\u00ebm t\u00eb trafikut t\u00eb drog\u00ebs. Cili institucion e hetoi q\u00eb kjo nuk \u00ebsht\u00eb e v\u00ebrtet\u00eb? Policia e Shtetit vart\u00ebse e Ministrit me v\u00ebllain trafikant? Ka di\u00e7ka p\u00ebr t\u00eb th\u00ebn\u00eb p\u00ebr k\u00ebt\u00eb Edi Rama?<\/em><\/span><\/p>\n<p><span style=\"color: #000000;\"><em>Pse nuk iu mor\u00ebn mostrat e z\u00ebrit v\u00ebllait t\u00eb Ministrit t\u00eb Brendsh\u00ebm, por u nis paket\u00eb postale p\u00ebr t\u00eb b\u00ebr\u00eb burgun n\u00eb Itali? Ka di\u00e7ka p\u00ebr t\u00eb th\u00ebn\u00eb p\u00ebr k\u00ebt\u00eb Edi Rama?<\/em><\/span><\/p>\n<p><span style=\"color: #000000;\"><em>P\u00ebrpara se t\u00eb na tregoj\u00eb p\u00ebrrallat e vjet\u00ebruara me drejt\u00ebsi t\u00eb pavarur, Edi Rama duhet t\u00eb na thot\u00eb edhe di\u00e7ka tjet\u00ebr. \u00c7far\u00eb b\u00ebnte v\u00ebllai i tij me makin\u00ebn q\u00eb p\u00ebrdornin trafikant\u00ebt e drog\u00ebs s\u00eb Xibrak\u00ebs n\u00eb t\u00eb nj\u00ebjt\u00ebn koh\u00eb kur ngrihej laboratori i drog\u00ebs dhe kishte nisur p\u00ebrpunimi i kokain\u00ebs n\u00eb Xibrak\u00eb? Ka di\u00e7ka p\u00ebr t\u00eb th\u00ebn\u00eb p\u00ebr k\u00ebt\u00eb Edi Rama<\/em>?\u201d-shkruan Bardhi n\u00eb rrjetin \u201cX\u201d.<\/span><\/p>\n","protected":false,"gt_translate_keys":[{"key":"rendered","format":"html"}]},"excerpt":{"rendered":"<p>Kreu i Grupit Parlamentar t\u00eb PD-s\u00eb, Gazment Bardhi ka reaguar ndaj Kryeministrit Edi Rama i cili shkroi se Ervin Salianji duke u viktimizuar u b\u00eb heroi i ri i \u201cMbret\u00ebris\u00eb s\u00eb Shpifarak\u00ebve\u201d. Sipas Bardhi, Rama po b\u00ebn gjith\u00e7ka p\u00ebr t\u00eb ndikuar n\u00eb hetimin ndaj v\u00ebllait t\u00eb tij duje e pasur hall Olsi Ram\u00ebn nj\u00ebsoj si [&hellip;]<\/p>\n","protected":false,"gt_translate_keys":[{"key":"rendered","format":"html"}]},"author":32,"featured_media":684522,"comment_status":"closed","ping_status":"open","sticky":false,"template":"","format":"standard","meta":{"footnotes":""},"categories":[65,13],"tags":[],"class_list":["post-700913","post","type-post","status-publish","format-standard","has-post-thumbnail","hentry","category-lajme","category-te-fundit"],"gt_translate_keys":[{"key":"link","format":"url"}],"_links":{"self":[{"href":"https:\/\/www.hashtag.al\/index.php\/wp-json\/wp\/v2\/posts\/700913","targetHints":{"allow":["GET"]}}],"collection":[{"href":"https:\/\/www.hashtag.al\/index.php\/wp-json\/wp\/v2\/posts"}],"about":[{"href":"https:\/\/www.hashtag.al\/index.php\/wp-json\/wp\/v2\/types\/post"}],"author":[{"embeddable":true,"href":"https:\/\/www.hashtag.al\/index.php\/wp-json\/wp\/v2\/users\/32"}],"replies":[{"embeddable":true,"href":"https:\/\/www.hashtag.al\/index.php\/wp-json\/wp\/v2\/comments?post=700913"}],"version-history":[{"count":0,"href":"https:\/\/www.hashtag.al\/index.php\/wp-json\/wp\/v2\/posts\/700913\/revisions"}],"wp:featuredmedia":[{"embeddable":true,"href":"https:\/\/www.hashtag.al\/index.php\/wp-json\/wp\/v2\/media\/684522"}],"wp:attachment":[{"href":"https:\/\/www.hashtag.al\/index.php\/wp-json\/wp\/v2\/media?parent=700913"}],"wp:term":[{"taxonomy":"category","embeddable":true,"href":"https:\/\/www.hashtag.al\/index.php\/wp-json\/wp\/v2\/categories?post=700913"},{"taxonomy":"post_tag","embeddable":true,"href":"https:\/\/www.hashtag.al\/index.php\/wp-json\/wp\/v2\/tags?post=700913"}],"curies":[{"name":"wp","href":"https:\/\/api.w.org\/{rel}","templated":true}]}}