{"id":700870,"date":"2024-09-27T17:33:19","date_gmt":"2024-09-27T15:33:19","guid":{"rendered":"https:\/\/www.hashtag.al\/?p=700870"},"modified":"2024-09-27T17:33:19","modified_gmt":"2024-09-27T15:33:19","slug":"salianji-drejt-drejtorise-se-policise-se-tiranes-do-sakrifikoj-lirine-time-per-te-verteten","status":"publish","type":"post","link":"https:\/\/www.hashtag.al\/index.php\/2024\/09\/27\/salianji-drejt-drejtorise-se-policise-se-tiranes-do-sakrifikoj-lirine-time-per-te-verteten\/","title":{"rendered":"Salianji drejt Drejtoris\u00eb s\u00eb Policis\u00eb s\u00eb Tiran\u00ebs: Do sakrifikoj lirin\u00eb time p\u00ebr t\u00eb v\u00ebrtet\u00ebn","gt_translate_keys":[{"key":"rendered","format":"text"}]},"content":{"rendered":"<p style=\"text-align: left;\"><span style=\"color: #000000;\"><img loading=\"lazy\" decoding=\"async\" class=\" wp-image-700772 aligncenter\" src=\"https:\/\/www.hashtag.al\/wp-content\/uploads\/2024\/09\/Salianji-1-e1727425826627-300x165.jpg\" alt=\"\" width=\"589\" height=\"324\" srcset=\"https:\/\/www.hashtag.al\/wp-content\/uploads\/2024\/09\/Salianji-1-e1727425826627-300x165.jpg 300w, https:\/\/www.hashtag.al\/wp-content\/uploads\/2024\/09\/Salianji-1-e1727425826627-1024x565.jpg 1024w, https:\/\/www.hashtag.al\/wp-content\/uploads\/2024\/09\/Salianji-1-e1727425826627-768x424.jpg 768w, https:\/\/www.hashtag.al\/wp-content\/uploads\/2024\/09\/Salianji-1-e1727425826627.jpg 1280w\" sizes=\"auto, (max-width: 589px) 100vw, 589px\" \/><\/span><\/p>\n<p style=\"text-align: left;\"><span style=\"color: #000000;\">Deputeti Ervin Salianji ka dal\u00eb nga selia e Partis\u00eb Demokratike dhe \u00ebsht\u00eb drejtuar n\u00eb Drejtorin\u00eb e Policis\u00eb s\u00eb Tiran\u00ebs p\u00ebr tu vet\u00ebdor\u00ebzuar pas vendimit t\u00eb Gjykat\u00ebs s\u00eb Apelit q\u00eb e d\u00ebnoi me nj\u00eb vit burg.<\/span><\/p>\n<p style=\"text-align: left;\"><span style=\"color: #000000;\">Salianji shprehu se \u00e7do p\u00ebrpjekje e tij ka qen\u00eb n\u00eb interesin publik dhe se ky vendim \u00ebsht\u00eb politik. Ai theksoi se do t\u00eb vazhdoj\u00eb betej\u00ebn e tij p\u00ebr t\u00eb v\u00ebrtet\u00ebn, duke shpresuar se do t\u00eb jet\u00eb nj\u00eb betej\u00eb p\u00ebr qytetar\u00ebt.<\/span><\/p>\n<p style=\"text-align: left;\"><span style=\"color: #000000;\">Ai njoftoi gjithashtu se protesta p\u00ebr t\u00eb mb\u00ebshtetur kauz\u00ebn e tij do t\u00eb mbahet m\u00eb 6 tetor, duke n\u00ebnvizuar se qytetar\u00ebt kan\u00eb reaguar dhe do t\u00eb organizohen n\u00eb protesta t\u00eb m\u00ebdha.<\/span><\/p>\n<p style=\"text-align: left;\"><span style=\"color: #000000;\"><b>&#8220;<\/b><em>\u00c7do p\u00ebrpjekje q\u00eb kam b\u00ebr\u00eb \u00ebsht\u00eb p\u00ebr interesin publik, k\u00ebta nuk do t\u00eb ngopen p\u00ebr t\u00eb keq\u00ebn, as n\u00eb nuk do ngopemi duke b\u00ebr\u00eb mir\u00eb apo duke p\u00ebrmir\u00ebsuar cil\u00ebsin\u00eb e jet\u00ebs t\u00eb qytetar\u00ebve dhe forcojm\u00eb nj\u00eb demokrati ku t\u00eb funksionoj shteti i s\u00eb drejt\u00ebs.<\/em><img loading=\"lazy\" decoding=\"async\" src=\"https:\/\/ads2.panorama.com.al\/www\/delivery\/lg.php?bannerid=0&amp;campaignid=0&amp;zoneid=1084&amp;loc=https%3A%2F%2Fwww.panorama.com.al%2Fsalianji-del-nga-selia-e-pd-se-nisjet-drejt-drejtorise-se-policise-se-tiranes-luften-do-te-bej-aty-do-sakrifikoj-lirine-time-per-te-verteten%2F&amp;referer=https%3A%2F%2Fwww.panorama.com.al%2F&amp;cb=ef3b48ea85\" alt=\"\" width=\"0\" height=\"0\" \/><\/span><\/p>\n<p style=\"text-align: left;\"><span style=\"color: #000000;\"><em>Grupi ka vendosur t\u00eb ngujohej se ky \u00ebsht\u00eb nj\u00eb vendim politik, por duke qen\u00eb se un\u00eb jam shprehur se do p\u00ebrballem edhe n\u00eb k\u00ebt\u00eb peng marrje banditeske, do ta b\u00ebj betej\u00ebn aty, shpresoj t\u00eb jet\u00eb nj\u00eb betej\u00eb p\u00ebr qytetar\u00ebt.<\/em><\/span><\/p>\n<p style=\"text-align: left;\"><span style=\"color: #000000;\"><em>Ne sakrifikojm\u00eb lirin\u00eb p\u00ebr t\u00eb th\u00ebn\u00eb t\u00eb v\u00ebrtet\u00ebn, sepse e v\u00ebrteta nuk ka \u00e7mim. Protesta do t\u00eb mbahet n\u00eb dat\u00ebn 6 tetor. Tani nuk kam k\u00ebrkuar q\u00eb t\u00eb mbahet asnj\u00eb protest\u00eb par Policis\u00eb. Protestat do t\u00eb jen\u00eb t\u00eb m\u00ebdha, qytetar\u00ebt kan\u00eb reaguar.&#8221;<\/em><\/span><\/p>\n","protected":false,"gt_translate_keys":[{"key":"rendered","format":"html"}]},"excerpt":{"rendered":"<p>Deputeti Ervin Salianji ka dal\u00eb nga selia e Partis\u00eb Demokratike dhe \u00ebsht\u00eb drejtuar n\u00eb Drejtorin\u00eb e Policis\u00eb s\u00eb Tiran\u00ebs p\u00ebr tu vet\u00ebdor\u00ebzuar pas vendimit t\u00eb Gjykat\u00ebs s\u00eb Apelit q\u00eb e d\u00ebnoi me nj\u00eb vit burg. Salianji shprehu se \u00e7do p\u00ebrpjekje e tij ka qen\u00eb n\u00eb interesin publik dhe se ky vendim \u00ebsht\u00eb politik. Ai theksoi [&hellip;]<\/p>\n","protected":false,"gt_translate_keys":[{"key":"rendered","format":"html"}]},"author":49,"featured_media":700772,"comment_status":"closed","ping_status":"open","sticky":false,"template":"","format":"standard","meta":{"footnotes":""},"categories":[65],"tags":[],"class_list":["post-700870","post","type-post","status-publish","format-standard","has-post-thumbnail","hentry","category-lajme"],"gt_translate_keys":[{"key":"link","format":"url"}],"_links":{"self":[{"href":"https:\/\/www.hashtag.al\/index.php\/wp-json\/wp\/v2\/posts\/700870","targetHints":{"allow":["GET"]}}],"collection":[{"href":"https:\/\/www.hashtag.al\/index.php\/wp-json\/wp\/v2\/posts"}],"about":[{"href":"https:\/\/www.hashtag.al\/index.php\/wp-json\/wp\/v2\/types\/post"}],"author":[{"embeddable":true,"href":"https:\/\/www.hashtag.al\/index.php\/wp-json\/wp\/v2\/users\/49"}],"replies":[{"embeddable":true,"href":"https:\/\/www.hashtag.al\/index.php\/wp-json\/wp\/v2\/comments?post=700870"}],"version-history":[{"count":0,"href":"https:\/\/www.hashtag.al\/index.php\/wp-json\/wp\/v2\/posts\/700870\/revisions"}],"wp:featuredmedia":[{"embeddable":true,"href":"https:\/\/www.hashtag.al\/index.php\/wp-json\/wp\/v2\/media\/700772"}],"wp:attachment":[{"href":"https:\/\/www.hashtag.al\/index.php\/wp-json\/wp\/v2\/media?parent=700870"}],"wp:term":[{"taxonomy":"category","embeddable":true,"href":"https:\/\/www.hashtag.al\/index.php\/wp-json\/wp\/v2\/categories?post=700870"},{"taxonomy":"post_tag","embeddable":true,"href":"https:\/\/www.hashtag.al\/index.php\/wp-json\/wp\/v2\/tags?post=700870"}],"curies":[{"name":"wp","href":"https:\/\/api.w.org\/{rel}","templated":true}]}}