{"id":700686,"date":"2024-09-26T17:45:01","date_gmt":"2024-09-26T15:45:01","guid":{"rendered":"https:\/\/www.hashtag.al\/?p=700686"},"modified":"2024-09-26T17:45:01","modified_gmt":"2024-09-26T15:45:01","slug":"denimi-i-salianjit-noka-vendimin-per-kolegun-e-dha-vete-edi-rama-dhe-aspak-ligji","status":"publish","type":"post","link":"https:\/\/www.hashtag.al\/index.php\/2024\/09\/26\/denimi-i-salianjit-noka-vendimin-per-kolegun-e-dha-vete-edi-rama-dhe-aspak-ligji\/","title":{"rendered":"D\u00ebnimi i Salianjit, Noka: Vendimin p\u00ebr kolegun e dha vet\u00eb Edi Rama dhe aspak ligji","gt_translate_keys":[{"key":"rendered","format":"text"}]},"content":{"rendered":"<p style=\"text-align: left;\"><span style=\"color: #000000;\"><img loading=\"lazy\" decoding=\"async\" class=\" wp-image-673334 aligncenter\" src=\"https:\/\/www.hashtag.al\/wp-content\/uploads\/2024\/05\/flamur-noka2-300x168.jpg\" alt=\"\" width=\"561\" height=\"314\" srcset=\"https:\/\/www.hashtag.al\/wp-content\/uploads\/2024\/05\/flamur-noka2-300x168.jpg 300w, https:\/\/www.hashtag.al\/wp-content\/uploads\/2024\/05\/flamur-noka2-768x431.jpg 768w, https:\/\/www.hashtag.al\/wp-content\/uploads\/2024\/05\/flamur-noka2.jpg 1024w\" sizes=\"auto, (max-width: 561px) 100vw, 561px\" \/><\/span><\/p>\n<p style=\"text-align: left;\"><span style=\"color: #000000;\">Sekretari i P\u00ebrgjithsh\u00ebm i Partis\u00eb Demokratike, Flamur Noka, ka reaguar pasi Gjykata e Apelit vendosi t\u00eb l\u00ebr\u00eb n\u00eb fuqi d\u00ebnimin me nj\u00eb vit burg ndaj Ervin Salianjit.<\/span><\/p>\n<p style=\"text-align: left;\"><span style=\"color: #000000;\">Noka u shpreh se vendimin ndaj Salianjit e dha Rama dhe jo ligji.<\/span><\/p>\n<div id=\"taboola-sponsored-mid-article\" class=\"trc_related_container trc_spotlight_widget tbl-trecs-container trc_elastic trc_elastic_sc-ma-balkanweb\" style=\"text-align: left;\" data-placement-name=\"Sponsored Mid Article\">\n<div class=\"trc_rbox_container\">\n<div>\n<div id=\"trc_wrapper_385935902\" class=\"trc_rbox sc-ma-balkanweb trc-content-sponsored\">\n<div id=\"outer_385935902\" class=\"trc_rbox_outer\">\n<div id=\"rbox-t2m\" class=\"trc_rbox_div trc_rbox_border_elm\">\n<div id=\"internal_trc_385935902\">\n<div class=\"videoCube trc_spotlight_item origin-default textItem thumbnail_top videoCube_1_child syndicatedItem trc-first-recommendation trc-spotlight-first-recommendation trc_excludable\" data-item-id=\"~~V1~~-5458126381826332351~~88ZfP0GsEOFb5fS-Sf2cf-JJi2wmPL4Bg-knDomWz6XnoZueAsnM0UTkqRiz-o8uuKa2_rupL9I0kvx1XVufut2qKIJrSNJ_InWKPTfYcgzi8Q9xrwCRV91TiD30JiLnuumNKKJDKNSPlwUU6KcWOWZd7cGOw0NhNQ-Gc521lFYAd7jJMMAhqIvj3F1VgHqvTS8Maux2jWC1gRU3nx5A7r9TK6QJySwJhy-DntOhH_zMULBLNBkDFm3BRwBfY8LE\" data-item-title=\"While You Enjoy the Thrill of the Trade, Let Our Robot Handle the Boring Stuff\" data-item-thumb=\"https:\/\/cdn.taboola.com\/libtrc\/static\/thumbnails\/GETTY_IMAGES\/DV\/1334805030__q73Occrl.jpg\" data-item-syndicated=\"true\">\n<div class=\"thumbBlock_holder\"><\/div>\n<\/div>\n<\/div>\n<\/div>\n<\/div>\n<\/div>\n<\/div>\n<\/div>\n<\/div>\n<p style=\"text-align: left;\"><span style=\"color: #000000;\"><em>\u201cSot vendimin p\u00ebr kolegun Ervin Salianji e dha vet\u00eb Edi Rama dhe aspak ligji. Drejt\u00ebsia sot veproi p\u00ebr llogari t\u00eb narkosektit n\u00eb qeveri. <\/em><\/span><\/p>\n<p style=\"text-align: left;\"><span style=\"color: #000000;\"><em>Kund\u00ebrshtari politik u trajtua si armik nj\u00ebsoj si n\u00eb koh\u00ebn e et\u00ebrve t\u00eb Rilindjes. Kjo qasje ndaj opozit\u00ebs vijon t\u00eb jet\u00eb moto p\u00ebr Ram\u00ebn dhe narkoregjimin e tij.<\/em><\/span><\/p>\n<p style=\"text-align: left;\"><span style=\"color: #000000;\"><em> U d\u00ebnua denoncuesi i krimit dhe i trafikut qeveritar, gj\u00eb q\u00eb s\u2019ndodh askund n\u00eb shtetet e s\u00eb drejt\u00ebs. <\/em><\/span><\/p>\n<p style=\"text-align: left;\"><span style=\"color: #000000;\"><em>Kjo nuk \u00ebsht\u00eb thjesht e vet\u00ebm goditje e drejtp\u00ebrdrejt\u00eb p\u00ebr PD, opozit\u00ebn dhe opozitarizmin si e drejt\u00eb e shprehjes, por nj\u00eb goditje fatale p\u00ebr ligjin dhe shtetin ligjor\u201d,<\/em> tha Noka.<\/span><\/p>\n","protected":false,"gt_translate_keys":[{"key":"rendered","format":"html"}]},"excerpt":{"rendered":"<p>Sekretari i P\u00ebrgjithsh\u00ebm i Partis\u00eb Demokratike, Flamur Noka, ka reaguar pasi Gjykata e Apelit vendosi t\u00eb l\u00ebr\u00eb n\u00eb fuqi d\u00ebnimin me nj\u00eb vit burg ndaj Ervin Salianjit. Noka u shpreh se vendimin ndaj Salianjit e dha Rama dhe jo ligji. \u201cSot vendimin p\u00ebr kolegun Ervin Salianji e dha vet\u00eb Edi Rama dhe aspak ligji. Drejt\u00ebsia [&hellip;]<\/p>\n","protected":false,"gt_translate_keys":[{"key":"rendered","format":"html"}]},"author":49,"featured_media":673334,"comment_status":"closed","ping_status":"open","sticky":false,"template":"","format":"standard","meta":{"footnotes":""},"categories":[65],"tags":[],"class_list":["post-700686","post","type-post","status-publish","format-standard","has-post-thumbnail","hentry","category-lajme"],"gt_translate_keys":[{"key":"link","format":"url"}],"_links":{"self":[{"href":"https:\/\/www.hashtag.al\/index.php\/wp-json\/wp\/v2\/posts\/700686","targetHints":{"allow":["GET"]}}],"collection":[{"href":"https:\/\/www.hashtag.al\/index.php\/wp-json\/wp\/v2\/posts"}],"about":[{"href":"https:\/\/www.hashtag.al\/index.php\/wp-json\/wp\/v2\/types\/post"}],"author":[{"embeddable":true,"href":"https:\/\/www.hashtag.al\/index.php\/wp-json\/wp\/v2\/users\/49"}],"replies":[{"embeddable":true,"href":"https:\/\/www.hashtag.al\/index.php\/wp-json\/wp\/v2\/comments?post=700686"}],"version-history":[{"count":0,"href":"https:\/\/www.hashtag.al\/index.php\/wp-json\/wp\/v2\/posts\/700686\/revisions"}],"wp:featuredmedia":[{"embeddable":true,"href":"https:\/\/www.hashtag.al\/index.php\/wp-json\/wp\/v2\/media\/673334"}],"wp:attachment":[{"href":"https:\/\/www.hashtag.al\/index.php\/wp-json\/wp\/v2\/media?parent=700686"}],"wp:term":[{"taxonomy":"category","embeddable":true,"href":"https:\/\/www.hashtag.al\/index.php\/wp-json\/wp\/v2\/categories?post=700686"},{"taxonomy":"post_tag","embeddable":true,"href":"https:\/\/www.hashtag.al\/index.php\/wp-json\/wp\/v2\/tags?post=700686"}],"curies":[{"name":"wp","href":"https:\/\/api.w.org\/{rel}","templated":true}]}}