{"id":700539,"date":"2024-09-25T19:27:46","date_gmt":"2024-09-25T17:27:46","guid":{"rendered":"https:\/\/www.hashtag.al\/?p=700539"},"modified":"2024-09-25T19:27:46","modified_gmt":"2024-09-25T17:27:46","slug":"khamenei-shba-qendron-pas-sulmeve-te-izraelit-ne-liban","status":"publish","type":"post","link":"https:\/\/www.hashtag.al\/index.php\/2024\/09\/25\/khamenei-shba-qendron-pas-sulmeve-te-izraelit-ne-liban\/","title":{"rendered":"Khamenei: SHBA q\u00ebndron pas sulmeve t\u00eb Izraelit n\u00eb Liban","gt_translate_keys":[{"key":"rendered","format":"text"}]},"content":{"rendered":"<p><span style=\"color: #000000;\"><a style=\"color: #000000;\" href=\"https:\/\/www.hashtag.al\/wp-content\/uploads\/2023\/05\/biden-khamenei.jpg\"><img loading=\"lazy\" decoding=\"async\" class=\"aligncenter size-full wp-image-596614\" src=\"https:\/\/www.hashtag.al\/wp-content\/uploads\/2023\/05\/biden-khamenei.jpg\" alt=\"\" width=\"670\" height=\"334\" srcset=\"https:\/\/www.hashtag.al\/wp-content\/uploads\/2023\/05\/biden-khamenei.jpg 670w, https:\/\/www.hashtag.al\/wp-content\/uploads\/2023\/05\/biden-khamenei-300x150.jpg 300w\" sizes=\"auto, (max-width: 670px) 100vw, 670px\" \/><\/a><\/span><\/p>\n<p><span style=\"color: #000000;\">Vrasja e komandant\u00ebve t\u00eb Hezbollahut nuk do ta gjunj\u00ebzoj\u00eb organizat\u00ebn e mb\u00ebshtetur nga Irani. K\u00ebshtu \u00ebsht\u00eb shprehur Udh\u00ebheq\u00ebsi Suprem i Iranit, Ayatollah Ali Khamenei, pasi Izraeli goditi figura t\u00eb larta t\u00eb Hezbollahut gjat\u00eb dit\u00ebve t\u00eb sulmeve ajrore shkat\u00ebrruese n\u00eb t\u00eb gjith\u00eb Libanin.<\/span><\/p>\n<p><span style=\"color: #000000;\">Khamenei gjithashtu akuzoi Izraelin p\u00ebr vrasjen e civil\u00ebve sepse nuk ishte n\u00eb gjendje t\u00eb mposhtte armiqt\u00eb e tij.<\/span><\/p>\n<p><span style=\"color: #000000;\">\u201cPo, ata (Izraeli) po l\u00ebndojn\u00eb (Hezbollahun). Disa nga element\u00ebt efektiv\u00eb dhe t\u00eb vlefsh\u00ebm t\u00eb Hezbollahut u martirizuan; ishte nj\u00eb humbje, por kjo nuk ishte nj\u00eb humbje q\u00eb shkat\u00ebrroi Hezbollahun. Forca organizative dhe njer\u00ebzore e Hezbollahut \u00ebsht\u00eb shum\u00eb m\u00eb shum\u00eb se k\u00ebto fjal\u00eb, autoriteti, aft\u00ebsia dhe forca e tyre jan\u00eb shum\u00eb m\u00eb tep\u00ebr se k\u00ebto fjal\u00eb p\u00ebr t\u2019u prekur seriozisht nga k\u00ebto humbje nuk ka asnj\u00eb dyshim p\u00ebr k\u00ebt\u00eb, prandaj ata kan\u00eb fituar deri m\u00eb tani, dhe me hirin dhe fuqin\u00eb e Zotit, fitorja p\u00ebrfundimtare n\u00eb k\u00ebt\u00eb betej\u00eb i takon rezistenc\u00ebs dhe frontit t\u00eb Hezbollahut\u201d, tha Ajatollahu.<\/span><\/p>\n<p><span style=\"color: #000000;\">Ofensiva e re e Izraelit kund\u00ebr Hezbollahut ka vrar\u00eb 569 njer\u00ebz q\u00eb nga e h\u00ebna sipas ministrit t\u00eb sh\u00ebndet\u00ebsis\u00eb t\u00eb Libanit. Sulmi m\u00eb vdekjeprur\u00ebs n\u00eb Liban n\u00eb gati dy dekada pason gati nj\u00eb vit luft\u00eb midis Izraelit dhe grupit militant palestinez Hamas n\u00eb Gaza. Khamenei faj\u00ebsoi Uashingtonin p\u00ebr p\u00ebrshkall\u00ebzimin n\u00eb Liban.<\/span><\/p>\n<p><span style=\"color: #000000;\">\u201cAmerika q\u00ebndron pas (Izraelit), amerikan\u00ebt thon\u00eb: ne nuk jemi t\u00eb p\u00ebrfshir\u00eb, nuk kemi informacion, ata thon\u00eb t\u00eb kund\u00ebrt\u00ebn! Ata e din\u00eb, jan\u00eb t\u00eb p\u00ebrfshir\u00eb dhe kan\u00eb nevoj\u00eb p\u00ebr fitoren e regjimit sionist. N\u00eb zgjedhjet, qeveria aktuale amerikane duhet t\u00eb tregoj\u00eb se ka mb\u00ebshtetur regjimin sionist dhe ka fituar\u201d, tha ai. Irani ka qen\u00eb aleat i Hezbollahut q\u00eb nga krijimi i grupit t\u00eb armatosur libanez n\u00eb 1982.\u00a0<\/span><\/p>\n","protected":false,"gt_translate_keys":[{"key":"rendered","format":"html"}]},"excerpt":{"rendered":"<p>Vrasja e komandant\u00ebve t\u00eb Hezbollahut nuk do ta gjunj\u00ebzoj\u00eb organizat\u00ebn e mb\u00ebshtetur nga Irani. K\u00ebshtu \u00ebsht\u00eb shprehur Udh\u00ebheq\u00ebsi Suprem i Iranit, Ayatollah Ali Khamenei, pasi Izraeli goditi figura t\u00eb larta t\u00eb Hezbollahut gjat\u00eb dit\u00ebve t\u00eb sulmeve ajrore shkat\u00ebrruese n\u00eb t\u00eb gjith\u00eb Libanin. Khamenei gjithashtu akuzoi Izraelin p\u00ebr vrasjen e civil\u00ebve sepse nuk ishte n\u00eb gjendje [&hellip;]<\/p>\n","protected":false,"gt_translate_keys":[{"key":"rendered","format":"html"}]},"author":32,"featured_media":596614,"comment_status":"closed","ping_status":"open","sticky":false,"template":"","format":"standard","meta":{"footnotes":""},"categories":[6,13],"tags":[],"class_list":["post-700539","post","type-post","status-publish","format-standard","has-post-thumbnail","hentry","category-nderkombetare","category-te-fundit"],"gt_translate_keys":[{"key":"link","format":"url"}],"_links":{"self":[{"href":"https:\/\/www.hashtag.al\/index.php\/wp-json\/wp\/v2\/posts\/700539","targetHints":{"allow":["GET"]}}],"collection":[{"href":"https:\/\/www.hashtag.al\/index.php\/wp-json\/wp\/v2\/posts"}],"about":[{"href":"https:\/\/www.hashtag.al\/index.php\/wp-json\/wp\/v2\/types\/post"}],"author":[{"embeddable":true,"href":"https:\/\/www.hashtag.al\/index.php\/wp-json\/wp\/v2\/users\/32"}],"replies":[{"embeddable":true,"href":"https:\/\/www.hashtag.al\/index.php\/wp-json\/wp\/v2\/comments?post=700539"}],"version-history":[{"count":0,"href":"https:\/\/www.hashtag.al\/index.php\/wp-json\/wp\/v2\/posts\/700539\/revisions"}],"wp:featuredmedia":[{"embeddable":true,"href":"https:\/\/www.hashtag.al\/index.php\/wp-json\/wp\/v2\/media\/596614"}],"wp:attachment":[{"href":"https:\/\/www.hashtag.al\/index.php\/wp-json\/wp\/v2\/media?parent=700539"}],"wp:term":[{"taxonomy":"category","embeddable":true,"href":"https:\/\/www.hashtag.al\/index.php\/wp-json\/wp\/v2\/categories?post=700539"},{"taxonomy":"post_tag","embeddable":true,"href":"https:\/\/www.hashtag.al\/index.php\/wp-json\/wp\/v2\/tags?post=700539"}],"curies":[{"name":"wp","href":"https:\/\/api.w.org\/{rel}","templated":true}]}}