{"id":700477,"date":"2024-09-25T14:08:46","date_gmt":"2024-09-25T12:08:46","guid":{"rendered":"https:\/\/www.hashtag.al\/?p=700477"},"modified":"2024-09-25T14:18:47","modified_gmt":"2024-09-25T12:18:47","slug":"spiropali-pret-ambasadorin-britanik-nicholas-abbott-punojme-mbi-ndertimin-e-nje-bashkepunimi","status":"publish","type":"post","link":"https:\/\/www.hashtag.al\/index.php\/2024\/09\/25\/spiropali-pret-ambasadorin-britanik-nicholas-abbott-punojme-mbi-ndertimin-e-nje-bashkepunimi\/","title":{"rendered":"Spiropali pret ambasadorin britanik Nicholas Abbott: Punojm\u00eb mbi nd\u00ebrtimin e nj\u00eb bashk\u00ebpunimi","gt_translate_keys":[{"key":"rendered","format":"text"}]},"content":{"rendered":"<p style=\"text-align: left;\"><span style=\"color: #000000;\"><img loading=\"lazy\" decoding=\"async\" class=\" wp-image-700478 aligncenter\" src=\"https:\/\/www.hashtag.al\/wp-content\/uploads\/2024\/09\/Capture-515-706x450-1-300x191.jpg\" alt=\"\" width=\"765\" height=\"487\" srcset=\"https:\/\/www.hashtag.al\/wp-content\/uploads\/2024\/09\/Capture-515-706x450-1-300x191.jpg 300w, https:\/\/www.hashtag.al\/wp-content\/uploads\/2024\/09\/Capture-515-706x450-1.jpg 706w\" sizes=\"auto, (max-width: 765px) 100vw, 765px\" \/><\/span><\/p>\n<p style=\"text-align: left;\"><span style=\"color: #000000;\">Kryetarja e Kuvendit, znj. Elisa Spiropali, priti sot n\u00eb Kryesin\u00eb e Kuvendit Ambasadorin e Mbret\u00ebris\u00eb s\u00eb Bashkuar, z. Nicholas Abbott, me rastin e fillimit t\u00eb misionit t\u00eb tij n\u00eb Shqip\u00ebri.<\/span><\/p>\n<p style=\"text-align: left;\"><span style=\"color: #000000;\">Kryetarja Spiropali vler\u00ebsoi bashk\u00ebpunimin e gjithansh\u00ebm dhe shum\u00eb t\u00eb mir\u00eb mes Shqip\u00ebris\u00eb dhe Mbret\u00ebris\u00eb s\u00eb Bashkuar dhe vuri n\u00eb dukje p\u00ebrpjekjet q\u00eb po b\u00ebn Kuvendi p\u00ebr nd\u00ebrtimin e nj\u00eb bashk\u00ebpunimi e debati konstruktiv, p\u00ebr t\u00eb p\u00ebrballuar sfidat e integrimit europian dhe thellimin e reformave, vijimin e bashk\u00ebpunimit mes Kuvendit dhe Dhom\u00ebs s\u00eb Komun\u00ebve p\u00ebr nxitjen e bashk\u00ebpunimit dypal\u00ebsh dhe miq\u00ebsis\u00eb mes qytetar\u00ebve t\u00eb t\u00eb dy vendeve, forcimin e rolit mbik\u00ebqyr\u00ebs t\u00eb Kuvendit, modernizimin e procesit legjislativ dhe rritjen e transparenc\u00ebs s\u00eb veprimtaris\u00eb parlamentare. <\/span><\/p>\n<p style=\"text-align: left;\"><span style=\"color: #000000;\">Znj. Spiropali falenderoi Ambasadorin Abbott p\u00ebr mb\u00ebshtetjen e Mbret\u00ebris\u00eb s\u00eb Bashkuar p\u00ebr Kosov\u00ebn dhe vuri n\u00eb dukje kontributin e vler\u00ebsuar t\u00eb Shqip\u00ebris\u00eb p\u00ebr bashk\u00ebpunimin, sigurin\u00eb e paqen n\u00eb rajon.<\/span><\/p>\n<p style=\"text-align: left;\"><span style=\"color: #000000;\">Ambasadori Abbott vler\u00ebsoi arritjet e gjithanshme t\u00eb Shqip\u00ebris\u00eb n\u00eb zhvillimin ekonomik dhe konsolidimin e institucioneve si nj\u00eb demokraci q\u00eb funksionon shum\u00eb mir\u00eb dhe vuri n\u00eb dukje se Mbret\u00ebria e Bashkuar do t\u00eb vijoj\u00eb t\u00eb mb\u00ebshtes\u00eb Shqip\u00ebrin\u00eb, Kosov\u00ebn dhe vendet e Ballkanit Per\u00ebndimor drejt integrimeve euro-atlantike.<\/span><\/p>\n<p><iframe loading=\"lazy\" style=\"border: none; overflow: hidden;\" src=\"https:\/\/www.facebook.com\/plugins\/post.php?href=https%3A%2F%2Fwww.facebook.com%2Fespiropali%2Fposts%2Fpfbid02BzzwnsXvobdaDg58Wp25dStCubACLM9aP8fNUHzG794toUumuBqenDTi8hj6yTTKl&amp;show_text=true&amp;width=500\" width=\"500\" height=\"761\" frameborder=\"0\" scrolling=\"no\" allowfullscreen=\"allowfullscreen\"><\/iframe><\/p>\n","protected":false,"gt_translate_keys":[{"key":"rendered","format":"html"}]},"excerpt":{"rendered":"<p>Kryetarja e Kuvendit, znj. Elisa Spiropali, priti sot n\u00eb Kryesin\u00eb e Kuvendit Ambasadorin e Mbret\u00ebris\u00eb s\u00eb Bashkuar, z. Nicholas Abbott, me rastin e fillimit t\u00eb misionit t\u00eb tij n\u00eb Shqip\u00ebri. Kryetarja Spiropali vler\u00ebsoi bashk\u00ebpunimin e gjithansh\u00ebm dhe shum\u00eb t\u00eb mir\u00eb mes Shqip\u00ebris\u00eb dhe Mbret\u00ebris\u00eb s\u00eb Bashkuar dhe vuri n\u00eb dukje p\u00ebrpjekjet q\u00eb po b\u00ebn Kuvendi [&hellip;]<\/p>\n","protected":false,"gt_translate_keys":[{"key":"rendered","format":"html"}]},"author":49,"featured_media":700478,"comment_status":"closed","ping_status":"open","sticky":false,"template":"","format":"standard","meta":{"footnotes":""},"categories":[65],"tags":[],"class_list":["post-700477","post","type-post","status-publish","format-standard","has-post-thumbnail","hentry","category-lajme"],"gt_translate_keys":[{"key":"link","format":"url"}],"_links":{"self":[{"href":"https:\/\/www.hashtag.al\/index.php\/wp-json\/wp\/v2\/posts\/700477","targetHints":{"allow":["GET"]}}],"collection":[{"href":"https:\/\/www.hashtag.al\/index.php\/wp-json\/wp\/v2\/posts"}],"about":[{"href":"https:\/\/www.hashtag.al\/index.php\/wp-json\/wp\/v2\/types\/post"}],"author":[{"embeddable":true,"href":"https:\/\/www.hashtag.al\/index.php\/wp-json\/wp\/v2\/users\/49"}],"replies":[{"embeddable":true,"href":"https:\/\/www.hashtag.al\/index.php\/wp-json\/wp\/v2\/comments?post=700477"}],"version-history":[{"count":0,"href":"https:\/\/www.hashtag.al\/index.php\/wp-json\/wp\/v2\/posts\/700477\/revisions"}],"wp:featuredmedia":[{"embeddable":true,"href":"https:\/\/www.hashtag.al\/index.php\/wp-json\/wp\/v2\/media\/700478"}],"wp:attachment":[{"href":"https:\/\/www.hashtag.al\/index.php\/wp-json\/wp\/v2\/media?parent=700477"}],"wp:term":[{"taxonomy":"category","embeddable":true,"href":"https:\/\/www.hashtag.al\/index.php\/wp-json\/wp\/v2\/categories?post=700477"},{"taxonomy":"post_tag","embeddable":true,"href":"https:\/\/www.hashtag.al\/index.php\/wp-json\/wp\/v2\/tags?post=700477"}],"curies":[{"name":"wp","href":"https:\/\/api.w.org\/{rel}","templated":true}]}}