{"id":700295,"date":"2024-09-24T14:33:24","date_gmt":"2024-09-24T12:33:24","guid":{"rendered":"https:\/\/www.hashtag.al\/?p=700295"},"modified":"2024-09-24T14:33:24","modified_gmt":"2024-09-24T12:33:24","slug":"takimi-me-noken-meta-biseduam-per-koordinimin-e-veprimit-opozitar-per-zgjedhjet-e-2025-es","status":"publish","type":"post","link":"https:\/\/www.hashtag.al\/index.php\/2024\/09\/24\/takimi-me-noken-meta-biseduam-per-koordinimin-e-veprimit-opozitar-per-zgjedhjet-e-2025-es\/","title":{"rendered":"Takimi me Nok\u00ebn, Meta: Biseduam p\u00ebr koordinimin e veprimit opozitar p\u00ebr zgjedhjet e 2025-\u00ebs","gt_translate_keys":[{"key":"rendered","format":"text"}]},"content":{"rendered":"<p><span style=\"color: #000000;\"><a href=\"https:\/\/www.hashtag.al\/wp-content\/uploads\/2024\/08\/meta-1.png\"><img loading=\"lazy\" decoding=\"async\" class=\"aligncenter size-full wp-image-694288\" src=\"https:\/\/www.hashtag.al\/wp-content\/uploads\/2024\/08\/meta-1.png\" alt=\"\" width=\"957\" height=\"496\" srcset=\"https:\/\/www.hashtag.al\/wp-content\/uploads\/2024\/08\/meta-1.png 957w, https:\/\/www.hashtag.al\/wp-content\/uploads\/2024\/08\/meta-1-300x155.png 300w, https:\/\/www.hashtag.al\/wp-content\/uploads\/2024\/08\/meta-1-768x398.png 768w\" sizes=\"auto, (max-width: 957px) 100vw, 957px\" \/><\/a><\/span><\/p>\n<p><span style=\"color: #000000;\">Kryetari i Partis\u00eb s\u00eb Liris\u00eb Ilir Meta, n\u00eb konferenc\u00ebn p\u00ebr mediat foli p\u00ebr takimin q\u00eb ka pasur me Flamur Nok\u00ebn.<\/span><\/p>\n<p><span style=\"color: #000000;\">Meta tha se ka zhvilluar dje nj\u00eb takim me Nok\u00ebn, duke shtuar se kan\u00eb biseduar p\u00ebr koordinimin e veprimit opozitar. Ai tha se zgjedhjet e 2025 jan\u00eb t\u00eb rrezikuara, duke th\u00ebn\u00eb se apelon p\u00ebr nj\u00eb mobilizim t\u00eb opozit\u00ebs, p\u00ebr t\u00eb mbrojtur vot\u00ebn e lir\u00eb.<\/span><\/p>\n<p><span style=\"color: #000000;\"><strong><em>Ilir Meta:<\/em><\/strong><em> Jam takuar dje me Nok\u00ebn. Ka qen\u00eb nj\u00eb takim miq\u00ebsor, \u00ebsht\u00eb diskutuar p\u00ebr tema t\u00eb ndryshme t\u00eb bashk\u00ebpunimit, q\u00eb nga p\u00ebrshkall\u00ebzimi i protestave dhe koordinimi m\u00eb i mir\u00eb i veprimit opozitar, p\u00ebr t\u00eb forcuar bashk\u00ebpunimit n\u00eb drejtim t\u00eb zgjedhjeve 2025.<\/em><\/span><\/p>\n<p><span style=\"color: #000000;\"><em>Zgjedhjet e 2025 jan\u00eb t\u00eb rrezikuara, apelojm\u00eb p\u00ebr rritjen e mobilizimit opozitar p\u00ebr t\u00eb mbrojtur vot\u00ebn nga ky regjim. Partia e Liris\u00eb ka nisur mobilizimin e saj n\u00eb Tiran\u00eb dhe n\u00eb rrethe, n\u00eb m\u00ebnyr\u00eb q\u00eb t\u00eb arrijm\u00eb nj\u00eb rezultat spektakolar n\u00eb zgjedhje. E r\u00ebnd\u00ebsishme \u00ebsht\u00eb fryma e aksionit opozitar ndaj narko-shtetit.<\/em><\/span><\/p>\n","protected":false,"gt_translate_keys":[{"key":"rendered","format":"html"}]},"excerpt":{"rendered":"<p>Kryetari i Partis\u00eb s\u00eb Liris\u00eb Ilir Meta, n\u00eb konferenc\u00ebn p\u00ebr mediat foli p\u00ebr takimin q\u00eb ka pasur me Flamur Nok\u00ebn. Meta tha se ka zhvilluar dje nj\u00eb takim me Nok\u00ebn, duke shtuar se kan\u00eb biseduar p\u00ebr koordinimin e veprimit opozitar. Ai tha se zgjedhjet e 2025 jan\u00eb t\u00eb rrezikuara, duke th\u00ebn\u00eb se apelon p\u00ebr nj\u00eb [&hellip;]<\/p>\n","protected":false,"gt_translate_keys":[{"key":"rendered","format":"html"}]},"author":32,"featured_media":694288,"comment_status":"closed","ping_status":"open","sticky":false,"template":"","format":"standard","meta":{"footnotes":""},"categories":[65],"tags":[],"class_list":["post-700295","post","type-post","status-publish","format-standard","has-post-thumbnail","hentry","category-lajme"],"gt_translate_keys":[{"key":"link","format":"url"}],"_links":{"self":[{"href":"https:\/\/www.hashtag.al\/index.php\/wp-json\/wp\/v2\/posts\/700295","targetHints":{"allow":["GET"]}}],"collection":[{"href":"https:\/\/www.hashtag.al\/index.php\/wp-json\/wp\/v2\/posts"}],"about":[{"href":"https:\/\/www.hashtag.al\/index.php\/wp-json\/wp\/v2\/types\/post"}],"author":[{"embeddable":true,"href":"https:\/\/www.hashtag.al\/index.php\/wp-json\/wp\/v2\/users\/32"}],"replies":[{"embeddable":true,"href":"https:\/\/www.hashtag.al\/index.php\/wp-json\/wp\/v2\/comments?post=700295"}],"version-history":[{"count":0,"href":"https:\/\/www.hashtag.al\/index.php\/wp-json\/wp\/v2\/posts\/700295\/revisions"}],"wp:featuredmedia":[{"embeddable":true,"href":"https:\/\/www.hashtag.al\/index.php\/wp-json\/wp\/v2\/media\/694288"}],"wp:attachment":[{"href":"https:\/\/www.hashtag.al\/index.php\/wp-json\/wp\/v2\/media?parent=700295"}],"wp:term":[{"taxonomy":"category","embeddable":true,"href":"https:\/\/www.hashtag.al\/index.php\/wp-json\/wp\/v2\/categories?post=700295"},{"taxonomy":"post_tag","embeddable":true,"href":"https:\/\/www.hashtag.al\/index.php\/wp-json\/wp\/v2\/tags?post=700295"}],"curies":[{"name":"wp","href":"https:\/\/api.w.org\/{rel}","templated":true}]}}