{"id":700292,"date":"2024-09-24T14:16:45","date_gmt":"2024-09-24T12:16:45","guid":{"rendered":"https:\/\/www.hashtag.al\/?p=700292"},"modified":"2024-09-24T14:16:45","modified_gmt":"2024-09-24T12:16:45","slug":"spiropali-vizitoi-muzeun-e-kongresit-te-alfabetit-ne-manastir-dhe-shtepine-e-nene-terezes-ne-shkup","status":"publish","type":"post","link":"https:\/\/www.hashtag.al\/index.php\/2024\/09\/24\/spiropali-vizitoi-muzeun-e-kongresit-te-alfabetit-ne-manastir-dhe-shtepine-e-nene-terezes-ne-shkup\/","title":{"rendered":"Spiropali vizitoi Muzeun e Kongresit t\u00eb Alfabetit n\u00eb Manastir dhe Sht\u00ebpin\u00eb e N\u00ebn\u00eb Terez\u00ebs n\u00eb Shkup","gt_translate_keys":[{"key":"rendered","format":"text"}]},"content":{"rendered":"<p><span style=\"color: #000000;\"><a href=\"https:\/\/www.hashtag.al\/wp-content\/uploads\/2024\/09\/Spiropali2-4.jpg\"><img loading=\"lazy\" decoding=\"async\" class=\"aligncenter size-full wp-image-700293\" src=\"https:\/\/www.hashtag.al\/wp-content\/uploads\/2024\/09\/Spiropali2-4.jpg\" alt=\"\" width=\"1280\" height=\"852\" srcset=\"https:\/\/www.hashtag.al\/wp-content\/uploads\/2024\/09\/Spiropali2-4.jpg 1280w, https:\/\/www.hashtag.al\/wp-content\/uploads\/2024\/09\/Spiropali2-4-300x200.jpg 300w, https:\/\/www.hashtag.al\/wp-content\/uploads\/2024\/09\/Spiropali2-4-1024x682.jpg 1024w, https:\/\/www.hashtag.al\/wp-content\/uploads\/2024\/09\/Spiropali2-4-768x511.jpg 768w\" sizes=\"auto, (max-width: 1280px) 100vw, 1280px\" \/><\/a><\/span><\/p>\n<p><span style=\"color: #000000;\">Kryetarja e Kuvendit, Elisa Spiropali, gjat\u00eb vizit\u00ebs n\u00eb Maqedonin\u00eb e Veriut, p\u00ebrve\u00e7 takimeve zyrtare, , vizitoi Muzeun e Kongresit t\u00eb Alfabetit t\u00eb Gjuh\u00ebs Shqipe n\u00eb Manastir dhe Sht\u00ebpin\u00eb P\u00ebrkujtimore t\u00eb N\u00ebn\u00eb Terez\u00ebs, n\u00eb Shkup.<\/span><\/p>\n<p><span style=\"color: #000000;\">N\u00eb Muzeun e Kongresit t\u00eb Alfabetit t\u00eb Gjuh\u00ebs Shqipe n\u00eb Manastir, Spiropali u prit nga Kryetari i Kuvendit t\u00eb Maqedonis\u00eb s\u00eb Veriut Afrim Gashi dhe personalitete t\u00eb tjera shtet\u00ebrore.<\/span><\/p>\n<p><span style=\"color: #000000;\"><em>\u201cKongresi i Alfabetit t\u00eb Gjuh\u00ebs Shqipe \u00ebsht\u00eb nj\u00ebra prej ngjarjeve m\u00eb madhore p\u00ebr historin\u00eb, kultur\u00ebn, dhe identitetin tone. 51 foto dhe 58 dokumente flasin e na tregojn\u00eb rrug\u00ebn e gjat\u00eb e t\u00eb mundimshme drejt Alfabetit, drejt shkrimit t\u00eb Shqipes, gjuh\u00ebs son\u00eb t\u00eb bukur e t\u00eb shenjt\u00eb, me alfabetin latin. Me vendim t\u00eb qeveris\u00eb shqiptare, 22 n\u00ebntori, Dita e Kongresit t\u00eb Manastirit, kremtohet n\u00eb Shqip\u00ebri si Dita e Alfabetit Shqip.\u201d,<\/em> u shpreh gjat\u00eb vizit\u00ebs Spiropali.<\/span><\/p>\n<p><span style=\"color: #000000;\">Gjat\u00eb vizit\u00ebs n\u00eb Sht\u00ebpin\u00eb P\u00ebrkujtimore t\u00eb N\u00ebn\u00eb Terez\u00ebs n\u00eb Shkup, Spiropali u prit nga Z\u00ebvend\u00ebskryeministri Arben Fetai, Z\u00ebvend\u00ebsministri i Arsimit Lul\u00ebzim Aliu dhe Drejtori i Institutit t\u00eb Albanologjis\u00eb Sk\u00ebnder Asani.<\/span><\/p>\n<p><span style=\"color: #000000;\"><em>\u00a0\u201cNuk mund t\u00eb vija n\u00eb Shkup dhe t\u00eb mos ndaloja p\u00ebr t\u00eb vendosur nj\u00eb buqet\u00eb me lule n\u00eb Sht\u00ebpin\u00eb P\u00ebrkujtimore t\u00eb N\u00ebn\u00eb Terez\u00ebs, shenjtores son\u00eb, bij\u00ebs m\u00eb t\u00eb shquar t\u00eb kombit shqiptar q\u00eb i p\u00ebrket t\u00eb gjith\u00eb bot\u00ebs.\u201d,<\/em> u shpreh Spiropali.<\/span><\/p>\n<p><img decoding=\"async\" src=\"https:\/\/www.balkanweb.com\/wp-content\/uploads\/2024\/09\/Spiropali8-1.jpg\" alt=\"foto galeri \" \/><\/p>\n<p><img decoding=\"async\" src=\"https:\/\/www.balkanweb.com\/wp-content\/uploads\/2024\/09\/Spiropali7.jpg\" alt=\"foto galeri \" \/><\/p>\n<p><img decoding=\"async\" src=\"https:\/\/www.balkanweb.com\/wp-content\/uploads\/2024\/09\/Spiropali6.jpg\" alt=\"foto galeri \" \/><\/p>\n","protected":false,"gt_translate_keys":[{"key":"rendered","format":"html"}]},"excerpt":{"rendered":"<p>Kryetarja e Kuvendit, Elisa Spiropali, gjat\u00eb vizit\u00ebs n\u00eb Maqedonin\u00eb e Veriut, p\u00ebrve\u00e7 takimeve zyrtare, , vizitoi Muzeun e Kongresit t\u00eb Alfabetit t\u00eb Gjuh\u00ebs Shqipe n\u00eb Manastir dhe Sht\u00ebpin\u00eb P\u00ebrkujtimore t\u00eb N\u00ebn\u00eb Terez\u00ebs, n\u00eb Shkup. N\u00eb Muzeun e Kongresit t\u00eb Alfabetit t\u00eb Gjuh\u00ebs Shqipe n\u00eb Manastir, Spiropali u prit nga Kryetari i Kuvendit t\u00eb Maqedonis\u00eb s\u00eb [&hellip;]<\/p>\n","protected":false,"gt_translate_keys":[{"key":"rendered","format":"html"}]},"author":32,"featured_media":700293,"comment_status":"closed","ping_status":"open","sticky":false,"template":"","format":"standard","meta":{"footnotes":""},"categories":[65],"tags":[],"class_list":["post-700292","post","type-post","status-publish","format-standard","has-post-thumbnail","hentry","category-lajme"],"gt_translate_keys":[{"key":"link","format":"url"}],"_links":{"self":[{"href":"https:\/\/www.hashtag.al\/index.php\/wp-json\/wp\/v2\/posts\/700292","targetHints":{"allow":["GET"]}}],"collection":[{"href":"https:\/\/www.hashtag.al\/index.php\/wp-json\/wp\/v2\/posts"}],"about":[{"href":"https:\/\/www.hashtag.al\/index.php\/wp-json\/wp\/v2\/types\/post"}],"author":[{"embeddable":true,"href":"https:\/\/www.hashtag.al\/index.php\/wp-json\/wp\/v2\/users\/32"}],"replies":[{"embeddable":true,"href":"https:\/\/www.hashtag.al\/index.php\/wp-json\/wp\/v2\/comments?post=700292"}],"version-history":[{"count":0,"href":"https:\/\/www.hashtag.al\/index.php\/wp-json\/wp\/v2\/posts\/700292\/revisions"}],"wp:featuredmedia":[{"embeddable":true,"href":"https:\/\/www.hashtag.al\/index.php\/wp-json\/wp\/v2\/media\/700293"}],"wp:attachment":[{"href":"https:\/\/www.hashtag.al\/index.php\/wp-json\/wp\/v2\/media?parent=700292"}],"wp:term":[{"taxonomy":"category","embeddable":true,"href":"https:\/\/www.hashtag.al\/index.php\/wp-json\/wp\/v2\/categories?post=700292"},{"taxonomy":"post_tag","embeddable":true,"href":"https:\/\/www.hashtag.al\/index.php\/wp-json\/wp\/v2\/tags?post=700292"}],"curies":[{"name":"wp","href":"https:\/\/api.w.org\/{rel}","templated":true}]}}