{"id":700236,"date":"2024-09-24T09:30:52","date_gmt":"2024-09-24T07:30:52","guid":{"rendered":"https:\/\/www.hashtag.al\/?p=700236"},"modified":"2024-09-24T09:50:48","modified_gmt":"2024-09-24T07:50:48","slug":"si-perpjekja-e-bankes-italiane-unicredit-per-te-gllaberuar-gjermanen-commerzbank-po-provokon-tensione-politike-mes-berlinit-e-romes","status":"publish","type":"post","link":"https:\/\/www.hashtag.al\/index.php\/2024\/09\/24\/si-perpjekja-e-bankes-italiane-unicredit-per-te-gllaberuar-gjermanen-commerzbank-po-provokon-tensione-politike-mes-berlinit-e-romes\/","title":{"rendered":"Operacioni i italianes UniCredit p\u00ebr t\u00eb \u201cgllab\u00ebruar\u201d gjermanen Commerzbank po provokon tensione mes Berlinit e Rom\u00ebs","gt_translate_keys":[{"key":"rendered","format":"text"}]},"content":{"rendered":"<p><img loading=\"lazy\" decoding=\"async\" class=\"aligncenter size-full wp-image-700237\" src=\"https:\/\/www.hashtag.al\/wp-content\/uploads\/2024\/09\/01201596402961-web-tete.jpg\" alt=\"\" width=\"1280\" height=\"720\" srcset=\"https:\/\/www.hashtag.al\/wp-content\/uploads\/2024\/09\/01201596402961-web-tete.jpg 1280w, https:\/\/www.hashtag.al\/wp-content\/uploads\/2024\/09\/01201596402961-web-tete-300x169.jpg 300w, https:\/\/www.hashtag.al\/wp-content\/uploads\/2024\/09\/01201596402961-web-tete-1024x576.jpg 1024w, https:\/\/www.hashtag.al\/wp-content\/uploads\/2024\/09\/01201596402961-web-tete-768x432.jpg 768w\" sizes=\"auto, (max-width: 1280px) 100vw, 1280px\" \/><\/p>\n<p><span style=\"color: #000000;\">Kancelari gjerman Olaf Scholz ka dal\u00eb kund\u00ebr gllab\u00ebrimit nga UniCredit t\u00eb Commerzbank pasi huadh\u00ebn\u00ebsi italian tha se po rriste aksionet e tij nga rreth 9 p\u00ebr qind n\u00eb 21 p\u00ebr qind.<\/span><\/p>\n<p><span style=\"color: #000000;\">UniCredit t\u00eb h\u00ebn\u00ebn zbuloi se kishte marr\u00eb nj\u00eb 11.5 p\u00ebr qind t\u00eb aksioneve t\u00eb Commerzbank, dy jav\u00eb pasi zbuloi nj\u00eb 9 p\u00ebr qind\u00ebsh t\u00eb aksioneve n\u00eb bank\u00eb, gjysma e t\u00eb cilit ishte bler\u00eb nga qeveria gjermane.<\/span><\/p>\n<p><span style=\"color: #000000;\">Scholz i tha Reuters gjat\u00eb nj\u00eb vizite n\u00eb Nju Jork t\u00eb h\u00ebn\u00ebn se &#8220;sulmet jomiq\u00ebsore dhe marrja p\u00ebrmes kontrolleve armiq\u00ebsore nuk jan\u00eb nj\u00eb gj\u00eb e mir\u00eb p\u00ebr bankat dhe kjo \u00ebsht\u00eb arsyeja pse qeveria gjermane \u00ebsht\u00eb pozicionuar qart\u00eb&#8221;.<\/span><\/p>\n<p><span style=\"color: #000000;\">Shefi ekzekutiv i UniCredit, Andrea Orcel ka th\u00ebn\u00eb m\u00eb par\u00eb se nuk do e ndiqte nj\u00eb marrje t\u00eb Commerzbank pa mb\u00ebshtetjen e qeveris\u00eb.<\/span><\/p>\n<p><span style=\"color: #000000;\">Megjith\u00ebse UniCredit e ka par\u00eb prej koh\u00ebsh Commerzbank si nj\u00eb blerje t\u00eb mundshme, shfaqja e bank\u00ebs italiane si nj\u00eb aksioner kryesor e kapi institucionin gjerman gafil dhe ndezi opozit\u00ebn politike kund\u00ebr nj\u00eb lidhjeje nd\u00ebrkufitare.<\/span><\/p>\n<p><span style=\"color: #000000;\">Pas zbulimit t\u00eb UniCredit t\u00eb h\u00ebn\u00ebn, nj\u00eb zyrtar qeveritar i tha FT se Berlini &#8220;mb\u00ebshtet strategjin\u00eb e Commerzbank e cila \u00ebsht\u00eb e orientuar drejt pavar\u00ebsis\u00eb&#8221;, duke theksuar &#8220;ne nuk mb\u00ebshtesim nj\u00eb blerje dhe e kemi informuar UniCredit p\u00ebr k\u00ebt\u00eb&#8221;.<\/span><\/p>\n<p><span style=\"color: #000000;\">Rritja e fundit e aksioneve t\u00eb Unicredit dhe p\u00ebrgjigja e shkurt\u00ebr e Berlinit sh\u00ebnojn\u00eb nj\u00eb p\u00ebrshkall\u00ebzim t\u00eb mpreht\u00eb n\u00eb nj\u00eb mosmarr\u00ebveshje t\u00eb ashp\u00ebr midis dy aksioner\u00ebve m\u00eb t\u00eb m\u00ebdhenj t\u00eb Commerzbank.<\/span><\/p>\n<p><span style=\"color: #000000;\">Orcel b\u00ebri l\u00ebvizjen e tij t\u00eb fundit pasi Berlini t\u00eb premten tha se nuk do i shes\u00eb m\u00eb 12 p\u00ebr qind t\u00eb aksioneve t\u00eb mbetura n\u00eb Commerzbank si\u00e7 ishte planifikuar, nj\u00eb p\u00ebrgjigje ndaj kund\u00ebrshtimit n\u00eb rritje t\u00eb vendit ndaj operacionit.<\/span><\/p>\n<p><span style=\"color: #000000;\">Edhe pse UniCredit ka nevoj\u00eb p\u00ebr miratim nga Banka Qendrore Evropiane p\u00ebr t\u00eb rritur zot\u00ebrimin e saj mbi 10 p\u00ebr qind, ajo ka bler\u00eb 11.5 p\u00ebr qind t\u00eb aksioneve n\u00eb nj\u00eb m\u00ebnyr\u00eb t\u00eb till\u00eb q\u00eb marr\u00ebveshja nuk do zgjidhet derisa &#8220;t\u00eb jen\u00eb marr\u00eb miratimet e k\u00ebrkuara&#8221;.<\/span><\/p>\n<p><span style=\"color: #000000;\">Megjithat\u00eb, n\u00ebse siguron miratim, UniCredit do e kap\u00ebrcej\u00eb Berlinin si aksioneri m\u00eb i madh i Commerzbank, duke rritur presionin ndaj qeveris\u00eb gjermane.<\/span><\/p>\n<p><img loading=\"lazy\" decoding=\"async\" class=\"aligncenter size-full wp-image-700238\" src=\"https:\/\/www.hashtag.al\/wp-content\/uploads\/2024\/09\/unicredit-commerzbank-ezgif.com-avif-to-jpg-converter-1.jpg\" alt=\"\" width=\"1200\" height=\"678\" srcset=\"https:\/\/www.hashtag.al\/wp-content\/uploads\/2024\/09\/unicredit-commerzbank-ezgif.com-avif-to-jpg-converter-1.jpg 1200w, https:\/\/www.hashtag.al\/wp-content\/uploads\/2024\/09\/unicredit-commerzbank-ezgif.com-avif-to-jpg-converter-1-300x170.jpg 300w, https:\/\/www.hashtag.al\/wp-content\/uploads\/2024\/09\/unicredit-commerzbank-ezgif.com-avif-to-jpg-converter-1-1024x579.jpg 1024w, https:\/\/www.hashtag.al\/wp-content\/uploads\/2024\/09\/unicredit-commerzbank-ezgif.com-avif-to-jpg-converter-1-768x434.jpg 768w\" sizes=\"auto, (max-width: 1200px) 100vw, 1200px\" \/><\/p>\n<p><span style=\"color: #000000;\">UniCredit i k\u00ebrkoi n\u00eb m\u00ebnyr\u00eb t\u00eb p\u00ebrs\u00ebritur qeveris\u00eb gjermane nj\u00eb takim pasi mori 9 p\u00ebr qind t\u00eb aksioneve, por Berlini nuk pranoi, than\u00eb njer\u00ebz t\u00eb njohur me bisedimet. UniCredit nuk pranoi t\u00eb komentonte nd\u00ebrsa qeveria gjermane nuk iu p\u00ebrgjigj menj\u00ebher\u00eb nj\u00eb k\u00ebrkese p\u00ebr koment.<\/span><\/p>\n<p><span style=\"color: #000000;\">Ministri i Jasht\u00ebm italian Antonio Tajani tha t\u00eb h\u00ebn\u00ebn se veprimet e UniCredit ishin &#8220;m\u00ebse t\u00eb ligjshme &#8220;. Roma ka sinjalizuar se \u00ebsht\u00eb n\u00eb favor t\u00eb nj\u00eb marrjeje p\u00ebr aq koh\u00eb sa selia e UniCredit mbetet n\u00eb Itali.<\/span><\/p>\n<p><span style=\"color: #000000;\">Aksionet e Commerzbank, t\u00eb cilat kishin humbur m\u00eb shum\u00eb se 5 p\u00ebr qind n\u00eb fillimin e tregtimit t\u00eb s\u00eb h\u00ebn\u00ebs, u rim\u00ebk\u00ebmb\u00ebn ndjesh\u00ebm pas njoftimit t\u00eb UniCredit.<\/span><\/p>\n<p><span style=\"color: #000000;\">Aksionet jan\u00eb rritur rreth 24 p\u00ebr qind q\u00eb kur UniCredit rriti aksionet e saj fillestare n\u00eb fillim t\u00eb k\u00ebtij muaji. Aksionet e UniCredit humb\u00ebn 2.5 p\u00ebr qind t\u00eb h\u00ebn\u00ebn, por vijojn\u00eb t\u00eb tregtohen m\u00eb lart se p\u00ebrpara se aksionet e saj t\u00eb b\u00ebheshin publike pothuajse dy jav\u00eb m\u00eb par\u00eb.<\/span><\/p>\n<p><span style=\"color: #000000;\">Nj\u00eb person i njohur me mendimet e drejtuesve t\u00eb lart\u00eb t\u00eb Commerzbank tha se nuk ishte menj\u00ebher\u00eb e qart\u00eb se si l\u00ebvizja e fundit e UniCredit p\u00ebrputhet me deklaratat e m\u00ebparshme t\u00eb Orcel se ai as nuk do ndiqte nj\u00eb marrje armiq\u00ebsore dhe as nuk do e merrte Commerzbank kund\u00ebr vullnetit t\u00eb qeveris\u00eb gjermane.<\/span><\/p>\n<p><span style=\"color: #000000;\">Commerzbank i tha Financial Times se kishte &#8220;marr\u00eb parasysh&#8221; l\u00ebvizjen e UniCredit dhe tha se bordet e saj ishin &#8220;gjithmon\u00eb t\u00eb hapur p\u00ebr t\u00eb vler\u00ebsuar me p\u00ebrgjegj\u00ebsi mund\u00ebsit\u00eb strategjike&#8221;. Megjithat\u00eb, ai shtoi se interesat e t\u00eb gjitha pal\u00ebve t\u00eb interesuara &#8211; investitor\u00ebve, punonj\u00ebsve dhe klient\u00ebve &#8211; duheshin marr\u00eb parasysh.<\/span><\/p>\n<p><span style=\"color: #000000;\">Banka italiane ka paraqitur nj\u00eb k\u00ebrkes\u00eb p\u00ebr t\u00eb rritur interesin e saj n\u00eb 29.9 p\u00ebr qind &#8211; nj\u00eb proces q\u00eb mund t\u00eb zgjas\u00eb me muaj. UniCredit do duhej t\u00eb kthehej te Banka Qendrore Evropiane n\u00ebse d\u00ebshiron t\u00eb rris\u00eb aksionet e saj mbi 50 p\u00ebr qind.<\/span><\/p>\n<p><span style=\"color: #000000;\">Nj\u00eb bashkim midis dy grupeve do ishte marr\u00ebveshja e par\u00eb e r\u00ebnd\u00ebsishme bankare nd\u00ebrkufitare n\u00eb Evrop\u00eb q\u00eb nga kriza financiare dhe nj\u00eb katalizator i mundsh\u00ebm p\u00ebr konsolidimin e m\u00ebtejsh\u00ebm n\u00eb t\u00eb gjith\u00eb sektorin e cop\u00ebzuar t\u00eb kontinentit.<\/span><\/p>\n<p><span style=\"color: #000000;\">Orcel ka vendosur synimin p\u00ebr t\u00eb bler\u00eb rival\u00eb evropian\u00eb, me potencialin p\u00ebr ta kthyer huadh\u00ebn\u00ebsin italian n\u00eb nj\u00eb mjet p\u00ebr konsolidimin e sektorit.<\/span><\/p>\n<p><span style=\"color: #000000;\">Por l\u00ebvizja e tij n\u00eb Commerzbank ka shkaktuar buj\u00eb n\u00eb Gjermani, me politikan\u00ebt dhe sindikatat q\u00eb kund\u00ebrshtojn\u00eb nj\u00eb blerje t\u00eb plot\u00eb.<\/span><\/p>\n<p><img loading=\"lazy\" decoding=\"async\" class=\"aligncenter size-full wp-image-700239\" src=\"https:\/\/www.hashtag.al\/wp-content\/uploads\/2024\/09\/zcholz-ezgif.com-webp-to-jpg-converter.jpg\" alt=\"\" width=\"1300\" height=\"731\" srcset=\"https:\/\/www.hashtag.al\/wp-content\/uploads\/2024\/09\/zcholz-ezgif.com-webp-to-jpg-converter.jpg 1300w, https:\/\/www.hashtag.al\/wp-content\/uploads\/2024\/09\/zcholz-ezgif.com-webp-to-jpg-converter-300x169.jpg 300w, https:\/\/www.hashtag.al\/wp-content\/uploads\/2024\/09\/zcholz-ezgif.com-webp-to-jpg-converter-1024x576.jpg 1024w, https:\/\/www.hashtag.al\/wp-content\/uploads\/2024\/09\/zcholz-ezgif.com-webp-to-jpg-converter-768x432.jpg 768w\" sizes=\"auto, (max-width: 1300px) 100vw, 1300px\" \/><\/p>\n<p><span style=\"color: #000000;\">Ekzekutiv\u00ebt n\u00eb Commerzbank kan\u00eb paralajm\u00ebruar qeverin\u00eb gjermane se nj\u00eb lidhje me UniCredit mund t\u00eb pengoj\u00eb kreditimin p\u00ebr kompanit\u00eb e vogla dhe t\u00eb mesme Mittelstand, nd\u00ebrsa sindikatat kan\u00eb ngritur shqet\u00ebsimin dhe mund\u00ebsin\u00eb e shkurtimeve t\u00eb vendeve t\u00eb pun\u00ebs.<\/span><\/p>\n<p><span style=\"color: #000000;\">Friedrich Merz, kreu i CDU-s\u00eb, ka qen\u00eb gjithashtu shum\u00eb kritik ndaj l\u00ebvizjes s\u00eb fundit t\u00eb UniCredit, duke th\u00ebn\u00eb se marrja e Commerzbank nga italian\u00ebt do ishte nj\u00eb &#8220;katastrof\u00eb p\u00ebr sektorin bankar gjerman&#8221;.<\/span><\/p>\n<p><span style=\"color: #000000;\">UniCredit dhe qeveria gjermane kan\u00eb qen\u00eb n\u00eb mosmarr\u00ebveshje me nj\u00ebra-tjetr\u00ebn se \u00e7far\u00eb informacioni u nda me Berlinin p\u00ebrpara rritjes s\u00eb aksioneve.<\/span><\/p>\n<p><span style=\"color: #000000;\">Orcel ka deklaruar publikisht se UniCredit informoi qeverin\u00eb gjermane p\u00ebr pozicionin e saj ekzistues n\u00eb aksionet e Commerzbank p\u00ebrpara se t\u00eb blinte bllokun e aksioneve q\u00eb e \u00e7oi pozicionin e saj total n\u00eb 9 p\u00ebr qind dhe e vuri bank\u00ebn n\u00eb l\u00ebvizje.<\/span><\/p>\n<p><span style=\"color: #000000;\">Zyrtar\u00ebt n\u00eb Berlin i than\u00eb FT se nuk ishin informuar deri n\u00eb minut\u00ebn e fundit. Njer\u00ebzit pran\u00eb bisedimeve than\u00eb se kishte mosmarr\u00ebveshje dhe nj\u00eb nd\u00ebrprerje t\u00eb komunikimit brenda qeveris\u00eb gjermane.<\/span><\/p>\n<p><span style=\"color: #000000;\">Kund\u00ebrshtimi i Berlinit p\u00ebr t&#8217;u p\u00ebrfshir\u00eb n\u00eb negociatat p\u00ebr shitjen e aksioneve t\u00eb tij t\u00eb mbetura, shkaktoi nj\u00eb ndryshim n\u00eb strategjin\u00eb e UniCredit, than\u00eb dy persona t\u00eb njohur me k\u00ebt\u00eb \u00e7\u00ebshtje.<\/span><\/p>\n<p><span style=\"color: #000000;\">Banka italiane tha n\u00eb nj\u00eb deklarat\u00eb t\u00eb h\u00ebn\u00ebn, duke njoftuar rritjen e aksioneve t\u00eb saj, se &#8220;ekziston nj\u00eb vler\u00eb thelb\u00ebsore q\u00eb mund t\u00eb zhbllokohet brenda Commerzbank, qoft\u00eb e pavarur ose brenda UniCredit, p\u00ebr t\u00eb mir\u00ebn e Gjermanis\u00eb dhe t\u00eb pal\u00ebve me interesa m\u00eb t\u00eb gjera n\u00eb bank\u00eb&#8221;.<\/span><\/p>\n<p><span style=\"color: #000000;\">Ajo tha se pjesa m\u00eb e madhe e pozicionit t\u00eb saj ishte mbrojtur p\u00ebr t\u00eb &#8220;siguruar fleksibilitet t\u00eb plot\u00eb dhe mud\u00ebsit\u00eb p\u00ebr t\u00eb mbajtur aksionet e saj, p\u00ebr t\u00eb shitur pjes\u00ebn e saj me nj\u00eb r\u00ebnie t\u00eb ul\u00ebt ose p\u00ebr t\u00eb rritur m\u00eb tej aksionet e saj&#8221;.<\/span><\/p>\n<p><span style=\"color: #000000;\"><span style=\"color: #ff0000;\"><strong>VINI RE<\/strong><\/span>: Ky material \u00ebsht\u00eb pron\u00ebsi intelektuale e <span style=\"color: #0000ff;\"><a style=\"color: #0000ff;\" href=\"https:\/\/www.ft.com\/content\/4564b66a-e491-4b77-8419-df32e36f3e13\">Financial Times<\/a><\/span><\/span><\/p>\n<p><span style=\"color: #000000;\">P\u00ebrgatiti p\u00ebr <span style=\"color: #0000ff;\">Hashtag.al,<\/span> Klodian Manjani<\/span><\/p>\n","protected":false,"gt_translate_keys":[{"key":"rendered","format":"html"}]},"excerpt":{"rendered":"<p>Kancelari gjerman Olaf Scholz ka dal\u00eb kund\u00ebr gllab\u00ebrimit nga UniCredit t\u00eb Commerzbank pasi huadh\u00ebn\u00ebsi italian tha se po rriste aksionet e tij nga rreth 9 p\u00ebr qind n\u00eb 21 p\u00ebr qind. UniCredit t\u00eb h\u00ebn\u00ebn zbuloi se kishte marr\u00eb nj\u00eb 11.5 p\u00ebr qind t\u00eb aksioneve t\u00eb Commerzbank, dy jav\u00eb pasi zbuloi nj\u00eb 9 p\u00ebr qind\u00ebsh t\u00eb [&hellip;]<\/p>\n","protected":false,"gt_translate_keys":[{"key":"rendered","format":"html"}]},"author":51,"featured_media":700237,"comment_status":"closed","ping_status":"open","sticky":false,"template":"","format":"standard","meta":{"footnotes":""},"categories":[22],"tags":[],"class_list":["post-700236","post","type-post","status-publish","format-standard","has-post-thumbnail","hentry","category-ballina"],"gt_translate_keys":[{"key":"link","format":"url"}],"_links":{"self":[{"href":"https:\/\/www.hashtag.al\/index.php\/wp-json\/wp\/v2\/posts\/700236","targetHints":{"allow":["GET"]}}],"collection":[{"href":"https:\/\/www.hashtag.al\/index.php\/wp-json\/wp\/v2\/posts"}],"about":[{"href":"https:\/\/www.hashtag.al\/index.php\/wp-json\/wp\/v2\/types\/post"}],"author":[{"embeddable":true,"href":"https:\/\/www.hashtag.al\/index.php\/wp-json\/wp\/v2\/users\/51"}],"replies":[{"embeddable":true,"href":"https:\/\/www.hashtag.al\/index.php\/wp-json\/wp\/v2\/comments?post=700236"}],"version-history":[{"count":0,"href":"https:\/\/www.hashtag.al\/index.php\/wp-json\/wp\/v2\/posts\/700236\/revisions"}],"wp:featuredmedia":[{"embeddable":true,"href":"https:\/\/www.hashtag.al\/index.php\/wp-json\/wp\/v2\/media\/700237"}],"wp:attachment":[{"href":"https:\/\/www.hashtag.al\/index.php\/wp-json\/wp\/v2\/media?parent=700236"}],"wp:term":[{"taxonomy":"category","embeddable":true,"href":"https:\/\/www.hashtag.al\/index.php\/wp-json\/wp\/v2\/categories?post=700236"},{"taxonomy":"post_tag","embeddable":true,"href":"https:\/\/www.hashtag.al\/index.php\/wp-json\/wp\/v2\/tags?post=700236"}],"curies":[{"name":"wp","href":"https:\/\/api.w.org\/{rel}","templated":true}]}}