{"id":699716,"date":"2024-09-20T14:44:34","date_gmt":"2024-09-20T12:44:34","guid":{"rendered":"https:\/\/www.hashtag.al\/?p=699716"},"modified":"2024-09-20T14:44:34","modified_gmt":"2024-09-20T12:44:34","slug":"apeli-shtyn-shpalljen-e-vendimit-per-salianjin-deputeti-i-pd-se-ceshtja-e-montuar-per-te-me-goditur-politikisht","status":"publish","type":"post","link":"https:\/\/www.hashtag.al\/index.php\/2024\/09\/20\/apeli-shtyn-shpalljen-e-vendimit-per-salianjin-deputeti-i-pd-se-ceshtja-e-montuar-per-te-me-goditur-politikisht\/","title":{"rendered":"Apeli shtyn shpalljen e vendimit p\u00ebr Salianjin, deputeti i PD-s\u00eb: \u00c7\u00ebshtja e montuar p\u00ebr t\u00eb m\u00eb goditur politikisht","gt_translate_keys":[{"key":"rendered","format":"text"}]},"content":{"rendered":"<p><a href=\"https:\/\/www.hashtag.al\/wp-content\/uploads\/2024\/09\/Screenshot-2024-09-20-144255.png\"><img loading=\"lazy\" decoding=\"async\" class=\"aligncenter size-full wp-image-699717\" src=\"https:\/\/www.hashtag.al\/wp-content\/uploads\/2024\/09\/Screenshot-2024-09-20-144255.png\" alt=\"\" width=\"552\" height=\"358\" srcset=\"https:\/\/www.hashtag.al\/wp-content\/uploads\/2024\/09\/Screenshot-2024-09-20-144255.png 552w, https:\/\/www.hashtag.al\/wp-content\/uploads\/2024\/09\/Screenshot-2024-09-20-144255-300x195.png 300w\" sizes=\"auto, (max-width: 552px) 100vw, 552px\" \/><\/a><\/p>\n<p><span style=\"color: #000000;\">Gjykata e Apelit shtyu p\u00ebr n\u00eb dat\u00ebn 26 shtator shpalljen e vendimit p\u00ebr deputetin e PD, Ervin Salianji, i cili n\u00eb nj\u00eb deklarat\u00eb p\u00ebr mediat tha se \u00e7\u00ebshtja ndaj tij \u00ebsht\u00eb e montuar p\u00ebr ta goditur at\u00eb politikisht si p\u00ebrfaq\u00ebsues i opozit\u00ebs.<\/span><\/p>\n<p><span style=\"color: #000000;\"><em>\u201cT\u00eb gjith\u00eb k\u00ebta personazhe t\u00eb p\u00ebrfshir\u00eb p\u00ebr t\u00eb montuar politikisht nj\u00eb \u00e7\u00ebshtje p\u00ebr t\u00eb goditur politikisht mua si p\u00ebrfaq\u00ebsues t\u00eb opozit\u00ebs u demontuan\u201d, tha Salianji.<\/em><\/span><\/p>\n<p><span style=\"color: #000000;\"><em>Ai tha m\u00eb tej se nuk ka asnj\u00eb prov\u00eb q\u00eb e inkriminon at\u00eb, nd\u00ebrsa tha se t\u00eb gjith\u00eb emrat q\u00eb ai i ka denoncuar i ka t\u00eb faktuara me dokumente.<\/em><\/span><\/p>\n<p><span style=\"color: #000000;\"><em>Salianji u shpreh se nj\u00eb i d\u00ebnuar p\u00ebr trafik drgoe po zgjat gjyqin.<\/em><\/span><\/p>\n<p><span style=\"color: #000000;\"><em>\u201cNga audio n\u00eb Gjykat\u00eb u v\u00ebrtetua nuk ka asnj\u00eb prov\u00eb q\u00eb mund t\u00eb m\u00eb inkriminoj\u00eb. Shiheni pak diskutimin, n\u00ebse un\u00eb flas me emra konkrete, un kisha argumente, argumenti i pal\u00ebs tjet\u00ebr, q\u00eb \u00ebsht\u00eb avokati i ish ministrave t\u00eb korruptuar, nxjerr nj\u00eb term t\u00eb pa d\u00ebgjuar, Babale, sepse e kan\u00eb babalizuar Shqip\u00ebrin\u00eb\u201d,<\/em> u shpreh nder te tjera Salianji.<\/span><\/p>\n","protected":false,"gt_translate_keys":[{"key":"rendered","format":"html"}]},"excerpt":{"rendered":"<p>Gjykata e Apelit shtyu p\u00ebr n\u00eb dat\u00ebn 26 shtator shpalljen e vendimit p\u00ebr deputetin e PD, Ervin Salianji, i cili n\u00eb nj\u00eb deklarat\u00eb p\u00ebr mediat tha se \u00e7\u00ebshtja ndaj tij \u00ebsht\u00eb e montuar p\u00ebr ta goditur at\u00eb politikisht si p\u00ebrfaq\u00ebsues i opozit\u00ebs. \u201cT\u00eb gjith\u00eb k\u00ebta personazhe t\u00eb p\u00ebrfshir\u00eb p\u00ebr t\u00eb montuar politikisht nj\u00eb \u00e7\u00ebshtje p\u00ebr [&hellip;]<\/p>\n","protected":false,"gt_translate_keys":[{"key":"rendered","format":"html"}]},"author":32,"featured_media":699717,"comment_status":"closed","ping_status":"open","sticky":false,"template":"","format":"standard","meta":{"footnotes":""},"categories":[65],"tags":[],"class_list":["post-699716","post","type-post","status-publish","format-standard","has-post-thumbnail","hentry","category-lajme"],"gt_translate_keys":[{"key":"link","format":"url"}],"_links":{"self":[{"href":"https:\/\/www.hashtag.al\/index.php\/wp-json\/wp\/v2\/posts\/699716","targetHints":{"allow":["GET"]}}],"collection":[{"href":"https:\/\/www.hashtag.al\/index.php\/wp-json\/wp\/v2\/posts"}],"about":[{"href":"https:\/\/www.hashtag.al\/index.php\/wp-json\/wp\/v2\/types\/post"}],"author":[{"embeddable":true,"href":"https:\/\/www.hashtag.al\/index.php\/wp-json\/wp\/v2\/users\/32"}],"replies":[{"embeddable":true,"href":"https:\/\/www.hashtag.al\/index.php\/wp-json\/wp\/v2\/comments?post=699716"}],"version-history":[{"count":0,"href":"https:\/\/www.hashtag.al\/index.php\/wp-json\/wp\/v2\/posts\/699716\/revisions"}],"wp:featuredmedia":[{"embeddable":true,"href":"https:\/\/www.hashtag.al\/index.php\/wp-json\/wp\/v2\/media\/699717"}],"wp:attachment":[{"href":"https:\/\/www.hashtag.al\/index.php\/wp-json\/wp\/v2\/media?parent=699716"}],"wp:term":[{"taxonomy":"category","embeddable":true,"href":"https:\/\/www.hashtag.al\/index.php\/wp-json\/wp\/v2\/categories?post=699716"},{"taxonomy":"post_tag","embeddable":true,"href":"https:\/\/www.hashtag.al\/index.php\/wp-json\/wp\/v2\/tags?post=699716"}],"curies":[{"name":"wp","href":"https:\/\/api.w.org\/{rel}","templated":true}]}}