{"id":699358,"date":"2024-09-18T17:16:57","date_gmt":"2024-09-18T15:16:57","guid":{"rendered":"https:\/\/www.hashtag.al\/?p=699358"},"modified":"2024-09-18T17:17:27","modified_gmt":"2024-09-18T15:17:27","slug":"erdogan-turkiye-e-orientuar-kah-perendimi-por-nuk-do-te-neglizhojme-lindjen","status":"publish","type":"post","link":"https:\/\/www.hashtag.al\/index.php\/2024\/09\/18\/erdogan-turkiye-e-orientuar-kah-perendimi-por-nuk-do-te-neglizhojme-lindjen\/","title":{"rendered":"Erdogan: Turqia e orientuar kah Per\u00ebndimit, por nuk do t\u00eb neglizhojm\u00eb Lindjen","gt_translate_keys":[{"key":"rendered","format":"text"}]},"content":{"rendered":"<p><span style=\"color: #000000;\"><a href=\"https:\/\/www.hashtag.al\/wp-content\/uploads\/2024\/04\/turkey-erdogan-istanbul-march-2024-ozan-kose-afp.jpg\"><img loading=\"lazy\" decoding=\"async\" class=\"aligncenter size-full wp-image-666803\" src=\"https:\/\/www.hashtag.al\/wp-content\/uploads\/2024\/04\/turkey-erdogan-istanbul-march-2024-ozan-kose-afp.jpg\" alt=\"\" width=\"1024\" height=\"576\" srcset=\"https:\/\/www.hashtag.al\/wp-content\/uploads\/2024\/04\/turkey-erdogan-istanbul-march-2024-ozan-kose-afp.jpg 1024w, https:\/\/www.hashtag.al\/wp-content\/uploads\/2024\/04\/turkey-erdogan-istanbul-march-2024-ozan-kose-afp-300x169.jpg 300w, https:\/\/www.hashtag.al\/wp-content\/uploads\/2024\/04\/turkey-erdogan-istanbul-march-2024-ozan-kose-afp-768x432.jpg 768w\" sizes=\"auto, (max-width: 1024px) 100vw, 1024px\" \/><\/a><\/span><\/p>\n<p><span style=\"color: #000000;\">Presidenti i Turqis\u00ebs, Erdogan, u shpreh se vendi i tij \u00ebsht\u00eb i orientuar kah Per\u00ebndimi, por shtoi se kjo nuk n\u00ebnkupton q\u00eb do t\u00eb neglizhojm\u00eb Lindjen, raporton <span style=\"color: #0000ff;\"><a style=\"color: #0000ff;\" href=\"https:\/\/www.aa.com.tr\/sq\/bota\/erdogan-turkiye-e-orientuar-kah-per%C3%ABndimi-por-nuk-do-t%C3%AB-neglizhojm%C3%AB-lindjen\/3333765\">Anadolu.<\/a><\/span><\/span><\/p>\n<p><span style=\"color: #000000;\">Presidenti Erdogan gjithashtu tha se &#8220;<em>tashm\u00eb nuk jetojm\u00eb n\u00eb nj\u00eb bot\u00eb bardh e zi n\u00eb t\u00eb cil\u00ebn duhet t\u00eb zgjedhim nj\u00ebrin nga dy blloqet. Ne d\u00ebshirojm\u00eb t\u00eb zhvillojm\u00eb bashk\u00ebpunim me t\u00eb gjitha vendet&#8221;.<\/em><\/span><\/p>\n<p><span style=\"color: #000000;\"><em>&#8220;Si Turqi ne jemi t\u00eb orientuar kah Per\u00ebndimi, por kjo nuk n\u00ebnkupton q\u00eb do t\u00eb neglizhojm\u00eb Lindjen, kjo nuk n\u00ebnkupton q\u00eb nuk do t\u00eb zhvillojm\u00eb marr\u00ebdh\u00ebniet tona me Lindjen&#8221;,<\/em> u shpreh presidenti Erdogan.<\/span><\/p>\n<p><span style=\"color: #000000;\">Ai gjithashtu tha se Turqia duhet t\u00eb p\u00ebrshtatet n\u00eb p\u00ebrputhje me at\u00eb se si ndryshon bota dhe si paraqiten qendra t\u00eb reja t\u00eb fuqis\u00eb n\u00eb ekonomi, prodhimtari dhe teknologji.<\/span><\/p>\n<p><span style=\"color: #000000;\"><em>&#8220;Gjetja e rrug\u00ebve t\u00eb reja n\u00eb politik\u00ebn e jashtme nga Turqia \u00ebsht\u00eb nj\u00eb p\u00ebrpjekje q\u00eb duhet vler\u00ebsuar dhe p\u00ebrsh\u00ebndetur, e jo kritikuar<\/em>&#8220;, u shpreh Erdo\u011fan, duke shtuar:<\/span><\/p>\n<p><span style=\"color: #000000;\"><em>&#8220;Nuk ka asgj\u00eb m\u00eb t\u00eb natyrshme nga forcimi i bashk\u00ebpunimit ton\u00eb me rajonin Azi-Paq\u00ebsor dhe rajonin e Oqeanit Indian, ku ndodhen tre nga pes\u00eb ekonomit\u00eb m\u00eb t\u00eb m\u00ebdha t\u00eb bot\u00ebs&#8221;.<\/em><\/span><\/p>\n","protected":false,"gt_translate_keys":[{"key":"rendered","format":"html"}]},"excerpt":{"rendered":"<p>Presidenti i Turqis\u00ebs, Erdogan, u shpreh se vendi i tij \u00ebsht\u00eb i orientuar kah Per\u00ebndimi, por shtoi se kjo nuk n\u00ebnkupton q\u00eb do t\u00eb neglizhojm\u00eb Lindjen, raporton Anadolu. Presidenti Erdogan gjithashtu tha se &#8220;tashm\u00eb nuk jetojm\u00eb n\u00eb nj\u00eb bot\u00eb bardh e zi n\u00eb t\u00eb cil\u00ebn duhet t\u00eb zgjedhim nj\u00ebrin nga dy blloqet. Ne d\u00ebshirojm\u00eb t\u00eb [&hellip;]<\/p>\n","protected":false,"gt_translate_keys":[{"key":"rendered","format":"html"}]},"author":32,"featured_media":666803,"comment_status":"closed","ping_status":"open","sticky":false,"template":"","format":"standard","meta":{"footnotes":""},"categories":[6],"tags":[],"class_list":["post-699358","post","type-post","status-publish","format-standard","has-post-thumbnail","hentry","category-nderkombetare"],"gt_translate_keys":[{"key":"link","format":"url"}],"_links":{"self":[{"href":"https:\/\/www.hashtag.al\/index.php\/wp-json\/wp\/v2\/posts\/699358","targetHints":{"allow":["GET"]}}],"collection":[{"href":"https:\/\/www.hashtag.al\/index.php\/wp-json\/wp\/v2\/posts"}],"about":[{"href":"https:\/\/www.hashtag.al\/index.php\/wp-json\/wp\/v2\/types\/post"}],"author":[{"embeddable":true,"href":"https:\/\/www.hashtag.al\/index.php\/wp-json\/wp\/v2\/users\/32"}],"replies":[{"embeddable":true,"href":"https:\/\/www.hashtag.al\/index.php\/wp-json\/wp\/v2\/comments?post=699358"}],"version-history":[{"count":0,"href":"https:\/\/www.hashtag.al\/index.php\/wp-json\/wp\/v2\/posts\/699358\/revisions"}],"wp:featuredmedia":[{"embeddable":true,"href":"https:\/\/www.hashtag.al\/index.php\/wp-json\/wp\/v2\/media\/666803"}],"wp:attachment":[{"href":"https:\/\/www.hashtag.al\/index.php\/wp-json\/wp\/v2\/media?parent=699358"}],"wp:term":[{"taxonomy":"category","embeddable":true,"href":"https:\/\/www.hashtag.al\/index.php\/wp-json\/wp\/v2\/categories?post=699358"},{"taxonomy":"post_tag","embeddable":true,"href":"https:\/\/www.hashtag.al\/index.php\/wp-json\/wp\/v2\/tags?post=699358"}],"curies":[{"name":"wp","href":"https:\/\/api.w.org\/{rel}","templated":true}]}}