{"id":699193,"date":"2024-09-17T18:18:15","date_gmt":"2024-09-17T16:18:15","guid":{"rendered":"https:\/\/www.hashtag.al\/?p=699193"},"modified":"2024-09-17T18:18:15","modified_gmt":"2024-09-17T16:18:15","slug":"begaj-takon-gjeneralin-amerikan-cavoli-shqiperia-ambicie-per-te-rigjalleruar-industrine-e-mbrojtjes","status":"publish","type":"post","link":"https:\/\/www.hashtag.al\/index.php\/2024\/09\/17\/begaj-takon-gjeneralin-amerikan-cavoli-shqiperia-ambicie-per-te-rigjalleruar-industrine-e-mbrojtjes\/","title":{"rendered":"Begaj takon gjeneralin amerikan Cavoli: Shqip\u00ebria, ambicie p\u00ebr t\u00eb rigjall\u00ebruar industrin\u00eb e mbrojtjes","gt_translate_keys":[{"key":"rendered","format":"text"}]},"content":{"rendered":"<p style=\"text-align: left;\"><span style=\"color: #000000;\"><em><img loading=\"lazy\" decoding=\"async\" class=\" wp-image-699195 aligncenter\" src=\"https:\/\/www.hashtag.al\/wp-content\/uploads\/2024\/09\/Screenshot-2024-09-17-180141-300x167.png\" alt=\"\" width=\"731\" height=\"407\" srcset=\"https:\/\/www.hashtag.al\/wp-content\/uploads\/2024\/09\/Screenshot-2024-09-17-180141-300x167.png 300w, https:\/\/www.hashtag.al\/wp-content\/uploads\/2024\/09\/Screenshot-2024-09-17-180141.png 713w\" sizes=\"auto, (max-width: 731px) 100vw, 731px\" \/><\/em><\/span><\/p>\n<p style=\"text-align: left;\"><span style=\"color: #000000;\"><em>&#8220;Shqip\u00ebria ka ambicie p\u00ebr t\u00eb rigjall\u00ebruar industrin\u00eb e mbrojtjes.&#8221;<\/em> K\u00ebt\u00eb e ka b\u00ebr\u00eb me dije Presidenti i Republik\u00ebs, Bajram Begaj, dit\u00ebn e sotme gjat\u00eb nj\u00eb takimi me Komandantin e Komand\u00ebs Supreme t\u00eb Aleat\u00ebve n\u00eb Evrop\u00eb, Gjeneralin Christopher G. Cavoli, i cili ndodhet n\u00eb Shqip\u00ebri p\u00ebr nj\u00eb vizit\u00eb zyrtare.<\/span><\/p>\n<p style=\"text-align: left;\"><span style=\"color: #000000;\">Presidenti Bajram Begaj theksoi gjat\u00eb bised\u00ebs me Gjeneral Cavolin edhe nismat dhe investimet e nd\u00ebrmarra, si edhe ofrimin e Porto Romanos si baz\u00eb e NATO-s.<\/span><\/p>\n<p style=\"text-align: left;\"><span style=\"color: #000000;\"><em>\u201cBashk\u00ebpunimi n\u00eb fush\u00ebn e mbrojtjes dhe siguris\u00eb \u00ebsht\u00eb shum\u00eb i r\u00ebnd\u00ebsish\u00ebm dhe e vler\u00ebsoj shum\u00eb rolin q\u00eb luan Komanda Evropiane e SHBA-s\u00eb n\u00eb nxitjen e bashk\u00ebpunimit ton\u00eb dhe mb\u00ebshtetjen e Forcave t\u00eb Armatosura t\u00eb Shqip\u00ebris\u00eb\u201d,<\/em>\u00a0 u shpreh Presidenti Begaj.<\/span><\/p>\n<p style=\"text-align: left;\"><span style=\"color: #000000;\">Gjat\u00eb takimit u bisedua p\u00ebr forcimin e partneritetit strategjik, n\u00eb nj\u00eb koh\u00eb, t\u00eb cil\u00ebn Presidenti Begaj e konsideroi si \u201ct\u00eb paprecedent\u00eb p\u00ebr sigurin\u00eb\u201d,\u00a0 duke iu referuar agresionit rus n\u00eb Ukrain\u00eb dhe konfliktit n\u00eb Lindjen e Mesme.<\/span><\/p>\n<p style=\"text-align: left;\"><span style=\"color: #000000;\"><em>\u201cK\u00ebto konflikte kan\u00eb ndikimin e tyre negativ edhe n\u00eb Ballkanin Per\u00ebndimor, nj\u00eb rajon me r\u00ebnd\u00ebsi strategjike p\u00ebr Aleanc\u00ebn\u201d<\/em>, u shpreh Presidenti Begaj, i cili theksoi se Shqip\u00ebria \u00ebsht\u00eb e angazhuar n\u00eb p\u00ebrmbushjen e detyrimeve t\u00eb Forcave t\u00eb Armatosura p\u00ebr planin komb\u00ebtar t\u00eb mbrojtjes, at\u00eb rajonal t\u00eb paqes, siguris\u00eb dhe stabilitetit, si dhe mbrojtjes kolektive n\u00eb p\u00ebrputhje me modelin e Forcave t\u00eb NATO-s.<\/span><\/p>\n<p style=\"text-align: left;\"><span style=\"color: #000000;\">Gjat\u00eb bised\u00ebs me Gjeneral Cavolin, Presidenti i Republik\u00ebs i p\u00ebrcolli Komandantit Suprem t\u00eb Aleat\u00ebve n\u00eb Evrop\u00eb mir\u00ebnjohjen p\u00ebr pun\u00ebn e kryer si SACEUR n\u00eb mbrojtjen kolektive, si edhe p\u00ebr nxitjen e bashk\u00ebpunimit rajonal dhe p\u00ebrball\u00eb sfidave t\u00eb reja me synim ruajtjen e paqes dhe siguris\u00eb n\u00eb zon\u00ebn Euroatlantike dhe n\u00eb aren\u00ebn nd\u00ebrkomb\u00ebtare.<\/span><\/p>\n<p style=\"text-align: left;\"><span style=\"color: #000000;\">Presidenti Begaj vler\u00ebsoi nd\u00ebrtimin e kapaciteteve t\u00eb nevojshme dhe zhvillimin e Forcave t\u00eb Armatosura Shqiptare, rritjen e bashk\u00ebpunimit me aleat\u00ebt e NATO-s, t\u00eb bazuara n\u00eb angazhimet e p\u00ebrbashk\u00ebta dhe vizionin e vendit ton\u00eb p\u00ebr t\u00eb rritur sigurin\u00eb transatlantike dhe p\u00ebr t\u00eb forcuar stabilitetin n\u00eb Ballkanin Per\u00ebndimor.<\/span><\/p>\n<p style=\"text-align: left;\"><span style=\"color: #000000;\">Nj\u00eb mir\u00ebnjohje t\u00eb ve\u00e7ant\u00eb Presidenti Begaj p\u00ebrcolli p\u00ebr pun\u00ebn e kryer nga KFOR-i n\u00eb Kosov\u00eb, duke shprehur nj\u00ebherazi mb\u00ebshtetje ndaj k\u00ebtij misioni p\u00ebr sigurin\u00eb n\u00eb Kosov\u00eb dhe rolin si garantues p\u00ebr paqen dhe stabilitetin n\u00eb rajon.<\/span><\/p>\n","protected":false,"gt_translate_keys":[{"key":"rendered","format":"html"}]},"excerpt":{"rendered":"<p>&#8220;Shqip\u00ebria ka ambicie p\u00ebr t\u00eb rigjall\u00ebruar industrin\u00eb e mbrojtjes.&#8221; K\u00ebt\u00eb e ka b\u00ebr\u00eb me dije Presidenti i Republik\u00ebs, Bajram Begaj, dit\u00ebn e sotme gjat\u00eb nj\u00eb takimi me Komandantin e Komand\u00ebs Supreme t\u00eb Aleat\u00ebve n\u00eb Evrop\u00eb, Gjeneralin Christopher G. Cavoli, i cili ndodhet n\u00eb Shqip\u00ebri p\u00ebr nj\u00eb vizit\u00eb zyrtare. Presidenti Bajram Begaj theksoi gjat\u00eb bised\u00ebs me [&hellip;]<\/p>\n","protected":false,"gt_translate_keys":[{"key":"rendered","format":"html"}]},"author":49,"featured_media":699195,"comment_status":"closed","ping_status":"open","sticky":false,"template":"","format":"standard","meta":{"footnotes":""},"categories":[65],"tags":[],"class_list":["post-699193","post","type-post","status-publish","format-standard","has-post-thumbnail","hentry","category-lajme"],"gt_translate_keys":[{"key":"link","format":"url"}],"_links":{"self":[{"href":"https:\/\/www.hashtag.al\/index.php\/wp-json\/wp\/v2\/posts\/699193","targetHints":{"allow":["GET"]}}],"collection":[{"href":"https:\/\/www.hashtag.al\/index.php\/wp-json\/wp\/v2\/posts"}],"about":[{"href":"https:\/\/www.hashtag.al\/index.php\/wp-json\/wp\/v2\/types\/post"}],"author":[{"embeddable":true,"href":"https:\/\/www.hashtag.al\/index.php\/wp-json\/wp\/v2\/users\/49"}],"replies":[{"embeddable":true,"href":"https:\/\/www.hashtag.al\/index.php\/wp-json\/wp\/v2\/comments?post=699193"}],"version-history":[{"count":0,"href":"https:\/\/www.hashtag.al\/index.php\/wp-json\/wp\/v2\/posts\/699193\/revisions"}],"wp:featuredmedia":[{"embeddable":true,"href":"https:\/\/www.hashtag.al\/index.php\/wp-json\/wp\/v2\/media\/699195"}],"wp:attachment":[{"href":"https:\/\/www.hashtag.al\/index.php\/wp-json\/wp\/v2\/media?parent=699193"}],"wp:term":[{"taxonomy":"category","embeddable":true,"href":"https:\/\/www.hashtag.al\/index.php\/wp-json\/wp\/v2\/categories?post=699193"},{"taxonomy":"post_tag","embeddable":true,"href":"https:\/\/www.hashtag.al\/index.php\/wp-json\/wp\/v2\/tags?post=699193"}],"curies":[{"name":"wp","href":"https:\/\/api.w.org\/{rel}","templated":true}]}}