{"id":699119,"date":"2024-09-17T11:29:00","date_gmt":"2024-09-17T09:29:00","guid":{"rendered":"https:\/\/www.hashtag.al\/?p=699119"},"modified":"2024-09-17T11:33:46","modified_gmt":"2024-09-17T09:33:46","slug":"operacioni-ndaj-copjave-spak-sekuestron-telefonin-e-drejtorit-te-policise-se-elbasanit-nen-hetim-10-policise-e-agjente-te-bkh-se","status":"publish","type":"post","link":"https:\/\/www.hashtag.al\/index.php\/2024\/09\/17\/operacioni-ndaj-copjave-spak-sekuestron-telefonin-e-drejtorit-te-policise-se-elbasanit-nen-hetim-10-policise-e-agjente-te-bkh-se\/","title":{"rendered":"Operacioni ndaj \u00c7opjave, SPAK sekuestron telefonin e drejtorit t\u00eb Policis\u00eb s\u00eb Elbasanit, n\u00ebn hetim 10 policis\u00eb\u00a0 e agjent\u00eb t\u00eb BKH-s\u00eb","gt_translate_keys":[{"key":"rendered","format":"text"}]},"content":{"rendered":"<p><span style=\"color: #000000;\"><img loading=\"lazy\" decoding=\"async\" class=\"aligncenter size-full wp-image-699120\" src=\"https:\/\/www.hashtag.al\/wp-content\/uploads\/2024\/09\/proda.png\" alt=\"\" width=\"1107\" height=\"554\" srcset=\"https:\/\/www.hashtag.al\/wp-content\/uploads\/2024\/09\/proda.png 1107w, https:\/\/www.hashtag.al\/wp-content\/uploads\/2024\/09\/proda-300x150.png 300w, https:\/\/www.hashtag.al\/wp-content\/uploads\/2024\/09\/proda-1024x512.png 1024w, https:\/\/www.hashtag.al\/wp-content\/uploads\/2024\/09\/proda-768x384.png 768w\" sizes=\"auto, (max-width: 1107px) 100vw, 1107px\" \/><\/span><\/p>\n<p><span style=\"color: #000000;\">SPAK ka sekuestruar telefonin e drejtorit t\u00eb Policis\u00eb s\u00eb Elbasanit Ilir Proda nd\u00ebrsa ka v\u00ebn\u00eb n\u00eb sit\u00eb 10 agjent\u00eb t\u00eb policis\u00eb dhe Byros\u00eb Komb\u00ebtare t\u00eb Hetimit q\u00eb kan\u00eb marr\u00eb pjes\u00eb n\u00eb operacionin q\u00eb goditi grupin e v\u00ebllez\u00ebrve \u00c7opja n\u00eb Elbasan.<\/span><\/p>\n<p><span style=\"color: #000000;\">SPAK po heton komunikimet e kryera dhe po verifikon aparatet celulare t\u00eb 13 p\u00ebrsonave t\u00eb arrestuar gjat\u00eb operacionit, nga 33 urdh\u00ebrarreste t\u00eb l\u00ebshuara.<\/span><\/p>\n<p><span style=\"color: #000000;\">Hetimi ndajv\u00ebllez\u00ebrve Hajdar e Franc \u00c7opja ka nisur n\u00eb vitin 2002 pas d\u00ebshmive t\u00eb dh\u00ebna nga bashk\u00ebpun\u00ebtpr\u00ebt e drejt\u00ebsis\u00eb Nuredin Dumani e Erion Elibaej.<\/span><\/p>\n<p><span style=\"color: #000000;\">Franc e Hajdar \u00c7opja dyshohet t\u00eb jen\u00eb krer\u00ebt e grupit kriminal q\u00eb fshihet pas disa vrasjeve t\u00eb ndodhura n\u00eb Elbasann\u00eb p\u00ebrplasjen me grupin e v\u00ebllez\u00ebrve Erion e Endri Alibej.<\/span><\/p>\n<p><span style=\"color: #000000;\">Ilir Proda \u00ebsht\u00eb kandidat p\u00ebr drejtorineri t\u00eb Policis\u00eb s\u00eb Shtetit pas dor\u00ebheqjes s\u00eb Muhamet Rrumbullakut.<\/span><\/p>\n<p><span style=\"color: #000000;\">Grupi i Franc e Hajdar \u00c7opjas akuzohet p\u00ebr vrasjen e Endrit Alibej, Arben Dylgjerit dhe shtetasit turk Erdal Duranay, ngjarje e ndodhur m\u00eb dat\u00eb 29.12.2018, n\u00eb or\u00ebn 21:00, n\u00eb vendin e quajtur Bradashesh, aksi rrugor Tiran\u00eb-Elbasan, n\u00eb af\u00ebrsi t\u00eb restorant Dervishaj<\/span><\/p>\n<p><span style=\"color: #000000;\">Vrasjen e Klevin Bahos dhe plagosjen e v\u00ebllait t\u00eb tij Aldo (Aleksand\u00ebr) Baho, ngjarje e ndodhur m\u00eb dat\u00eb 07.2019, ora 00:30, n\u00eb fshtin Broshk\u00eb, Elbasan<\/span><\/p>\n<p><span style=\"color: #000000;\">Vrasjen e Andi Zylyfit dhe plagosjen e Ardit Uru\u00e7it, ngjarje e ndodhur m\u00eb dat\u00eb 13.12.2019, n\u00eb fshatin P\u00ebrparim, Peqin<\/span><\/p>\n<p><span style=\"color: #000000;\">Vrasjen e Klevis Kapllanit, ngjarje e ndodhur m\u00eb dat\u00eb 15.09.2020, n\u00eb fshatin Sinaballaj, Rrogozhin\u00eb<\/span><\/p>\n<p><span style=\"color: #000000;\">Tentativ\u00ebn p\u00ebr vrasjen e Kei Pikun, ngjarje e ndodhur m\u00eb dat\u00eb 16.01.2020, n\u00eb lagjen \u201cKongresi i Elbasanit\u201d, n\u00eb Elbasan<\/span><\/p>\n<p><span style=\"color: #000000;\">Vrasjen n\u00eb tentativ\u00eb t\u00eb Irfan Azizit, ngjarje e ndodhur m\u00eb dat\u00eb 11.2020, n\u00eb vendin e quajtur rrethrrotullimi i Poshnjes n\u00eb Ur\u00ebn Vajgurore, Berat<\/span><\/p>\n<p><span style=\"color: #000000;\">Vjedhjen e shumave t\u00eb\u00a0 m\u00ebdha q\u00eb do transportoheshin me linj\u00ebn e avionit Tiran\u00eb- Vjen\u00eb, ngjarje e ndodhur m\u00eb dat\u00eb 09.04.2019, n\u00eb pist\u00ebn e aeroportit \u201cN\u00ebn\u00eb Tereza\u201d, Rinas<\/span><\/p>\n","protected":false,"gt_translate_keys":[{"key":"rendered","format":"html"}]},"excerpt":{"rendered":"<p>SPAK ka sekuestruar telefonin e drejtorit t\u00eb Policis\u00eb s\u00eb Elbasanit Ilir Proda nd\u00ebrsa ka v\u00ebn\u00eb n\u00eb sit\u00eb 10 agjent\u00eb t\u00eb policis\u00eb dhe Byros\u00eb Komb\u00ebtare t\u00eb Hetimit q\u00eb kan\u00eb marr\u00eb pjes\u00eb n\u00eb operacionin q\u00eb goditi grupin e v\u00ebllez\u00ebrve \u00c7opja n\u00eb Elbasan. SPAK po heton komunikimet e kryera dhe po verifikon aparatet celulare t\u00eb 13 p\u00ebrsonave t\u00eb [&hellip;]<\/p>\n","protected":false,"gt_translate_keys":[{"key":"rendered","format":"html"}]},"author":51,"featured_media":699120,"comment_status":"closed","ping_status":"open","sticky":false,"template":"","format":"standard","meta":{"footnotes":""},"categories":[22],"tags":[],"class_list":["post-699119","post","type-post","status-publish","format-standard","has-post-thumbnail","hentry","category-ballina"],"gt_translate_keys":[{"key":"link","format":"url"}],"_links":{"self":[{"href":"https:\/\/www.hashtag.al\/index.php\/wp-json\/wp\/v2\/posts\/699119","targetHints":{"allow":["GET"]}}],"collection":[{"href":"https:\/\/www.hashtag.al\/index.php\/wp-json\/wp\/v2\/posts"}],"about":[{"href":"https:\/\/www.hashtag.al\/index.php\/wp-json\/wp\/v2\/types\/post"}],"author":[{"embeddable":true,"href":"https:\/\/www.hashtag.al\/index.php\/wp-json\/wp\/v2\/users\/51"}],"replies":[{"embeddable":true,"href":"https:\/\/www.hashtag.al\/index.php\/wp-json\/wp\/v2\/comments?post=699119"}],"version-history":[{"count":0,"href":"https:\/\/www.hashtag.al\/index.php\/wp-json\/wp\/v2\/posts\/699119\/revisions"}],"wp:featuredmedia":[{"embeddable":true,"href":"https:\/\/www.hashtag.al\/index.php\/wp-json\/wp\/v2\/media\/699120"}],"wp:attachment":[{"href":"https:\/\/www.hashtag.al\/index.php\/wp-json\/wp\/v2\/media?parent=699119"}],"wp:term":[{"taxonomy":"category","embeddable":true,"href":"https:\/\/www.hashtag.al\/index.php\/wp-json\/wp\/v2\/categories?post=699119"},{"taxonomy":"post_tag","embeddable":true,"href":"https:\/\/www.hashtag.al\/index.php\/wp-json\/wp\/v2\/tags?post=699119"}],"curies":[{"name":"wp","href":"https:\/\/api.w.org\/{rel}","templated":true}]}}