{"id":699103,"date":"2024-09-17T10:30:59","date_gmt":"2024-09-17T08:30:59","guid":{"rendered":"https:\/\/www.hashtag.al\/?p=699103"},"modified":"2024-09-17T11:07:28","modified_gmt":"2024-09-17T09:07:28","slug":"kush-jane-12-emrat-qe-kane-aplikuar-per-drejtorin-e-ri-te-policise-se-shtetit","status":"publish","type":"post","link":"https:\/\/www.hashtag.al\/index.php\/2024\/09\/17\/kush-jane-12-emrat-qe-kane-aplikuar-per-drejtorin-e-ri-te-policise-se-shtetit\/","title":{"rendered":"Zbardhen emrat q\u00eb kan\u00eb aplikuar p\u00ebr drejtorin e ri t\u00eb Policis\u00eb s\u00eb Shtetit","gt_translate_keys":[{"key":"rendered","format":"text"}]},"content":{"rendered":"<p><span style=\"color: #000000;\"><img loading=\"lazy\" decoding=\"async\" class=\"aligncenter size-full wp-image-699114\" src=\"https:\/\/www.hashtag.al\/wp-content\/uploads\/2024\/09\/3-2.png\" alt=\"\" width=\"876\" height=\"550\" srcset=\"https:\/\/www.hashtag.al\/wp-content\/uploads\/2024\/09\/3-2.png 876w, https:\/\/www.hashtag.al\/wp-content\/uploads\/2024\/09\/3-2-300x188.png 300w, https:\/\/www.hashtag.al\/wp-content\/uploads\/2024\/09\/3-2-768x482.png 768w\" sizes=\"auto, (max-width: 876px) 100vw, 876px\" \/><\/span><\/p>\n<p><span style=\"color: #000000;\">Nj\u00eb dit\u00eb para mbylljes s\u00eb gar\u00ebs p\u00ebr drejtorin e ri t\u00eb Policis\u00eb s\u00eb Shtetit, 13 zyrtar\u00eb e ish-zyrtar\u00eb kan\u00eb aplikuar p\u00ebr postin e ri, pas dor\u00ebheqjes s\u00eb Muhamet Rrumbullakut pak dit\u00eb m\u00eb par\u00eb.<\/span><\/p>\n<p><span style=\"color: #000000;\">Pas dor\u00ebheqjes s\u00eb Rrumbullakut nj\u00eb dit\u00eb para mbledhjes me drejtor\u00ebt e policis\u00eb n\u00eb 12 qarqe, ministri i Brendsh\u00ebm Hoxha tha se ka ardhur koha p\u00ebr nd\u00ebrtimin e nj\u00eb policie t\u00eb brezit tjet\u00ebr duke paralajm\u00ebruar ndryshime rr\u00ebnj\u00ebsore dhe afrimin e m\u00eb shum\u00eb drejtuesve t\u00eb rinj.<\/span><\/p>\n<p><span style=\"color: #000000;\"><strong>13 zyrtar\u00ebt q\u00eb kan\u00eb aplikuar<\/strong><\/span><\/p>\n<p><span style=\"color: #000000;\"><strong>Lutfi Minxhozi: <\/strong>Minxhozi prej shum\u00eb vitesh ka sh\u00ebrbyer si Drejtor i Krimit Ekonomik n\u00eb Policin\u00eb e Shtetit dhe nj\u00ebher\u00ebsh dhe Drejtor i Interpol Tirana.<\/span><\/p>\n<p><span style=\"color: #000000;\"><strong>Ilir Proda:<\/strong> Proda aktualisht \u00ebsht\u00eb pjes\u00eb e drejtoris\u00eb s\u00eb Policis\u00eb n\u00eb Elbasan.<\/span><\/p>\n<p><span style=\"color: #000000;\"><strong>Idajet Faskaj: <\/strong>Drejtor i Departamentit t\u00eb Mbrojtjes s\u00eb D\u00ebshmitar\u00ebve<\/span><\/p>\n<p><span style=\"color: #000000;\"><strong>Neritan Nallbati: <\/strong>Drejtor i Departamentit p\u00ebr Policin\u00eb Kriminale.<\/span><\/p>\n<p><span style=\"color: #000000;\"><strong>Sk\u00ebnder Hita:<\/strong> Drejtor i Policis\u00eb s\u00eb Durr\u00ebsit.<\/span><\/p>\n<p><span style=\"color: #000000;\"><strong>Gentjan Shehaj: <\/strong>Akademia e Policis\u00eb.<\/span><\/p>\n<p><span style=\"color: #000000;\"><strong>Ardian \u00c7ipa: <\/strong>Drejtor i Policis\u00eb s\u00eb Gjirokastr\u00ebs.<\/span><\/p>\n<p><span style=\"color: #000000;\"><strong>Sami Rasha:<\/strong>\u00a0Ish-drejtori i Sh\u00ebrbimit t\u00eb Kontrollit t\u00eb Brendsh\u00ebm aktualisht pedagog n\u00eb Akademi.<\/span><\/p>\n<p><span style=\"color: #000000;\"><strong>Altin Mena: <\/strong>Z\u00ebvend\u00ebsdrejtor p\u00ebr Rendin dhe Sigurin\u00eb n\u00eb Policin\u00eb e Lezh\u00ebs<\/span><\/p>\n<p><span style=\"color: #000000;\"><strong>Edmond Sulaj:<\/strong> Drejtor i Policis\u00eb s\u00eb Shkodr\u00ebs.<\/span><\/p>\n<p><span style=\"color: #000000;\"><strong>P\u00ebllumb Seferi:<\/strong> Zyra e Interpolit.<\/span><\/p>\n<p><span style=\"color: #000000;\"><strong>Adriatik Taf\u00e7iu: <\/strong>Ish-shef i Sektorit t\u00eb Planifikimit dhe Kurrikulave n\u00eb Akademin\u00eb e Siguris\u00eb, ish-z\u00ebvend\u00ebsdrejtor p\u00ebr Hetimin e Krimeve dhe Sigurin\u00eb n\u00eb Policin\u00eb e Dibr\u00ebs.<\/span><\/p>\n<p><span style=\"color: #000000;\"><strong>Shemsi Pren\u00e7i: <\/strong>Ish-drejtor i Policis\u00eb s\u00eb Kor\u00e7\u00ebs, ish-drejtori i Policis\u00eb s\u00eb Fierit, ish-drejtor i FNSH-s\u00eb, ish-drejtor i Emergjencave.<\/span><\/p>\n","protected":false,"gt_translate_keys":[{"key":"rendered","format":"html"}]},"excerpt":{"rendered":"<p>Nj\u00eb dit\u00eb para mbylljes s\u00eb gar\u00ebs p\u00ebr drejtorin e ri t\u00eb Policis\u00eb s\u00eb Shtetit, 13 zyrtar\u00eb e ish-zyrtar\u00eb kan\u00eb aplikuar p\u00ebr postin e ri, pas dor\u00ebheqjes s\u00eb Muhamet Rrumbullakut pak dit\u00eb m\u00eb par\u00eb. Pas dor\u00ebheqjes s\u00eb Rrumbullakut nj\u00eb dit\u00eb para mbledhjes me drejtor\u00ebt e policis\u00eb n\u00eb 12 qarqe, ministri i Brendsh\u00ebm Hoxha tha se ka [&hellip;]<\/p>\n","protected":false,"gt_translate_keys":[{"key":"rendered","format":"html"}]},"author":51,"featured_media":699114,"comment_status":"closed","ping_status":"open","sticky":false,"template":"","format":"standard","meta":{"footnotes":""},"categories":[22],"tags":[],"class_list":["post-699103","post","type-post","status-publish","format-standard","has-post-thumbnail","hentry","category-ballina"],"gt_translate_keys":[{"key":"link","format":"url"}],"_links":{"self":[{"href":"https:\/\/www.hashtag.al\/index.php\/wp-json\/wp\/v2\/posts\/699103","targetHints":{"allow":["GET"]}}],"collection":[{"href":"https:\/\/www.hashtag.al\/index.php\/wp-json\/wp\/v2\/posts"}],"about":[{"href":"https:\/\/www.hashtag.al\/index.php\/wp-json\/wp\/v2\/types\/post"}],"author":[{"embeddable":true,"href":"https:\/\/www.hashtag.al\/index.php\/wp-json\/wp\/v2\/users\/51"}],"replies":[{"embeddable":true,"href":"https:\/\/www.hashtag.al\/index.php\/wp-json\/wp\/v2\/comments?post=699103"}],"version-history":[{"count":0,"href":"https:\/\/www.hashtag.al\/index.php\/wp-json\/wp\/v2\/posts\/699103\/revisions"}],"wp:featuredmedia":[{"embeddable":true,"href":"https:\/\/www.hashtag.al\/index.php\/wp-json\/wp\/v2\/media\/699114"}],"wp:attachment":[{"href":"https:\/\/www.hashtag.al\/index.php\/wp-json\/wp\/v2\/media?parent=699103"}],"wp:term":[{"taxonomy":"category","embeddable":true,"href":"https:\/\/www.hashtag.al\/index.php\/wp-json\/wp\/v2\/categories?post=699103"},{"taxonomy":"post_tag","embeddable":true,"href":"https:\/\/www.hashtag.al\/index.php\/wp-json\/wp\/v2\/tags?post=699103"}],"curies":[{"name":"wp","href":"https:\/\/api.w.org\/{rel}","templated":true}]}}