{"id":699059,"date":"2024-09-17T07:22:36","date_gmt":"2024-09-17T05:22:36","guid":{"rendered":"https:\/\/www.hashtag.al\/?p=699059"},"modified":"2024-09-17T07:22:36","modified_gmt":"2024-09-17T05:22:36","slug":"shtyhet-deri-ne-2025-ndalimi-i-importit-te-mishit-te-derrit-nga-brazili","status":"publish","type":"post","link":"https:\/\/www.hashtag.al\/index.php\/2024\/09\/17\/shtyhet-deri-ne-2025-ndalimi-i-importit-te-mishit-te-derrit-nga-brazili\/","title":{"rendered":"Shtyhet deri n\u00eb 2025 ndalimi i importit t\u00eb mishit t\u00eb derrit nga Brazili","gt_translate_keys":[{"key":"rendered","format":"text"}]},"content":{"rendered":"<p><img loading=\"lazy\" decoding=\"async\" class=\"aligncenter size-full wp-image-699060\" src=\"https:\/\/www.hashtag.al\/wp-content\/uploads\/2024\/09\/derrr.jpg\" alt=\"\" width=\"897\" height=\"406\" srcset=\"https:\/\/www.hashtag.al\/wp-content\/uploads\/2024\/09\/derrr.jpg 897w, https:\/\/www.hashtag.al\/wp-content\/uploads\/2024\/09\/derrr-300x136.jpg 300w, https:\/\/www.hashtag.al\/wp-content\/uploads\/2024\/09\/derrr-768x348.jpg 768w\" sizes=\"auto, (max-width: 897px) 100vw, 897px\" \/><\/p>\n<p><span style=\"color: #000000;\">Ndalimi i importit t\u00eb mishit t\u00eb derrit nga Brazili, p\u00ebr shkak t\u00eb p\u00ebrafrimit t\u00eb legjislacionit shqiptar me BE-n\u00eb, do t\u00eb shtyhet deri n\u00eb fund t\u00eb 2025-s.<\/span><\/p>\n<p><span style=\"color: #000000;\">Kompanit\u00eb p\u00ebrpunuese t\u00eb mishit (EHW, KMY, HAKO,FIX, TONA) n\u00eb letr\u00ebn d\u00ebrguar Ministris\u00eb s\u00eb Bujq\u00ebsis\u00eb dhe Ministris\u00eb s\u00eb Sip\u00ebrmarrjes dhe Biznesit, p\u00ebrve\u00e7 heqjes taks\u00ebs 10% t\u00eb importit t\u00eb mishit, k\u00ebrkuan edhe shtyrjen e ndalimit t\u00eb importit t\u00eb mishit t\u00eb derrit nga Brazili.<\/span><\/p>\n<p><span style=\"color: #000000;\">N\u00eb let\u00ebr kompanit\u00eb pohojn\u00eb se mishi i derrit \u00ebsht\u00eb l\u00ebnda e par\u00eb kryesore p\u00ebr industrin\u00eb p\u00ebrpunuese, por p\u00ebr fat t\u00eb keq mund\u00ebsia e tregut vendas p\u00ebr t\u00eb furnizuar nd\u00ebrmarrjet p\u00ebrpunuese \u00ebsht\u00eb zero.<\/span><\/p>\n<p><span style=\"color: #000000;\"><em>\u201cN\u00eb k\u00ebto kushte burimi kryesor i furnizimit ka qen\u00eb importi nga Brazili. Sot \u00e7mimet e blerjes n\u00eb Europ\u00eb, SHBA dhe Kanada jan\u00eb rreth 35-38% m\u00eb t\u00eb larta se ato t\u00eb tregut brazilian. P\u00ebr pasoj\u00eb, mbyllja e importit nga Brazili do t\u00eb \u00e7onte n\u00eb nj\u00eb rritje t\u00eb ndjeshme t\u00eb kostove t\u00eb prodhimit dhe rritje t\u00eb \u00e7mimeve t\u00eb produkteve n\u00eb mas\u00ebn 10- 20%\u201d,<\/em> ve\u00e7ohet n\u00eb let\u00ebr.<\/span><\/p>\n<p><span style=\"color: #000000;\">N\u00eb kuad\u00ebr t\u00eb p\u00ebrafrimit t\u00eb legjislacionit europian p\u00ebr an\u00ebtar\u00ebsimin e vendit n\u00eb BE, ligji p\u00ebr kontrollet zyrtare i planifikuar t\u00eb miratohej brenda vitit 2024, \u00ebsht\u00eb shtyr\u00eb t\u00eb p\u00ebrfundoj\u00eb brenda vitit 2025.<\/span><\/p>\n<p><span style=\"color: #000000;\">Zbatimi i ligjit t\u00eb ri p\u00ebr kontrollet zyrtare p\u00ebrfshin angazhimet e Shqip\u00ebris\u00eb p\u00ebr ndryshimin e marr\u00ebveshjeve tregtare me vendet jasht\u00eb BE-s\u00eb, p\u00ebrfshir\u00eb edhe mishin e derrit q\u00eb importohet nga Brazili.<\/span><\/p>\n<p><span style=\"color: #000000;\">Sipas Ministris\u00eb s\u00eb Bujq\u00ebsis\u00eb n\u00eb takimin bilateral n\u00eb N\u00ebntor 2023, Komisioni Europian b\u00ebri t\u00eb ditur se jo vet\u00ebm legjislacioni i acquis t\u00eb BE-s\u00eb do t\u00eb transpozohet i plot\u00eb n\u00eb legjislacioni komb\u00ebtar por edhe implementimi i tij duhet t\u00eb jet\u00eb i nj\u00ebjt\u00eb me shtetet an\u00ebtare p\u00ebrpara dit\u00ebs s\u00eb an\u00ebtar\u00ebsimit.<\/span><\/p>\n<p><span style=\"color: #000000;\">\u201cShqip\u00ebria u angazhua n\u00eb Takimin Bilateral se Marr\u00ebveshjet me vendet jasht\u00eb BE-s\u00eb q\u00eb p\u00ebrmbajn\u00eb \u201cdispozita tregtare\u201d do t\u00eb ndryshohen ose anulohen n\u00eb p\u00ebrputhje me afatet e p\u00ebrcaktuara n\u00eb legjislacionin p\u00ebr marr\u00ebveshjet nd\u00ebrkomb\u00ebtare.<\/span><\/p>\n<p><span style=\"color: #000000;\">K\u00ebtu p\u00ebrfshihet edhe importi i mishit t\u00eb derrit nga vende jasht\u00eb BE-s\u00eb t\u00eb cil\u00ebt nuk kan\u00eb stabilimente t\u00eb miratuara nga BE p\u00ebr eksport t\u00eb mishit t\u00eb derrit n\u00eb vendet e BE-s\u00eb dhe do t\u00eb aplikohet pas miratimit dhe hyrjes n\u00eb fuqi t\u00eb ligjit p\u00ebr kontrollet zyrtare, sqaroi p\u00ebr Monitor Ministria e Bujq\u00ebsis\u00eb.<\/span><\/p>\n<p><span style=\"color: #000000;\">P\u00ebr shkak t\u00eb politikave t\u00eb mbrojtjes s\u00eb tregjeve, ve\u00e7an\u00ebrisht t\u00eb tregut gjerman q\u00eb \u00ebsht\u00eb nd\u00ebr prodhuesit m\u00eb t\u00eb m\u00ebdhenj t\u00eb mishit t\u00eb derrit, BE ka ndaluar importin e mishit t\u00eb derrit nga vendet jo an\u00ebtare. Mishi i derrit q\u00eb importohet nga Brazili, vjen nga stabilimente t\u00eb licencuara nga vende jo an\u00ebtare. Nd\u00ebrsa n\u00eb pikat hyr\u00ebse n\u00eb vend kryhen kontrollet laboratorike me baz\u00eb risku sipas modelit t\u00eb BE-s\u00eb.<\/span><\/p>\n<p><span style=\"color: #000000;\">Po ashtu q\u00ebllimi i p\u00ebrmir\u00ebsimit t\u00eb legjislacionit shqiptar ka n\u00eb fokus rritjen e standardeve t\u00eb siguris\u00eb ushqimore n\u00eb mbrojtje t\u00eb sh\u00ebndetit t\u00eb konsumatorit. Nj\u00eb nga prioritetet \u00ebsht\u00eb p\u00ebrafrimi i standardeve t\u00eb siguris\u00eb ushqimore me ato t\u00eb p\u00ebrcaktuara n\u00eb legjislacionin e BE-s\u00eb.<\/span><\/p>\n<p><span style=\"color: #000000;\"><em>\u201cKjo do t\u00eb thot\u00eb q\u00eb jo vet\u00ebm standardet tona t\u00eb prodhimit, p\u00ebrpunimit, shp\u00ebrndarjes dhe tregtimit t\u00eb produkteve ushqimore do t\u00eb rriten dhe do t\u00eb jen\u00eb t\u00eb nj\u00ebjta me ato n\u00eb BE-s\u00eb por edhe kontrolli, p\u00ebr t\u00eb garantuar konsumatorin p\u00ebr sigurin\u00eb e produkteve q\u00eb konsumojn\u00eb, do t\u00eb p\u00ebsoj t\u00eb nj\u00ebjtin proces p\u00ebr gjat\u00eb t\u00eb gjith\u00eb zinxhirit ushqimore nga ferma n\u00eb tavolin\u00eb.<\/em><\/span><\/p>\n<p><span style=\"color: #000000;\"><em>N\u00eb k\u00ebt\u00eb kuad\u00ebr, t\u00eb gjitha marr\u00ebveshjet q\u00eb p\u00ebrmbajn\u00eb \u201cdispozita tregtare\u201d q\u00eb Shqip\u00ebria ka aktualisht me vendet jasht\u00eb BE-s\u00eb por q\u00eb nuk jan\u00eb n\u00eb t\u00eb nj\u00ebjt\u00ebn linj\u00eb q\u00eb ndjek BE-ja, duhet t\u00eb rishikohen\u201d,<\/em> sqaron Ministria e Bujq\u00ebsis\u00eb.<\/span><\/p>\n<p><span style=\"color: #000000;\">N\u00eb fillim t\u00eb vitit 2025, do t\u00eb filloj nj\u00eb projekt i BE-s\u00eb p\u00ebr siguris\u00eb ushqimore, ku nj\u00eb nd\u00ebr mb\u00ebshtetjet q\u00eb do i jap\u00eb Shqip\u00ebris\u00eb do t\u00eb jet\u00eb edhe vler\u00ebsimi, kategorizimi dhe p\u00ebrdit\u00ebsimi i standardeve t\u00eb stabilimenteve ushqimore.<\/span><\/p>\n<p><span style=\"color: #000000;\">Nga ana tjet\u00ebr sipas Ministris\u00eb s\u00eb Bujq\u00ebsis\u00eb, ky projekt do t\u00eb jet\u00eb nj\u00eb ndihmes\u00eb e madhe p\u00ebr operator\u00ebt e biznesit ushqimor p\u00ebr p\u00ebrmir\u00ebsimin e standardeve dhe sjelljen e tyre n\u00eb standardet e k\u00ebrkuara nga BE-ja p\u00ebr eksportin e produkteve q\u00eb ata prodhojn\u00eb.<\/span><\/p>\n<p><span style=\"color: #000000;\">P\u00ebr muajt janar-gusht sipas t\u00eb dh\u00ebnave t\u00eb INSTAT, importet e grupit \u201cMish dhe t\u00eb brendshme t\u00eb ngr\u00ebnshme\u201d u kryesuan nga t\u00eb hyrat e mishit dhe t\u00eb brendshmeve t\u00eb ngr\u00ebnshme nga Brazili. Importet e Brazilit zun\u00eb 28% t\u00eb totalit t\u00eb 7-mujorit.<\/span><\/p>\n<p><span style=\"color: #000000;\">Importet e mishit nga SHBA zun\u00eb 20% t\u00eb totalit t\u00eb importuar. E ndjekur nga importet e Greqis\u00eb me 19% t\u00eb totalit dhe Italis\u00eb me 10%. Nd\u00ebrsa e importet e ardhura nga shtetet e tjera europiane si Polonia dhe Gjermania pesha e tyre ishte p\u00ebrkat\u00ebsisht 4% dhe 3%.\/D.Azo<\/span><\/p>\n<p><span style=\"color: #000000;\"><span style=\"color: #ff0000;\"><strong>VINI RE<\/strong><\/span>: Ky material \u00ebsht\u00eb pron\u00ebsi intelektuale e <span style=\"color: #0000ff;\"><a style=\"color: #0000ff;\" href=\"https:\/\/monitor.al\/shtyhet-deri-ne-2025-ndalimi-i-importit-te-mishit-te-derrit-nga-brazili\/\">Monitor<\/a><\/span><\/span><\/p>\n","protected":false,"gt_translate_keys":[{"key":"rendered","format":"html"}]},"excerpt":{"rendered":"<p>Ndalimi i importit t\u00eb mishit t\u00eb derrit nga Brazili, p\u00ebr shkak t\u00eb p\u00ebrafrimit t\u00eb legjislacionit shqiptar me BE-n\u00eb, do t\u00eb shtyhet deri n\u00eb fund t\u00eb 2025-s. Kompanit\u00eb p\u00ebrpunuese t\u00eb mishit (EHW, KMY, HAKO,FIX, TONA) n\u00eb letr\u00ebn d\u00ebrguar Ministris\u00eb s\u00eb Bujq\u00ebsis\u00eb dhe Ministris\u00eb s\u00eb Sip\u00ebrmarrjes dhe Biznesit, p\u00ebrve\u00e7 heqjes taks\u00ebs 10% t\u00eb importit t\u00eb mishit, k\u00ebrkuan [&hellip;]<\/p>\n","protected":false,"gt_translate_keys":[{"key":"rendered","format":"html"}]},"author":51,"featured_media":699060,"comment_status":"closed","ping_status":"open","sticky":false,"template":"","format":"standard","meta":{"footnotes":""},"categories":[65],"tags":[],"class_list":["post-699059","post","type-post","status-publish","format-standard","has-post-thumbnail","hentry","category-lajme"],"gt_translate_keys":[{"key":"link","format":"url"}],"_links":{"self":[{"href":"https:\/\/www.hashtag.al\/index.php\/wp-json\/wp\/v2\/posts\/699059","targetHints":{"allow":["GET"]}}],"collection":[{"href":"https:\/\/www.hashtag.al\/index.php\/wp-json\/wp\/v2\/posts"}],"about":[{"href":"https:\/\/www.hashtag.al\/index.php\/wp-json\/wp\/v2\/types\/post"}],"author":[{"embeddable":true,"href":"https:\/\/www.hashtag.al\/index.php\/wp-json\/wp\/v2\/users\/51"}],"replies":[{"embeddable":true,"href":"https:\/\/www.hashtag.al\/index.php\/wp-json\/wp\/v2\/comments?post=699059"}],"version-history":[{"count":0,"href":"https:\/\/www.hashtag.al\/index.php\/wp-json\/wp\/v2\/posts\/699059\/revisions"}],"wp:featuredmedia":[{"embeddable":true,"href":"https:\/\/www.hashtag.al\/index.php\/wp-json\/wp\/v2\/media\/699060"}],"wp:attachment":[{"href":"https:\/\/www.hashtag.al\/index.php\/wp-json\/wp\/v2\/media?parent=699059"}],"wp:term":[{"taxonomy":"category","embeddable":true,"href":"https:\/\/www.hashtag.al\/index.php\/wp-json\/wp\/v2\/categories?post=699059"},{"taxonomy":"post_tag","embeddable":true,"href":"https:\/\/www.hashtag.al\/index.php\/wp-json\/wp\/v2\/tags?post=699059"}],"curies":[{"name":"wp","href":"https:\/\/api.w.org\/{rel}","templated":true}]}}