{"id":698958,"date":"2024-09-16T14:04:16","date_gmt":"2024-09-16T12:04:16","guid":{"rendered":"https:\/\/www.hashtag.al\/?p=698958"},"modified":"2024-09-16T14:04:16","modified_gmt":"2024-09-16T12:04:16","slug":"be-mirepret-thirrjet-e-vucicit-per-riintegrimin-e-serbeve-ne-kosove","status":"publish","type":"post","link":"https:\/\/www.hashtag.al\/index.php\/2024\/09\/16\/be-mirepret-thirrjet-e-vucicit-per-riintegrimin-e-serbeve-ne-kosove\/","title":{"rendered":"BE mir\u00ebpret thirrjet e Vu\u00e7i\u00e7it p\u00ebr riintegrimin e serb\u00ebve n\u00eb Kosov\u00eb","gt_translate_keys":[{"key":"rendered","format":"text"}]},"content":{"rendered":"<p><span style=\"color: #000000;\"><a href=\"https:\/\/www.hashtag.al\/wp-content\/uploads\/2024\/04\/Peter-Stano.jpg\"><img loading=\"lazy\" decoding=\"async\" class=\"aligncenter size-full wp-image-668919\" src=\"https:\/\/www.hashtag.al\/wp-content\/uploads\/2024\/04\/Peter-Stano.jpg\" alt=\"\" width=\"860\" height=\"497\" srcset=\"https:\/\/www.hashtag.al\/wp-content\/uploads\/2024\/04\/Peter-Stano.jpg 860w, https:\/\/www.hashtag.al\/wp-content\/uploads\/2024\/04\/Peter-Stano-300x173.jpg 300w, https:\/\/www.hashtag.al\/wp-content\/uploads\/2024\/04\/Peter-Stano-768x444.jpg 768w, https:\/\/www.hashtag.al\/wp-content\/uploads\/2024\/04\/Peter-Stano-250x145.jpg 250w\" sizes=\"auto, (max-width: 860px) 100vw, 860px\" \/><\/a><\/span><\/p>\n<p><span style=\"color: #000000;\">Bashkimi Evropian, duke iu referuar masave dhe thirrjeve t\u00eb presidentit t\u00eb Serbis\u00eb, Aleksandar Vu\u00e7i\u00e7, p\u00ebr serb\u00ebt n\u00eb Kosov\u00eb, u k\u00ebrkoi t\u00eb dyja vendeve q\u00eb t\u00eb angazhohen n\u00eb m\u00ebnyr\u00eb konstruktive n\u00eb dialogun p\u00ebr normalizimin e marr\u00ebdh\u00ebnieve.<\/span><\/p>\n<p><span style=\"color: #000000;\"><em>\u201cNe e mir\u00ebpresim gatishm\u00ebrin\u00eb e shprehur nga presidenti Vu\u00e7i\u00e7 p\u00ebr t\u00eb vazhduar angazhimin n\u00eb dialogun e leht\u00ebsuar nga BE-ja. Pozitivisht e marrim edhe thirrjen e tij p\u00ebr serb\u00ebt e Kosov\u00ebs, q\u00eb t\u00eb marrin pjes\u00eb n\u00eb zgjedhjet n\u00eb Kosov\u00eb dhe t\u00eb riintegrohen n\u00eb t\u00eb gjitha institucionet e Kosov\u00ebs, nga t\u00eb cilat jan\u00eb larguar n\u00eb vitin 2022<\/em>\u201d, tha z\u00ebdh\u00ebn\u00ebsi i BE-s\u00eb, Peter Stano.<\/span><\/p>\n<p><span style=\"color: #000000;\">Ai i b\u00ebri komentet n\u00eb k\u00ebrkes\u00ebn e Radios Evropa e Lir\u00eb p\u00ebr t\u2019i komentuar disa k\u00ebrkesa dhe masa t\u00eb Vu\u00e7i\u00e7it, q\u00eb parashtroi jav\u00ebn e kaluar.<\/span><\/p>\n<p><span style=\"color: #000000;\">Mes tjerash, ato p\u00ebrfshijn\u00eb shpalljen dhe mbajtjen e \u201czgjedhjeve lokale, t\u00eb lira dhe demokratike\u201d n\u00eb veriun e Kosov\u00ebs, t\u00eb banuar me shumic\u00eb serbe, si dhe kthimin e serb\u00ebve n\u00eb Drejtorin\u00eb Rajonale t\u00eb Policis\u00eb s\u00eb Kosov\u00ebs p\u00ebr veriun dhe kthimin e gjyqtar\u00ebve dhe prokuror\u00ebve serb\u00eb n\u00eb funksionet e tyre.<\/span><\/p>\n<p><span style=\"color: #000000;\">Komunat n\u00eb veri, aktualisht, udh\u00ebhiqen nga shqiptar\u00eb, pasi banor\u00ebt lokal\u00eb serb\u00eb i bojkotuan zgjedhjet n\u00eb at\u00eb zon\u00eb.<\/span><\/p>\n<p><span style=\"color: #000000;\">Kryetar\u00ebt serb\u00eb, ashtu si edhe zyrtar\u00eb t\u00eb tjer\u00eb t\u00eb komunitetit dhan\u00eb dor\u00ebheqje nga institucionet e Kosov\u00ebs n\u00eb veri n\u00eb n\u00ebntor t\u00eb vitit 2022, kur tensionet ishin t\u00eb larta p\u00ebr shkak t\u00eb vendimit t\u00eb autoriteteve t\u00eb Kosov\u00ebs p\u00ebr t\u2019i z\u00ebvend\u00ebsuar targat serbe t\u00eb makinave me targa t\u00eb Kosov\u00ebs.<\/span><\/p>\n<p><span style=\"color: #000000;\">Stano tha se BE-ja, vazhdimisht, i ka b\u00ebr\u00eb thirrje Beogradit q\u00eb t\u00eb inkurajoj\u00eb riintegrimin e serb\u00ebve n\u00eb institucionet e Kosov\u00ebs, dhe Prishtin\u00ebs q\u00eb ta mund\u00ebsoj\u00eb at\u00eb.<\/span><\/p>\n<p><span style=\"color: #000000;\"><em>\u201cMarr\u00ebveshjet e dialogut i parashikojn\u00eb hapat dhe procedurat q\u00eb kjo t\u00eb ndodh\u00eb, n\u00eb p\u00ebrputhje dhe duke respektuar korniz\u00ebn ligjore t\u00eb Kosov\u00ebs\u201d,<\/em> tha Stano.<\/span><\/p>\n<p><span style=\"color: #000000;\"><em>\u201cN\u00eb k\u00ebt\u00eb kontekst, impelementimi i Asociacionit t\u00eb komunave me shumic\u00eb serbe \u00ebsht\u00eb shum\u00eb i r\u00ebnd\u00ebsish\u00ebm\u201d,<\/em> shtoi ai, duke iu referuar, po ashtu, k\u00ebrkes\u00ebs s\u00eb Vu\u00e7i\u00e7it p\u00ebr themelimin e k\u00ebtij asociacioni n\u00eb Kosov\u00eb.<\/span><\/p>\n<p><span style=\"color: #000000;\">Kryeministri i Kosov\u00ebs, Albin Kurti, nuk i ka komentuar deri m\u00eb tash k\u00ebrkesat e Vu\u00e7i\u00e7it.<\/span><\/p>\n<p><span style=\"color: #000000;\">Radio Evropa e Lir\u00eb ka kontaktuar Qeverin\u00eb e tij q\u00eb nga e premtja e kaluar, por nuk ka marr\u00eb p\u00ebrgjigje.<\/span><\/p>\n<p><span style=\"color: #000000;\">Kryetari i Kuvendit t\u00eb Kosov\u00ebs, Glauk Konjufca, tha se Vu\u00e7i\u00e7 po tenton t\u00eb ruaj\u00eb n\u00eb Kosov\u00eb \u201cat\u00eb q\u00eb nuk e ka m\u00eb\u201d.<\/span><\/p>\n<p><span style=\"color: #000000;\"><em>\u201cAi [Vu\u00e7i\u00e7], faktikisht, po e k\u00ebrc\u00ebnon Republik\u00ebn e Kosov\u00ebs p\u00ebrmes konferenc\u00ebs s\u00eb tij p\u00ebr shtyp, mir\u00ebpo ky \u00ebsht\u00eb nj\u00eb k\u00ebrcenim, i cili, ta them t\u00eb drejt\u00ebn, nuk na b\u00ebn shum\u00eb p\u00ebrshtypje. Ne nuk frik\u00ebsohemi, nuk shqet\u00ebsohemi, sepse n\u00eb at\u00eb pjes\u00eb t\u00eb vendit jan\u00eb institucionet e Kosov\u00ebs, jan\u00eb institucionet e siguris\u00eb, jan\u00eb institucionet politike, jan\u00eb komunat q\u00eb funksionojn\u00eb&#8230; \u00cbsht\u00eb shans i humbur i qytetar\u00ebve q\u00eb kan\u00eb mendime t\u00eb tjera p\u00ebr t\u00eb marr\u00eb pjes\u00eb n\u00eb procesin politik edhe p\u00ebr t\u00eb qen\u00eb bashk\u00ebpjes\u00ebmarr\u00ebs n\u00eb procesin politik. Pas k\u00ebsaj q\u00eb ka ndodhur, vendi e ka marr\u00eb nj\u00eb drejtim t\u00eb ri<\/em>\u201d, tha Konjufca.<\/span><\/p>\n<p><span style=\"color: #000000;\">Stano p\u00ebrs\u00ebriti thirrjet p\u00ebr shmangien nga retorika nxit\u00ebse dhe, si\u00e7 tha, hapat e nj\u00ebansh\u00ebm.<\/span><\/p>\n<p><span style=\"color: #000000;\"><em>\u201cRetorika nxit\u00ebse dhe mashtruese, si dhe veprimet e nj\u00ebanshme dhe t\u00eb pakoordinuara shkojn\u00eb kund\u00ebr dialogut. Ato v\u00ebn\u00eb n\u00eb rrezik normalizimin e raporteve mes Kosov\u00ebs dhe Serbis\u00eb, si dhe sigurin\u00eb e qytetar\u00ebve t\u00eb tyre<\/em>\u201d, tha Stano.<\/span><\/p>\n<p><span style=\"color: #000000;\">\u201cRruga p\u00ebrpara p\u00ebr t\u00eb dyja pal\u00ebt \u00ebsht\u00eb konfirmimi i angazhimit t\u00eb tyre konstruktiv n\u00eb procesin e normalizimit. Rasti i par\u00eb p\u00ebr k\u00ebt\u00eb \u00ebsht\u00eb takimi i kryenegociator\u00ebve m\u00eb 17 shtator n\u00eb Bruksel\u201d, tha z\u00ebdh\u00ebn\u00ebsi i BE-s\u00eb.<\/span><\/p>\n<p><span style=\"color: #000000;\">Radio Evropa e Lir\u00eb mori vesh nga burime t\u00eb besueshme n\u00eb BE se kryenegociator\u00ebt e Kosov\u00ebs dhe t\u00eb Serbis\u00eb, Besnik Bislimi dhe Petar Petkoviq, e kan\u00eb konfirmuar shkuarjen n\u00eb Bruksel.<\/span><\/p>\n<p><span style=\"color: #000000;\">Nuk \u00ebsht\u00eb ende e qart\u00eb n\u00ebse do t\u00eb ken\u00eb takim t\u00eb p\u00ebrbashk\u00ebt, apo vet\u00ebm ve\u00e7 e ve\u00e7 me zyrtar\u00ebt e BE-s\u00eb.\/<span style=\"color: #0000ff;\"><a style=\"color: #0000ff;\" href=\"https:\/\/www.evropaelire.org\/a\/be-mirepret-thirrjet-e-vuciqit-per-riintegrimin-e-serbeve-ne-kosove\/33121841.html\">REL<\/a><\/span><\/span><\/p>\n","protected":false,"gt_translate_keys":[{"key":"rendered","format":"html"}]},"excerpt":{"rendered":"<p>Bashkimi Evropian, duke iu referuar masave dhe thirrjeve t\u00eb presidentit t\u00eb Serbis\u00eb, Aleksandar Vu\u00e7i\u00e7, p\u00ebr serb\u00ebt n\u00eb Kosov\u00eb, u k\u00ebrkoi t\u00eb dyja vendeve q\u00eb t\u00eb angazhohen n\u00eb m\u00ebnyr\u00eb konstruktive n\u00eb dialogun p\u00ebr normalizimin e marr\u00ebdh\u00ebnieve. \u201cNe e mir\u00ebpresim gatishm\u00ebrin\u00eb e shprehur nga presidenti Vu\u00e7i\u00e7 p\u00ebr t\u00eb vazhduar angazhimin n\u00eb dialogun e leht\u00ebsuar nga BE-ja. Pozitivisht [&hellip;]<\/p>\n","protected":false,"gt_translate_keys":[{"key":"rendered","format":"html"}]},"author":32,"featured_media":668919,"comment_status":"closed","ping_status":"open","sticky":false,"template":"","format":"standard","meta":{"footnotes":""},"categories":[149],"tags":[],"class_list":["post-698958","post","type-post","status-publish","format-standard","has-post-thumbnail","hentry","category-kosoverajon"],"gt_translate_keys":[{"key":"link","format":"url"}],"_links":{"self":[{"href":"https:\/\/www.hashtag.al\/index.php\/wp-json\/wp\/v2\/posts\/698958","targetHints":{"allow":["GET"]}}],"collection":[{"href":"https:\/\/www.hashtag.al\/index.php\/wp-json\/wp\/v2\/posts"}],"about":[{"href":"https:\/\/www.hashtag.al\/index.php\/wp-json\/wp\/v2\/types\/post"}],"author":[{"embeddable":true,"href":"https:\/\/www.hashtag.al\/index.php\/wp-json\/wp\/v2\/users\/32"}],"replies":[{"embeddable":true,"href":"https:\/\/www.hashtag.al\/index.php\/wp-json\/wp\/v2\/comments?post=698958"}],"version-history":[{"count":0,"href":"https:\/\/www.hashtag.al\/index.php\/wp-json\/wp\/v2\/posts\/698958\/revisions"}],"wp:featuredmedia":[{"embeddable":true,"href":"https:\/\/www.hashtag.al\/index.php\/wp-json\/wp\/v2\/media\/668919"}],"wp:attachment":[{"href":"https:\/\/www.hashtag.al\/index.php\/wp-json\/wp\/v2\/media?parent=698958"}],"wp:term":[{"taxonomy":"category","embeddable":true,"href":"https:\/\/www.hashtag.al\/index.php\/wp-json\/wp\/v2\/categories?post=698958"},{"taxonomy":"post_tag","embeddable":true,"href":"https:\/\/www.hashtag.al\/index.php\/wp-json\/wp\/v2\/tags?post=698958"}],"curies":[{"name":"wp","href":"https:\/\/api.w.org\/{rel}","templated":true}]}}