{"id":698762,"date":"2024-09-15T10:11:14","date_gmt":"2024-09-15T08:11:14","guid":{"rendered":"https:\/\/www.hashtag.al\/?p=698762"},"modified":"2024-09-15T10:11:14","modified_gmt":"2024-09-15T08:11:14","slug":"te-shtena-me-arme-zjarri-ne-malesi-te-madhe-raportohet-per-dy-te-plagosur","status":"publish","type":"post","link":"https:\/\/www.hashtag.al\/index.php\/2024\/09\/15\/te-shtena-me-arme-zjarri-ne-malesi-te-madhe-raportohet-per-dy-te-plagosur\/","title":{"rendered":"T\u00eb sht\u00ebna me arm\u00eb zjarri n\u00eb Mal\u00ebsi t\u00eb Madhe, raportohet p\u00ebr dy t\u00eb plagosur","gt_translate_keys":[{"key":"rendered","format":"text"}]},"content":{"rendered":"<p><span style=\"color: #000000;\"><a href=\"https:\/\/www.hashtag.al\/wp-content\/uploads\/2024\/06\/Shkoder-policia-770x433-1.jpg\"><img loading=\"lazy\" decoding=\"async\" class=\"aligncenter size-full wp-image-678858\" src=\"https:\/\/www.hashtag.al\/wp-content\/uploads\/2024\/06\/Shkoder-policia-770x433-1.jpg\" alt=\"\" width=\"770\" height=\"433\" srcset=\"https:\/\/www.hashtag.al\/wp-content\/uploads\/2024\/06\/Shkoder-policia-770x433-1.jpg 770w, https:\/\/www.hashtag.al\/wp-content\/uploads\/2024\/06\/Shkoder-policia-770x433-1-300x169.jpg 300w, https:\/\/www.hashtag.al\/wp-content\/uploads\/2024\/06\/Shkoder-policia-770x433-1-768x432.jpg 768w\" sizes=\"auto, (max-width: 770px) 100vw, 770px\" \/><\/a><\/span><\/p>\n<p><span style=\"color: #000000;\">T\u00eb sht\u00ebna me arm\u00eb zjarri jan\u00eb regjistruar n\u00eb Vrak\u00eb t\u00eb Mal\u00ebsis\u00eb s\u00eb Madhe.<\/span><\/p>\n<p><span style=\"color: #000000;\">Raportohet se dy persona jan\u00eb plagosur.<\/span><\/p>\n<p><span style=\"color: #000000;\">Dy t\u00eb plagosurit jan\u00eb transportuar me urgjenc\u00eb n\u00eb spitalin rajonal t\u00eb Shkodr\u00ebs p\u00ebr t\u00eb marr\u00eb ndihm\u00eb mjek\u00ebsore.<\/span><\/p>\n","protected":false,"gt_translate_keys":[{"key":"rendered","format":"html"}]},"excerpt":{"rendered":"<p>T\u00eb sht\u00ebna me arm\u00eb zjarri jan\u00eb regjistruar n\u00eb Vrak\u00eb t\u00eb Mal\u00ebsis\u00eb s\u00eb Madhe. Raportohet se dy persona jan\u00eb plagosur. Dy t\u00eb plagosurit jan\u00eb transportuar me urgjenc\u00eb n\u00eb spitalin rajonal t\u00eb Shkodr\u00ebs p\u00ebr t\u00eb marr\u00eb ndihm\u00eb mjek\u00ebsore.<\/p>\n","protected":false,"gt_translate_keys":[{"key":"rendered","format":"html"}]},"author":32,"featured_media":678858,"comment_status":"closed","ping_status":"open","sticky":false,"template":"","format":"standard","meta":{"footnotes":""},"categories":[65,13],"tags":[],"class_list":["post-698762","post","type-post","status-publish","format-standard","has-post-thumbnail","hentry","category-lajme","category-te-fundit"],"gt_translate_keys":[{"key":"link","format":"url"}],"_links":{"self":[{"href":"https:\/\/www.hashtag.al\/index.php\/wp-json\/wp\/v2\/posts\/698762","targetHints":{"allow":["GET"]}}],"collection":[{"href":"https:\/\/www.hashtag.al\/index.php\/wp-json\/wp\/v2\/posts"}],"about":[{"href":"https:\/\/www.hashtag.al\/index.php\/wp-json\/wp\/v2\/types\/post"}],"author":[{"embeddable":true,"href":"https:\/\/www.hashtag.al\/index.php\/wp-json\/wp\/v2\/users\/32"}],"replies":[{"embeddable":true,"href":"https:\/\/www.hashtag.al\/index.php\/wp-json\/wp\/v2\/comments?post=698762"}],"version-history":[{"count":0,"href":"https:\/\/www.hashtag.al\/index.php\/wp-json\/wp\/v2\/posts\/698762\/revisions"}],"wp:featuredmedia":[{"embeddable":true,"href":"https:\/\/www.hashtag.al\/index.php\/wp-json\/wp\/v2\/media\/678858"}],"wp:attachment":[{"href":"https:\/\/www.hashtag.al\/index.php\/wp-json\/wp\/v2\/media?parent=698762"}],"wp:term":[{"taxonomy":"category","embeddable":true,"href":"https:\/\/www.hashtag.al\/index.php\/wp-json\/wp\/v2\/categories?post=698762"},{"taxonomy":"post_tag","embeddable":true,"href":"https:\/\/www.hashtag.al\/index.php\/wp-json\/wp\/v2\/tags?post=698762"}],"curies":[{"name":"wp","href":"https:\/\/api.w.org\/{rel}","templated":true}]}}