{"id":698504,"date":"2024-09-13T14:52:30","date_gmt":"2024-09-13T12:52:30","guid":{"rendered":"https:\/\/www.hashtag.al\/?p=698504"},"modified":"2024-09-13T14:52:30","modified_gmt":"2024-09-13T12:52:30","slug":"apeli-i-gjkko-se-le-ne-fuqi-masen-e-arrestit-per-sali-berishen-dhe-dhendrin-e-tij","status":"publish","type":"post","link":"https:\/\/www.hashtag.al\/index.php\/2024\/09\/13\/apeli-i-gjkko-se-le-ne-fuqi-masen-e-arrestit-per-sali-berishen-dhe-dhendrin-e-tij\/","title":{"rendered":"Apeli i GJKKO-s\u00eb l\u00eb n\u00eb fuqi mas\u00ebn e arrestit p\u00ebr Sali Berish\u00ebn dhe dh\u00ebndrin e tij","gt_translate_keys":[{"key":"rendered","format":"text"}]},"content":{"rendered":"<p><span style=\"color: #000000;\"><a href=\"https:\/\/www.hashtag.al\/wp-content\/uploads\/2024\/07\/berisha-malltezi.jpg\"><img loading=\"lazy\" decoding=\"async\" class=\"aligncenter size-full wp-image-688327\" src=\"https:\/\/www.hashtag.al\/wp-content\/uploads\/2024\/07\/berisha-malltezi.jpg\" alt=\"\" width=\"880\" height=\"520\" srcset=\"https:\/\/www.hashtag.al\/wp-content\/uploads\/2024\/07\/berisha-malltezi.jpg 880w, https:\/\/www.hashtag.al\/wp-content\/uploads\/2024\/07\/berisha-malltezi-300x177.jpg 300w, https:\/\/www.hashtag.al\/wp-content\/uploads\/2024\/07\/berisha-malltezi-768x454.jpg 768w\" sizes=\"auto, (max-width: 880px) 100vw, 880px\" \/><\/a><\/span><\/p>\n<p><span style=\"color: #000000;\">Apeli i GJKKO-s\u00eb l\u00eb n\u00eb fuqi mas\u00ebn e \u201carrestit n\u00eb sht\u00ebpi\u201d p\u00ebr Sali Berish\u00ebn dhe dh\u00ebndrin e tij.<\/span><\/p>\n<p><span style=\"color: #000000;\">Togat e zeza rr\u00ebzuan k\u00ebrkes\u00ebn e Kreut t\u00eb PD-s\u00eb dhe Jamarb\u00ebr Malltezit p\u00ebr ndryshimin e masave t\u00eb siguris\u00eb.<\/span><\/p>\n<p><span style=\"color: #000000;\">Vendimi u mor nj\u00eb dit\u00eb pasi Berisha dhe dh\u00ebndri i tij, u mor\u00ebn t\u00eb pandehur nga SPAK p\u00ebr \u00e7\u00ebshjtjen Partizani.<\/span><\/p>\n<p><span style=\"color: #000000;\"><em>\u201cIshte vendim i nj\u00eb dirigjence. Hetimet nuk kan\u00eb p\u00ebrfunduar. Fryma e procedur\u00ebs me pritje e p\u00ebrcjellje. U b\u00eb komunikimi i akuz\u00ebs, por nuk u b\u00ebn\u00eb shpjegime\u201d,<\/em> tha avokati Genc Gjokutaj.<\/span><\/p>\n<p><span style=\"color: #000000;\">P\u00ebrfaq\u00ebsuesi ligjor i Berish\u00ebs deklaroi se: \u201c<em>Afatet e paraburgimit me at\u00eb t\u00eb hetimit jan\u00eb t\u00eb ndryshme, k\u00ebta nxitojn\u00eb sepse i kufizon masa e kufizimit t\u00eb liris\u00eb, se kan\u00eb frik\u00eb se u skadon, shuhet masa p\u00ebr shkak t\u00eb tejkalimit t\u00eb afatit dhe nxitojn\u00eb.<\/em><\/span><\/p>\n<p><span style=\"color: #000000;\"><em>N\u00eb rastin e Berish\u00ebs k\u00ebta do t\u00eb nxitojn\u00eb, nd\u00ebrsa n\u00eb rastin e Dakos k\u00ebta nuk nxituan dhe u shkau nga dora.\u201d<\/em><\/span><\/p>\n<p>&nbsp;<\/p>\n<p>&nbsp;<\/p>\n<p><span style=\"color: #000000;\">Vendimi i Apelit t\u00eb GJKKO-s\u00eb:<\/span><\/p>\n<p><span style=\"color: #000000;\"><em>Gjykata e Posa\u00e7me e Apelit p\u00ebr Korrupsionin dhe Krimin e Organizuar, me trup gjykues monokratik t\u00eb p\u00ebrb\u00ebr\u00eb nga gjyqtarja Iliriana Olldashi, sot m\u00eb 13.09.2024, shpalli vendimin mbi \u00e7\u00ebshtjen penale nr. 182 akti, dat\u00eb 04.09.2024 regjistrimi, regjistruar mbi ankimin e personave n\u00ebn hetim\/ankues S.B. dhe J.M., me objekt: \u201cAnkim ndaj vendimit nr. 400 akti, dat\u00eb 30.07.2024 t\u00eb Gjykat\u00ebs s\u00eb Posa\u00e7me t\u00eb Shkall\u00ebs s\u00eb Par\u00eb p\u00ebr Korrupsionin dhe Krimin e Organizuar (me objekt: Informacion dymujor n\u00eb kuad\u00ebr t\u00eb procedimit penal)\u201d, n\u00eb l\u00ebnd\u00eb t\u00eb masave t\u00eb sigurimit personal dhe vendosi:<\/em><\/span><\/p>\n<p><span style=\"color: #000000;\"><em>Miratimin e vendimit nr. 400 akti, dat\u00eb 30.07.2024 t\u00eb Gjykat\u00ebs s\u00eb Posa\u00e7me t\u00eb Shkall\u00ebs s\u00eb Par\u00eb p\u00ebr Korrupsionin dhe Krimin e Organizuar.<\/em><\/span><\/p>\n","protected":false,"gt_translate_keys":[{"key":"rendered","format":"html"}]},"excerpt":{"rendered":"<p>Apeli i GJKKO-s\u00eb l\u00eb n\u00eb fuqi mas\u00ebn e \u201carrestit n\u00eb sht\u00ebpi\u201d p\u00ebr Sali Berish\u00ebn dhe dh\u00ebndrin e tij. Togat e zeza rr\u00ebzuan k\u00ebrkes\u00ebn e Kreut t\u00eb PD-s\u00eb dhe Jamarb\u00ebr Malltezit p\u00ebr ndryshimin e masave t\u00eb siguris\u00eb. Vendimi u mor nj\u00eb dit\u00eb pasi Berisha dhe dh\u00ebndri i tij, u mor\u00ebn t\u00eb pandehur nga SPAK p\u00ebr \u00e7\u00ebshjtjen [&hellip;]<\/p>\n","protected":false,"gt_translate_keys":[{"key":"rendered","format":"html"}]},"author":32,"featured_media":668416,"comment_status":"closed","ping_status":"open","sticky":false,"template":"","format":"standard","meta":{"footnotes":""},"categories":[65],"tags":[],"class_list":["post-698504","post","type-post","status-publish","format-standard","has-post-thumbnail","hentry","category-lajme"],"gt_translate_keys":[{"key":"link","format":"url"}],"_links":{"self":[{"href":"https:\/\/www.hashtag.al\/index.php\/wp-json\/wp\/v2\/posts\/698504","targetHints":{"allow":["GET"]}}],"collection":[{"href":"https:\/\/www.hashtag.al\/index.php\/wp-json\/wp\/v2\/posts"}],"about":[{"href":"https:\/\/www.hashtag.al\/index.php\/wp-json\/wp\/v2\/types\/post"}],"author":[{"embeddable":true,"href":"https:\/\/www.hashtag.al\/index.php\/wp-json\/wp\/v2\/users\/32"}],"replies":[{"embeddable":true,"href":"https:\/\/www.hashtag.al\/index.php\/wp-json\/wp\/v2\/comments?post=698504"}],"version-history":[{"count":0,"href":"https:\/\/www.hashtag.al\/index.php\/wp-json\/wp\/v2\/posts\/698504\/revisions"}],"wp:featuredmedia":[{"embeddable":true,"href":"https:\/\/www.hashtag.al\/index.php\/wp-json\/wp\/v2\/media\/668416"}],"wp:attachment":[{"href":"https:\/\/www.hashtag.al\/index.php\/wp-json\/wp\/v2\/media?parent=698504"}],"wp:term":[{"taxonomy":"category","embeddable":true,"href":"https:\/\/www.hashtag.al\/index.php\/wp-json\/wp\/v2\/categories?post=698504"},{"taxonomy":"post_tag","embeddable":true,"href":"https:\/\/www.hashtag.al\/index.php\/wp-json\/wp\/v2\/tags?post=698504"}],"curies":[{"name":"wp","href":"https:\/\/api.w.org\/{rel}","templated":true}]}}