{"id":698499,"date":"2024-09-13T14:31:01","date_gmt":"2024-09-13T12:31:01","guid":{"rendered":"https:\/\/www.hashtag.al\/?p=698499"},"modified":"2024-09-13T14:31:01","modified_gmt":"2024-09-13T12:31:01","slug":"bashkia-e-tiranes-merr-certifikimin-iso-9001-nga-kompania-gjermane-dekra-veliaj-eshte-nje-arritje-e-perbashket","status":"publish","type":"post","link":"https:\/\/www.hashtag.al\/index.php\/2024\/09\/13\/bashkia-e-tiranes-merr-certifikimin-iso-9001-nga-kompania-gjermane-dekra-veliaj-eshte-nje-arritje-e-perbashket\/","title":{"rendered":"Bashkia e Tiran\u00ebs merr certifikimin ISO 9001 nga kompania gjermane DEKRA, Veliaj: \u00cbsht\u00eb nj\u00eb arritje e p\u00ebrbashk\u00ebt","gt_translate_keys":[{"key":"rendered","format":"text"}]},"content":{"rendered":"<p><span style=\"color: #000000;\"><a href=\"https:\/\/www.hashtag.al\/wp-content\/uploads\/2024\/09\/e20d7ba6-d633-44b4-8627-7fb854fa2c60-768x512-1.jpg\"><img loading=\"lazy\" decoding=\"async\" class=\"aligncenter size-full wp-image-698500\" src=\"https:\/\/www.hashtag.al\/wp-content\/uploads\/2024\/09\/e20d7ba6-d633-44b4-8627-7fb854fa2c60-768x512-1.jpg\" alt=\"\" width=\"768\" height=\"512\" srcset=\"https:\/\/www.hashtag.al\/wp-content\/uploads\/2024\/09\/e20d7ba6-d633-44b4-8627-7fb854fa2c60-768x512-1.jpg 768w, https:\/\/www.hashtag.al\/wp-content\/uploads\/2024\/09\/e20d7ba6-d633-44b4-8627-7fb854fa2c60-768x512-1-300x200.jpg 300w\" sizes=\"auto, (max-width: 768px) 100vw, 768px\" \/><\/a><\/span><\/p>\n<p><span style=\"color: #000000;\">Pas nj\u00eb vler\u00ebsimi 6-mujor, kompania e njohur gjermane DEKRA, e specializuar n\u00eb certifikimin e institucioneve p\u00ebr sistemet e menaxhimit t\u00eb cil\u00ebsis\u00eb n\u00eb sh\u00ebrbim, ka vler\u00ebsuar me certifikat\u00ebn ISO-9001 administrat\u00ebn qendrore t\u00eb Bashkis\u00eb s\u00eb Tiran\u00ebs.<\/span><\/p>\n<p><span style=\"color: #000000;\">K\u00ebshtu, Bashkia e Tiran\u00ebs b\u00ebhet bashkia e par\u00eb n\u00eb vend, e cila certifikohet nga nj\u00eb kompani e huaj p\u00ebr menaxhimin e pun\u00ebve t\u00eb qytetit.<\/span><\/p>\n<p><span style=\"color: #000000;\">N\u00eb ceremonin\u00eb zyrtare t\u00eb marrjes s\u00eb certifikimit, kryetari i Bashkis\u00eb s\u00eb Tiran\u00ebs, Erion Veliaj tha se ky \u00ebsht\u00eb nj\u00eb vler\u00ebsim i jasht\u00ebzakonsh\u00ebm p\u00ebr qytetin, i ardhur nga puna e p\u00ebrbashk\u00ebt e skuadr\u00ebs q\u00eb i sh\u00ebrben \u00e7do dit\u00eb nj\u00eb milion qytetar\u00ebve dhe ka transformuar Tiran\u00ebn.<\/span><\/p>\n<p><span style=\"color: #000000;\">\u201c<em>Urime p\u00ebr k\u00ebt\u00eb super vler\u00ebsim! \u00cbsht\u00eb nj\u00eb arritje e p\u00ebrbashk\u00ebt e k\u00ebsaj skuadre fantastike, q\u00eb ka transformuar kryeqytetin, e k\u00ebsaj skuadre q\u00eb Tiran\u00ebn e b\u00ebri Kryeqytetin Evropian t\u00eb Rinis\u00eb, m\u00eb pas Qytetin Europian t\u00eb Sportit, dhe vitin tjet\u00ebr Kryeqytetin Mesdhetar t\u00eb Kultur\u00ebs dhe Dialogut, por mbi t\u00eb gjitha, t\u00eb nj\u00eb skuadre q\u00eb i sh\u00ebrben me dinjitet, me cilesi dhe respekt nj\u00eb milion banor\u00ebve t\u00eb qytetit ton\u00eb. Ky vler\u00ebsim \u00ebsht\u00eb p\u00ebr administrat\u00ebn qendrore t\u00eb bashkis\u00eb dhe nj\u00ebsive administrative. Nj\u00eb administrat\u00eb, e cila proceson, trajton dhe zgjidh 50 mij\u00eb problematika n\u00eb vit ose rreth 150 raste n\u00eb dit\u00eb. 50 mij\u00eb halle n\u00eb vit zgjidhen nga kjo administrat\u00eb, e cila filtrin ose \u201clup\u00ebn\u201d e k\u00ebtyre 6 muajve bashk\u00ebpunim me kompanin\u00eb prestigjioze gjermane DEKRA dhe agjent\u00ebt e saj n\u00eb rajon, e ka kaluar me not\u00ebn 10. Ne po bashk\u00ebpunojm\u00eb me \u201cDelivery Associates\u201d dhe DEKRA, si kontrollor\u00eb t\u00eb cil\u00ebsis\u00eb, p\u00ebr t\u2019u siguruar q\u00eb procedurat tona, m\u00ebnyra si i marrim vendimet, m\u00ebnyra si i trajtojm\u00eb shqet\u00ebsimet e qytetar\u00ebve jan\u00eb ato t\u00eb duhurat\u201d,<\/em> u shpreh Veliaj.<\/span><\/p>\n<p><span style=\"color: #000000;\">Ai tha se n\u00eb vitin 2015, Tirana konsiderohej si kryeqyteti i fasoneris\u00eb dhe kishte nj\u00eb administrat\u00eb t\u00eb falimentuar, nd\u00ebrkoh\u00eb sot ka nj\u00eb buxhet 10 her\u00eb m\u00eb t\u00eb madh p\u00ebr pun\u00ebt e qytetit dhe ka si kryefjal\u00eb t\u00eb ekonomis\u00eb s\u00eb saj turizmin dhe pun\u00ebt digjitale.<\/span><\/p>\n<p><span style=\"color: #000000;\"><em>\u201cNe mor\u00ebm nj\u00eb qytet t\u00eb falimentuar, gjet\u00ebm nj\u00eb bashki t\u00eb falimentuar. Sot, bashkia ka nj\u00eb buxhet 10 her\u00eb m\u00eb t\u00eb madh, \u00e7ka do t\u00eb thot\u00eb se mund t\u00eb b\u00ebj\u00eb 10-fishin e pun\u00ebve. N\u00eb vitin 2015 mor\u00ebm nj\u00eb skuad\u00ebr t\u00eb ngjashme me \u201cDelivery Associates\u201d dhe DEKRA, si\u00e7 ishte Qendra e Harvardit, p\u00ebr t\u00eb na b\u00ebr\u00eb nj\u00eb skaner t\u00eb ekonomis\u00eb s\u00eb Tiran\u00ebs. Skaneri na rezultoi se 25% e produktit t\u00eb Tiran\u00ebs ishin tekstil dhe 25% t\u00eb tjera ishin k\u00ebpuc\u00eb. Pra, ne ishim kryeqyteti i fasoneris\u00eb. Kur b\u00ebm\u00eb t\u00eb nj\u00ebjtin skanim vjet, 25% e Tiran\u00ebs sot \u00ebsht\u00eb turiz\u00ebm dhe 25% jan\u00eb pun\u00ebt dixhitale; pra, \u00ebsht\u00eb transformuar 50% e ekonomis\u00eb. \u00cbsht\u00eb nj\u00eb zinxhir i jasht\u00ebzakonsh\u00ebm ekonomik q\u00eb e ka transformuar Tiran\u00ebn nga kryeqyteti i fasoneris\u00eb, n\u00eb kryeqytetin e turizmit dhe pun\u00ebve dixhitale\u201d,<\/em> deklaroi Veliaj.<\/span><\/p>\n<p><span style=\"color: #000000;\">Kryebashkiaku u ndal edhe te transformimi i institucioneve arsimore gjat\u00eb k\u00ebtyre viteve, kur n\u00eb Tiran\u00eb jan\u00eb nd\u00ebrtuar 45 shkolla t\u00eb reja, me t\u00eb nj\u00ebjtat standarde si n\u00eb periferi edhe n\u00eb qend\u00ebr.<\/span><\/p>\n<p><span style=\"color: #000000;\"><em>\u201cAdministrata para nesh nuk kishte nd\u00ebrtuar asnj\u00eb shkoll\u00eb t\u00eb re. Kurse ne k\u00ebt\u00eb jav\u00eb hap\u00ebm shkoll\u00ebn e 45-t\u00eb n\u00eb Tiran\u00eb. Sot t\u00eb gjitha shkollat e reja, se quhet \u201cSami Frash\u00ebri\u201d, se \u00ebsht\u00eb \u201cEmin Duraku\u201d, \u201cXhezmi Delli\u201d, \u201cServete Ma\u00e7i\u201d, \u201cKosova\u201d apo \u201cPartizani\u201d, jan\u00eb t\u00eb gjitha me t\u00eb nj\u00ebjtin standard p\u00ebr qytetar\u00ebt, nga qendra deri n\u00eb periferi. I mor\u00ebm \u00e7erdhet dhe kopshtet kur ishin m\u00eb keq se burgjet, se burgjet i kishin b\u00ebr\u00eb t\u00eb standardeve t\u00eb BE. F\u00ebmij\u00ebt v\u00ebrtet mund t\u00eb jen\u00eb 25% e popullsis\u00eb, por jan\u00eb 100% e s\u00eb ardhmes. Sot mjafton vet\u00ebm nj\u00eb statistik\u00eb p\u00ebr t\u00eb kuptuar sa jan\u00eb p\u00ebrmir\u00ebsuar \u00e7erdhet dhe kopshtet: Nga 3 mij\u00eb f\u00ebmij\u00eb n\u00eb 2015, sot sh\u00ebrbehen 16.850. 5 her\u00eb e gjysm\u00eb m\u00eb shum\u00eb dhe p\u00ebrs\u00ebri ka k\u00ebrkesa dhe p\u00ebrs\u00ebri duhet t\u00eb punojm\u00eb\u201d,<\/em> tha ai.<\/span><\/p>\n<p><span style=\"color: #000000;\">Kompania gjermane DEKRA, e cila \u00ebsht\u00eb aktive prej 90 vitesh, e themeluar n\u00eb vitin 1925 n\u00eb Berlin, \u00ebsht\u00eb sot nj\u00eb nga organizatat kryesore t\u00eb ekspert\u00ebve n\u00eb bot\u00eb, me sh\u00ebrbime ekspert\u00ebsh t\u00eb kualifikuar dhe t\u00eb pavarur, e cila punon p\u00ebr sigurin\u00eb n\u00eb m\u00eb shum\u00eb se 50 vende.<\/span><\/p>\n<p><span style=\"color: #000000;\">\u00a0Certifikimi ISO 9001 \u00ebsht\u00eb Standardi Nd\u00ebrkomb\u00ebtar i Sistemit t\u00eb Menaxhimit t\u00eb Cil\u00ebsis\u00eb dhe merrja e k\u00ebsaj certifikate n\u00ebnkupton se Bashkia e Tiran\u00ebs \u00ebsht\u00eb nj\u00eb institucion q\u00eb ofron sh\u00ebrbime t\u00eb certifikuara dhe me standarde.<\/span><\/p>\n","protected":false,"gt_translate_keys":[{"key":"rendered","format":"html"}]},"excerpt":{"rendered":"<p>Pas nj\u00eb vler\u00ebsimi 6-mujor, kompania e njohur gjermane DEKRA, e specializuar n\u00eb certifikimin e institucioneve p\u00ebr sistemet e menaxhimit t\u00eb cil\u00ebsis\u00eb n\u00eb sh\u00ebrbim, ka vler\u00ebsuar me certifikat\u00ebn ISO-9001 administrat\u00ebn qendrore t\u00eb Bashkis\u00eb s\u00eb Tiran\u00ebs. K\u00ebshtu, Bashkia e Tiran\u00ebs b\u00ebhet bashkia e par\u00eb n\u00eb vend, e cila certifikohet nga nj\u00eb kompani e huaj p\u00ebr menaxhimin e [&hellip;]<\/p>\n","protected":false,"gt_translate_keys":[{"key":"rendered","format":"html"}]},"author":32,"featured_media":698500,"comment_status":"closed","ping_status":"open","sticky":false,"template":"","format":"standard","meta":{"footnotes":""},"categories":[65],"tags":[],"class_list":["post-698499","post","type-post","status-publish","format-standard","has-post-thumbnail","hentry","category-lajme"],"gt_translate_keys":[{"key":"link","format":"url"}],"_links":{"self":[{"href":"https:\/\/www.hashtag.al\/index.php\/wp-json\/wp\/v2\/posts\/698499","targetHints":{"allow":["GET"]}}],"collection":[{"href":"https:\/\/www.hashtag.al\/index.php\/wp-json\/wp\/v2\/posts"}],"about":[{"href":"https:\/\/www.hashtag.al\/index.php\/wp-json\/wp\/v2\/types\/post"}],"author":[{"embeddable":true,"href":"https:\/\/www.hashtag.al\/index.php\/wp-json\/wp\/v2\/users\/32"}],"replies":[{"embeddable":true,"href":"https:\/\/www.hashtag.al\/index.php\/wp-json\/wp\/v2\/comments?post=698499"}],"version-history":[{"count":0,"href":"https:\/\/www.hashtag.al\/index.php\/wp-json\/wp\/v2\/posts\/698499\/revisions"}],"wp:featuredmedia":[{"embeddable":true,"href":"https:\/\/www.hashtag.al\/index.php\/wp-json\/wp\/v2\/media\/698500"}],"wp:attachment":[{"href":"https:\/\/www.hashtag.al\/index.php\/wp-json\/wp\/v2\/media?parent=698499"}],"wp:term":[{"taxonomy":"category","embeddable":true,"href":"https:\/\/www.hashtag.al\/index.php\/wp-json\/wp\/v2\/categories?post=698499"},{"taxonomy":"post_tag","embeddable":true,"href":"https:\/\/www.hashtag.al\/index.php\/wp-json\/wp\/v2\/tags?post=698499"}],"curies":[{"name":"wp","href":"https:\/\/api.w.org\/{rel}","templated":true}]}}