{"id":698464,"date":"2024-09-13T11:30:24","date_gmt":"2024-09-13T09:30:24","guid":{"rendered":"https:\/\/www.hashtag.al\/?p=698464"},"modified":"2024-09-13T11:30:24","modified_gmt":"2024-09-13T09:30:24","slug":"pellumb-gjoka-emeroi-drejtorin-e-policise-ne-shkoder-avokati-manjani-i-pergjigjet-bardhit-klienti-im-se-ka-perdorur-sky-ecc","status":"publish","type":"post","link":"https:\/\/www.hashtag.al\/index.php\/2024\/09\/13\/pellumb-gjoka-emeroi-drejtorin-e-policise-ne-shkoder-avokati-manjani-i-pergjigjet-bardhit-klienti-im-se-ka-perdorur-sky-ecc\/","title":{"rendered":"\u201cP\u00ebllumb Gjoka em\u00ebroi drejtorin e policis\u00eb n\u00eb Shkod\u00ebr\u201d, avokati Manjani i p\u00ebrgjigjet Bardhit: Klienti im s\u2019e ka p\u00ebrdorur Sky ECC","gt_translate_keys":[{"key":"rendered","format":"text"}]},"content":{"rendered":"<p><img loading=\"lazy\" decoding=\"async\" class=\"aligncenter size-full wp-image-698465\" src=\"https:\/\/www.hashtag.al\/wp-content\/uploads\/2024\/09\/manjani.png\" alt=\"\" width=\"1088\" height=\"570\" srcset=\"https:\/\/www.hashtag.al\/wp-content\/uploads\/2024\/09\/manjani.png 1088w, https:\/\/www.hashtag.al\/wp-content\/uploads\/2024\/09\/manjani-300x157.png 300w, https:\/\/www.hashtag.al\/wp-content\/uploads\/2024\/09\/manjani-1024x536.png 1024w, https:\/\/www.hashtag.al\/wp-content\/uploads\/2024\/09\/manjani-768x402.png 768w\" sizes=\"auto, (max-width: 1088px) 100vw, 1088px\" \/><\/p>\n<p><span style=\"color: #000000;\">Avokati i P\u00ebllumb Gjok\u00ebs, Ylli Manjani, hodhi posht\u00eb akuzat e kreut t\u00eb grupit parlamentar t\u00eb PD-s\u00eb Gazment Bardhi n\u00eb seanc\u00ebn e djeshme n\u00eb Kuvend se Gjoka kishte ndikuar n\u00eb em\u00ebrimin e drejtorit t\u00eb Policis\u00eb s\u00eb Shkodr\u00ebs Edmond Sulaj. <\/span><\/p>\n<p><span style=\"color: #000000;\">N\u00eb nj\u00eb deklarat\u00eb n\u00eb dyert e SPAK-ut, Manjani tha se deklarata e Bardhit \u00ebsht\u00eb e paprecedent\u00eb dhe se klienti i tij nuk e ka p\u00ebrdorur aplikacionin Sky ECC.<\/span><\/p>\n<p><span style=\"color: #000000;\"><em>\u201cNe kemi 14 muaj q\u00eb jemi n\u00eb procese gjyq\u00ebsore, jo p\u00ebr t\u00eb goditur, por p\u00ebr t\u00eb nxjerr\u00eb t\u00eb v\u00ebrteten. Ta lidh\u00ebsh nj\u00eb kod t\u00eb kodit Sky-ECC me P\u00ebllumb Gjok\u00ebn \u00ebsht\u00eb kurajo shum\u00eb e madhe. P\u00ebllumb Gjoka ka mohuar t\u00eb jet\u00eb p\u00ebrdorues i p\u00ebrdorimit t\u00eb Sky-ECC. Nuk ka asnj\u00eb gjurm\u00eb q\u00eb t\u00eb ligjin kodin n\u00eb Sky-ECC me personin. Nuk ka asnj\u00eb gjurm\u00eb q\u00eb ta lidh\u00eb kodin n\u00eb Sky-ECC me personin. Banesat e P\u00ebllumb Gjok\u00ebs jan\u00eb kontrolluar me imt\u00ebsi. Kemi 14 muaj q\u00eb po merremi me k\u00ebt\u00eb. Ato jan\u00eb t\u00eb dh\u00ebna t\u00eb marra n\u00eb m\u00ebnyr\u00eb haptazi t\u00eb paligjshme, jan\u00eb p\u00ebrgjime masive q\u00eb jan\u00eb marr\u00eb n\u00eb Franc\u00eb e nuk mund t\u00eb p\u00ebrdoren n\u00eb nj\u00eb proces gjyq\u00ebsor.\u00a0 Rast i paprecedent ajo qe ka deklaruar Gaz Bardhi i cili \u00ebsht\u00eb jurist. Pellumb Gjoka nuk ka patur Sky.\u201d<\/em> &#8211; tha Manjani.<\/span><\/p>\n","protected":false,"gt_translate_keys":[{"key":"rendered","format":"html"}]},"excerpt":{"rendered":"<p>Avokati i P\u00ebllumb Gjok\u00ebs, Ylli Manjani, hodhi posht\u00eb akuzat e kreut t\u00eb grupit parlamentar t\u00eb PD-s\u00eb Gazment Bardhi n\u00eb seanc\u00ebn e djeshme n\u00eb Kuvend se Gjoka kishte ndikuar n\u00eb em\u00ebrimin e drejtorit t\u00eb Policis\u00eb s\u00eb Shkodr\u00ebs Edmond Sulaj. N\u00eb nj\u00eb deklarat\u00eb n\u00eb dyert e SPAK-ut, Manjani tha se deklarata e Bardhit \u00ebsht\u00eb e paprecedent\u00eb dhe [&hellip;]<\/p>\n","protected":false,"gt_translate_keys":[{"key":"rendered","format":"html"}]},"author":51,"featured_media":698465,"comment_status":"closed","ping_status":"open","sticky":false,"template":"","format":"standard","meta":{"footnotes":""},"categories":[65],"tags":[],"class_list":["post-698464","post","type-post","status-publish","format-standard","has-post-thumbnail","hentry","category-lajme"],"gt_translate_keys":[{"key":"link","format":"url"}],"_links":{"self":[{"href":"https:\/\/www.hashtag.al\/index.php\/wp-json\/wp\/v2\/posts\/698464","targetHints":{"allow":["GET"]}}],"collection":[{"href":"https:\/\/www.hashtag.al\/index.php\/wp-json\/wp\/v2\/posts"}],"about":[{"href":"https:\/\/www.hashtag.al\/index.php\/wp-json\/wp\/v2\/types\/post"}],"author":[{"embeddable":true,"href":"https:\/\/www.hashtag.al\/index.php\/wp-json\/wp\/v2\/users\/51"}],"replies":[{"embeddable":true,"href":"https:\/\/www.hashtag.al\/index.php\/wp-json\/wp\/v2\/comments?post=698464"}],"version-history":[{"count":0,"href":"https:\/\/www.hashtag.al\/index.php\/wp-json\/wp\/v2\/posts\/698464\/revisions"}],"wp:featuredmedia":[{"embeddable":true,"href":"https:\/\/www.hashtag.al\/index.php\/wp-json\/wp\/v2\/media\/698465"}],"wp:attachment":[{"href":"https:\/\/www.hashtag.al\/index.php\/wp-json\/wp\/v2\/media?parent=698464"}],"wp:term":[{"taxonomy":"category","embeddable":true,"href":"https:\/\/www.hashtag.al\/index.php\/wp-json\/wp\/v2\/categories?post=698464"},{"taxonomy":"post_tag","embeddable":true,"href":"https:\/\/www.hashtag.al\/index.php\/wp-json\/wp\/v2\/tags?post=698464"}],"curies":[{"name":"wp","href":"https:\/\/api.w.org\/{rel}","templated":true}]}}