{"id":698410,"date":"2024-09-13T07:22:21","date_gmt":"2024-09-13T05:22:21","guid":{"rendered":"https:\/\/www.hashtag.al\/?p=698410"},"modified":"2024-09-13T07:22:21","modified_gmt":"2024-09-13T05:22:21","slug":"vijon-ikja-pa-kthim-be-dha-75-mije-leje-qendrimi-ne-2023-ne-15-vjet-920-mije-te-larguar","status":"publish","type":"post","link":"https:\/\/www.hashtag.al\/index.php\/2024\/09\/13\/vijon-ikja-pa-kthim-be-dha-75-mije-leje-qendrimi-ne-2023-ne-15-vjet-920-mije-te-larguar\/","title":{"rendered":"Vijon ikja pa kthim, BE dha 75 mij\u00eb leje q\u00ebndrimi n\u00eb 2023; N\u00eb 15 vjet 920 mij\u00eb t\u00eb larguar","gt_translate_keys":[{"key":"rendered","format":"text"}]},"content":{"rendered":"<p><img loading=\"lazy\" decoding=\"async\" class=\"aligncenter size-full wp-image-605766\" src=\"https:\/\/www.hashtag.al\/wp-content\/uploads\/2023\/07\/emigrante.jpg\" alt=\"\" width=\"1009\" height=\"860\" srcset=\"https:\/\/www.hashtag.al\/wp-content\/uploads\/2023\/07\/emigrante.jpg 1009w, https:\/\/www.hashtag.al\/wp-content\/uploads\/2023\/07\/emigrante-300x256.jpg 300w, https:\/\/www.hashtag.al\/wp-content\/uploads\/2023\/07\/emigrante-768x655.jpg 768w\" sizes=\"auto, (max-width: 1009px) 100vw, 1009px\" \/><\/p>\n<p><span style=\"color: #000000;\">Ritmet e emigracionit t\u00eb shtetasve shqiptare n\u00eb vendet e Bashkimit Europian jan\u00eb p\u00ebrshpejtuar vitet e fundit dhe kjo reflektohet n\u00eb numrin e lart\u00eb t\u00eb lejeve t\u00eb q\u00ebndrimit t\u00eb dh\u00ebna nga shtetet e BE-s\u00eb.<\/span><\/p>\n<p><span style=\"color: #000000;\">T\u00eb dh\u00ebnat e fundit t\u00eb Eurostat b\u00ebn\u00eb t\u00eb ditur se n\u00eb vitin 2023 u dhan\u00eb rreth 75 mij\u00eb leje q\u00ebndrimi p\u00ebr shtetasit shqiptar\u00eb nga vendet e BE-s\u00eb. Nj\u00eb vit m\u00eb par\u00eb ishin dh\u00ebn\u00eb 79.2 mij\u00eb leje q\u00ebndrimi p\u00ebr her\u00eb t\u00eb par\u00eb (shifra \u00ebsht\u00eb rishikuar n\u00eb rritje me rreth 4 mij\u00eb persona, nga raportimi i nj\u00eb viti m\u00eb par\u00eb).<\/span><\/p>\n<p><span style=\"color: #000000;\">K\u00ebto jan\u00eb nivelet m\u00eb t\u00eb larta q\u00eb nga 2010-a, duke treguar p\u00ebr nj\u00eb p\u00ebrshpejtim t\u00eb ritmeve t\u00eb emigracionit pas pandemis\u00eb.<\/span><\/p>\n<p><span style=\"color: #000000;\">N\u00eb 2022-2023 jan\u00eb dh\u00ebn\u00eb gjithsej 154 mij\u00eb leke q\u00ebndrimi p\u00ebr her\u00eb t\u00eb par\u00eb. Duke qen\u00eb se nj\u00eb pjes\u00eb e madhe e t\u00eb ikurve jan\u00eb me kontrata pune, sidomos n\u00eb shtete si Gjermania, dh\u00ebnia e lejeve \u00ebsht\u00eb m\u00eb e shpejt\u00eb sesa dikur, kur shtetasit shqiptar\u00eb hynin n\u00eb vendet e BE-s\u00eb pa dokumente.<\/span><\/p>\n<p><span style=\"color: #000000;\">Q\u00eb nga viti 2008, kur Eurostat raporton t\u00eb dh\u00ebnat kan\u00eb marr\u00eb leje q\u00ebndrimi p\u00ebr her\u00eb t\u00eb par\u00eb rreth 920 mij\u00eb shtetas shqiptar\u00eb.<\/span><\/p>\n<p><span style=\"color: #000000;\">Ikja n\u00eb vendet e BE-s\u00eb \u00ebsht\u00eb nj\u00eb nga arsyet kryesore e r\u00ebnies s\u00eb ndjeshme t\u00eb popullsis\u00eb. INSTAT gjeti n\u00eb Censin e fundit se popullsia e vendit \u00ebsht\u00eb reduktuar me 420 mij\u00eb persona n\u00eb raport me<\/span><\/p>\n<p><span style=\"color: #000000;\">Censin e m\u00ebparsh\u00ebm t\u00eb 2011. N\u00eb vend, sipas INSTAT tashm\u00eb jetojn\u00eb vet\u00ebm 2.4 milion\u00eb persona.<\/span><\/p>\n<p><span style=\"color: #000000;\">Vet\u00ebm ata q\u00eb kan\u00eb marr\u00eb leje q\u00ebndrimi p\u00ebr her\u00eb t\u00eb par\u00eb n\u00eb BE p\u00ebr periudh\u00ebn 2011-2023 ishin rreth 660 mij\u00eb persona, sipas t\u00eb dh\u00ebnave t\u00eb Eurostat.<\/span><\/p>\n<p><span style=\"color: #000000;\">Lejet e q\u00ebndrimit n\u00eb Europ\u00eb<\/span><\/p>\n<p><span style=\"color: #000000;\">Sipas Eurostat, m\u00eb shum\u00eb se 3.7 milion\u00eb leje q\u00ebndrimi t\u00eb par\u00eb u l\u00ebshuan n\u00eb BE p\u00ebr qytetar\u00ebt jo-BE n\u00eb vitin 2023, nj\u00eb rritje prej 4.7% krahasuar me vitin 2022 dhe numri m\u00eb i lart\u00eb i regjistruar deri m\u00eb sot.<\/span><\/p>\n<p><span style=\"color: #000000;\">Pun\u00ebsimi mbeti arsyeja kryesore p\u00ebr dh\u00ebnien e lejeve t\u00eb q\u00ebndrimit n\u00eb vitin 2023, duke z\u00ebn\u00eb 33.8% (1.3 milion\u00eb) t\u00eb t\u00eb gjitha lejeve t\u00eb q\u00ebndrimit t\u00eb l\u00ebshuara, duke treguar nj\u00eb r\u00ebnie modeste krahasuar me vitin 2022 (-0.4%; -4 662).<\/span><\/p>\n<p><span style=\"color: #000000;\">Arsyet familjare p\u00ebrb\u00ebnin 26.4% (986 453) t\u00eb t\u00eb gjitha lejeve, duke reflektuar nj\u00eb rritje prej 6.4% (+58 943) krahasuar me vitin 2022. Arsyet e tjera, duke p\u00ebrfshir\u00eb mbrojtjen nd\u00ebrkomb\u00ebtare, p\u00ebrb\u00ebnin pothuajse t\u00eb nj\u00ebjt\u00ebn pesh\u00eb (25.6%; 956 646), me nj\u00eb rritje prej 5.3% (+48 406). Arsyet arsimore p\u00ebrfaq\u00ebsuan 14.3% (534 558) t\u00eb t\u00eb gjitha lejeve t\u00eb para t\u00eb q\u00ebndrimit, duke p\u00ebrfaq\u00ebsuar rritjen m\u00eb t\u00eb madhe t\u00eb p\u00ebrgjithshme prej 13.5% (+63 674).<\/span><\/p>\n<p><span style=\"color: #000000;\">N\u00eb vitin 2023, numri m\u00eb i madh i lejeve t\u00eb q\u00ebndrimit p\u00ebr her\u00eb t\u00eb par\u00eb iu dha qytetar\u00ebve t\u00eb Ukrain\u00ebs (307 313), t\u00eb ndjekur nga Bjellorusia (281 279) dhe India (207 966).<\/span><\/p>\n<p><span style=\"color: #000000;\"><span style=\"color: #ff0000;\"><strong>VINI RE:<\/strong><\/span> Ky material \u00ebsht\u00eb pron\u00ebsi intelektuale e <span style=\"color: #0000ff;\"><a style=\"color: #0000ff;\" href=\"https:\/\/monitor.al\/vijon-ikja-pa-kthim-be-dha-75-mije-leje-qendrimi-ne-2023-ne-15-vjet-920-mije-te-larguar\/\">Monitor<\/a><\/span><\/span><\/p>\n<p><img loading=\"lazy\" decoding=\"async\" class=\"aligncenter size-full wp-image-698411\" src=\"https:\/\/www.hashtag.al\/wp-content\/uploads\/2024\/09\/lej-gr.jpg\" alt=\"\" width=\"1405\" height=\"796\" srcset=\"https:\/\/www.hashtag.al\/wp-content\/uploads\/2024\/09\/lej-gr.jpg 1405w, https:\/\/www.hashtag.al\/wp-content\/uploads\/2024\/09\/lej-gr-300x170.jpg 300w, https:\/\/www.hashtag.al\/wp-content\/uploads\/2024\/09\/lej-gr-1024x580.jpg 1024w, https:\/\/www.hashtag.al\/wp-content\/uploads\/2024\/09\/lej-gr-768x435.jpg 768w\" sizes=\"auto, (max-width: 1405px) 100vw, 1405px\" \/><\/p>\n","protected":false,"gt_translate_keys":[{"key":"rendered","format":"html"}]},"excerpt":{"rendered":"<p>Ritmet e emigracionit t\u00eb shtetasve shqiptare n\u00eb vendet e Bashkimit Europian jan\u00eb p\u00ebrshpejtuar vitet e fundit dhe kjo reflektohet n\u00eb numrin e lart\u00eb t\u00eb lejeve t\u00eb q\u00ebndrimit t\u00eb dh\u00ebna nga shtetet e BE-s\u00eb. T\u00eb dh\u00ebnat e fundit t\u00eb Eurostat b\u00ebn\u00eb t\u00eb ditur se n\u00eb vitin 2023 u dhan\u00eb rreth 75 mij\u00eb leje q\u00ebndrimi p\u00ebr shtetasit [&hellip;]<\/p>\n","protected":false,"gt_translate_keys":[{"key":"rendered","format":"html"}]},"author":51,"featured_media":605766,"comment_status":"closed","ping_status":"open","sticky":false,"template":"","format":"standard","meta":{"footnotes":""},"categories":[65],"tags":[],"class_list":["post-698410","post","type-post","status-publish","format-standard","has-post-thumbnail","hentry","category-lajme"],"gt_translate_keys":[{"key":"link","format":"url"}],"_links":{"self":[{"href":"https:\/\/www.hashtag.al\/index.php\/wp-json\/wp\/v2\/posts\/698410","targetHints":{"allow":["GET"]}}],"collection":[{"href":"https:\/\/www.hashtag.al\/index.php\/wp-json\/wp\/v2\/posts"}],"about":[{"href":"https:\/\/www.hashtag.al\/index.php\/wp-json\/wp\/v2\/types\/post"}],"author":[{"embeddable":true,"href":"https:\/\/www.hashtag.al\/index.php\/wp-json\/wp\/v2\/users\/51"}],"replies":[{"embeddable":true,"href":"https:\/\/www.hashtag.al\/index.php\/wp-json\/wp\/v2\/comments?post=698410"}],"version-history":[{"count":0,"href":"https:\/\/www.hashtag.al\/index.php\/wp-json\/wp\/v2\/posts\/698410\/revisions"}],"wp:featuredmedia":[{"embeddable":true,"href":"https:\/\/www.hashtag.al\/index.php\/wp-json\/wp\/v2\/media\/605766"}],"wp:attachment":[{"href":"https:\/\/www.hashtag.al\/index.php\/wp-json\/wp\/v2\/media?parent=698410"}],"wp:term":[{"taxonomy":"category","embeddable":true,"href":"https:\/\/www.hashtag.al\/index.php\/wp-json\/wp\/v2\/categories?post=698410"},{"taxonomy":"post_tag","embeddable":true,"href":"https:\/\/www.hashtag.al\/index.php\/wp-json\/wp\/v2\/tags?post=698410"}],"curies":[{"name":"wp","href":"https:\/\/api.w.org\/{rel}","templated":true}]}}