{"id":698284,"date":"2024-09-12T12:59:35","date_gmt":"2024-09-12T10:59:35","guid":{"rendered":"https:\/\/www.hashtag.al\/?p=698284"},"modified":"2024-09-12T12:59:35","modified_gmt":"2024-09-12T10:59:35","slug":"presidenti-begaj-pret-homologun-izraelit-me-ceremoni-shteterore","status":"publish","type":"post","link":"https:\/\/www.hashtag.al\/index.php\/2024\/09\/12\/presidenti-begaj-pret-homologun-izraelit-me-ceremoni-shteterore\/","title":{"rendered":"Presidenti Begaj pret homologun izraelit me ceremoni shtet\u00ebrore","gt_translate_keys":[{"key":"rendered","format":"text"}]},"content":{"rendered":"<p><a href=\"https:\/\/www.hashtag.al\/wp-content\/uploads\/2024\/09\/Screenshot-2024-09-12-125617.png\"><img loading=\"lazy\" decoding=\"async\" class=\"aligncenter size-full wp-image-698285\" src=\"https:\/\/www.hashtag.al\/wp-content\/uploads\/2024\/09\/Screenshot-2024-09-12-125617.png\" alt=\"\" width=\"955\" height=\"522\" srcset=\"https:\/\/www.hashtag.al\/wp-content\/uploads\/2024\/09\/Screenshot-2024-09-12-125617.png 955w, https:\/\/www.hashtag.al\/wp-content\/uploads\/2024\/09\/Screenshot-2024-09-12-125617-300x164.png 300w, https:\/\/www.hashtag.al\/wp-content\/uploads\/2024\/09\/Screenshot-2024-09-12-125617-768x420.png 768w\" sizes=\"auto, (max-width: 955px) 100vw, 955px\" \/><\/a><\/p>\n<p><span style=\"color: #000000;\">Presidenti Bajram Begaj, priti sot n\u00eb nj\u00eb ceremoni zyrtare presidenti e shtetit t\u00eb Izraelit, Isaac Herzog i cili ndodhet n\u00eb vizit\u00eb zyrtare n\u00eb Tiran\u00eb.<\/span><\/p>\n<p><span style=\"color: #000000;\">Begaj i uroi homologut Herzog mir\u00ebseardhjen n\u00eb vizit\u00ebn e par\u00eb t\u00eb nj\u00eb Presidenti t\u00eb Shtetit t\u00eb Izraelit n\u00eb Shqip\u00ebri.<\/span><\/p>\n<p>&nbsp;<\/p>\n<p><img decoding=\"async\" src=\"https:\/\/shqiptarja.com\/uploads\/1726138174_sadwqq3.jpeg\" \/><\/p>\n<p><img decoding=\"async\" src=\"https:\/\/shqiptarja.com\/uploads\/1726138174_sadwqq4.jpeg\" \/><\/p>\n<p><img decoding=\"async\" src=\"https:\/\/shqiptarja.com\/uploads\/1726138174_sadwqq6.jpeg\" \/><\/p>\n","protected":false,"gt_translate_keys":[{"key":"rendered","format":"html"}]},"excerpt":{"rendered":"<p>Presidenti Bajram Begaj, priti sot n\u00eb nj\u00eb ceremoni zyrtare presidenti e shtetit t\u00eb Izraelit, Isaac Herzog i cili ndodhet n\u00eb vizit\u00eb zyrtare n\u00eb Tiran\u00eb. Begaj i uroi homologut Herzog mir\u00ebseardhjen n\u00eb vizit\u00ebn e par\u00eb t\u00eb nj\u00eb Presidenti t\u00eb Shtetit t\u00eb Izraelit n\u00eb Shqip\u00ebri. &nbsp;<\/p>\n","protected":false,"gt_translate_keys":[{"key":"rendered","format":"html"}]},"author":32,"featured_media":698285,"comment_status":"closed","ping_status":"open","sticky":false,"template":"","format":"standard","meta":{"footnotes":""},"categories":[65],"tags":[],"class_list":["post-698284","post","type-post","status-publish","format-standard","has-post-thumbnail","hentry","category-lajme"],"gt_translate_keys":[{"key":"link","format":"url"}],"_links":{"self":[{"href":"https:\/\/www.hashtag.al\/index.php\/wp-json\/wp\/v2\/posts\/698284","targetHints":{"allow":["GET"]}}],"collection":[{"href":"https:\/\/www.hashtag.al\/index.php\/wp-json\/wp\/v2\/posts"}],"about":[{"href":"https:\/\/www.hashtag.al\/index.php\/wp-json\/wp\/v2\/types\/post"}],"author":[{"embeddable":true,"href":"https:\/\/www.hashtag.al\/index.php\/wp-json\/wp\/v2\/users\/32"}],"replies":[{"embeddable":true,"href":"https:\/\/www.hashtag.al\/index.php\/wp-json\/wp\/v2\/comments?post=698284"}],"version-history":[{"count":0,"href":"https:\/\/www.hashtag.al\/index.php\/wp-json\/wp\/v2\/posts\/698284\/revisions"}],"wp:featuredmedia":[{"embeddable":true,"href":"https:\/\/www.hashtag.al\/index.php\/wp-json\/wp\/v2\/media\/698285"}],"wp:attachment":[{"href":"https:\/\/www.hashtag.al\/index.php\/wp-json\/wp\/v2\/media?parent=698284"}],"wp:term":[{"taxonomy":"category","embeddable":true,"href":"https:\/\/www.hashtag.al\/index.php\/wp-json\/wp\/v2\/categories?post=698284"},{"taxonomy":"post_tag","embeddable":true,"href":"https:\/\/www.hashtag.al\/index.php\/wp-json\/wp\/v2\/tags?post=698284"}],"curies":[{"name":"wp","href":"https:\/\/api.w.org\/{rel}","templated":true}]}}