{"id":698238,"date":"2024-09-12T10:46:01","date_gmt":"2024-09-12T08:46:01","guid":{"rendered":"https:\/\/www.hashtag.al\/?p=698238"},"modified":"2024-09-12T10:51:10","modified_gmt":"2024-09-12T08:51:10","slug":"telenovele-politikenga-durresi-jane-nisur-edhe-here-te-tjera-helme-rama-e-bardhi-perplasen-per-mbetjet-toksike","status":"publish","type":"post","link":"https:\/\/www.hashtag.al\/index.php\/2024\/09\/12\/telenovele-politikenga-durresi-jane-nisur-edhe-here-te-tjera-helme-rama-e-bardhi-perplasen-per-mbetjet-toksike\/","title":{"rendered":"\u201cTelenovel\u00eb politike\u201d\u2026\u201dKreu i k\u00ebtij aktiviteti \u00ebsht\u00eb kryeministri\u201d &#8211; Rama e Bardhi p\u00ebrplasen p\u00ebr mbetjet toksike","gt_translate_keys":[{"key":"rendered","format":"text"}]},"content":{"rendered":"<p><img loading=\"lazy\" decoding=\"async\" class=\"aligncenter size-full wp-image-698241\" src=\"https:\/\/www.hashtag.al\/wp-content\/uploads\/2024\/09\/rama-2.png\" alt=\"\" width=\"1019\" height=\"608\" srcset=\"https:\/\/www.hashtag.al\/wp-content\/uploads\/2024\/09\/rama-2.png 1019w, https:\/\/www.hashtag.al\/wp-content\/uploads\/2024\/09\/rama-2-300x179.png 300w, https:\/\/www.hashtag.al\/wp-content\/uploads\/2024\/09\/rama-2-768x458.png 768w\" sizes=\"auto, (max-width: 1019px) 100vw, 1019px\" \/><\/p>\n<p><span style=\"color: #000000;\">Kryeministri Rama \u00ebsht\u00eb p\u00ebrplasur me kreun e grupit parlamentar t\u00eb PD-s\u00eb Bardhi n\u00eb interpelanc\u00ebn e k\u00ebrkuar nga demokrat\u00ebt lidhur me 816 ton mbetje toksike t\u00eb nisura nga Porti i Durr\u00ebsit q\u00eb u kap\u00ebn n\u00eb Tajland\u00eb.<\/span><\/p>\n<p><span style=\"color: #000000;\">Bardhi tha se Porti i Durr\u00ebsit edhe m\u00eb her\u00ebt \u00ebsht\u00eb p\u00ebrdorur p\u00ebr t\u00eb nxjer\u00eb nga vendi mbetje t\u00eb rrezikshme drejt Azis\u00eb.<\/span><\/p>\n<p><span style=\"color: #000000;\"><em>\u201cRama ka ardhur sot n\u00eb Interpelanc\u00eb sepse si\u00e7 duket me ju atje lart i duket vetja Sk\u00ebnderbe. Sipas informacioneve 2 anije me 100 kontenier\u00eb po kthehen n\u00eb portin e Durr\u00ebsit. Ky port edhe m\u00eb par\u00eb \u00ebsht\u00eb shfryt\u00ebzuar p\u00ebr t\u00eb nxjerr\u00eb nga vendi dhe rajoni mbetje t\u00eb rrezikshme drejt Azis\u00eb, sipas nj\u00eb organizate amerikane.\u201d<\/em> &#8211; tha Bardhi.<\/span><\/p>\n<p><span style=\"color: #000000;\">Kryeministri Rama e quajti telenovel\u00eb politike \u00e7\u00ebshtjen e mbetjeve toksike nd\u00ebrsa theksoi se prokuroria po e heton. Kreu i qeveris\u00eb shtoi se eksporti i mallrave n\u00eb fjal\u00eb nuk \u00ebsht\u00eb eksport mbetjesh t\u00eb rrezikshme pasi ato jan\u00eb agazniar edhe n\u00eb portet e ndryshme n\u00eb vendet e BE-s\u00eb ku nuk kan\u00eb\u00a0 pasur probleme.<\/span><\/p>\n<p><span style=\"color: #000000;\"><em>\u201cTelenovel\u00eb politike, akuza e fantazi p\u00ebr t\u00eb helmuar popullin shqiptar.Jan\u00eb vet\u00ebm dyshime. S\u2019ka prova e as \u00e7ertifikime. Por organet tona po hetojn\u00eb. A \u00ebsht\u00eb kryer eksport i mbetjeve t\u00eb rrezikshme? Sipas t\u00eb dh\u00ebnave publike n\u00eb \u00e7do deklarat\u00eb e dokument t\u00eb paraqitur nga privat\u00ebt, \u00ebsht\u00eb e qart\u00eb se eksporti i mallrave n\u00eb fjal\u00eb nuk \u00ebsht\u00eb eksport i mbetjeve t\u00eb rrezikshme. Pika doganore ka t\u00eb bashk\u00ebngjitur certifikat\u00ebn e analiz\u00ebns s\u00eb mallit nga vendet europian. N\u00eb t\u00eb dyja rastet, eksporti i mallrave, mallrat e deklaruara si okside hidrokside hekuri, jan\u00eb eksportuar me t\u00eb gjith\u00eb dokumentacionin p\u00ebrkat\u00ebs p\u00ebrmes linjave kontinerike p\u00ebrkat\u00ebse. Jan\u00eb magazinuar p\u00ebrkoh\u00ebsisht n\u00eb vet e BE ku askush nuk i ka penguar.<\/em><\/span><\/p>\n<p><span style=\"color: #000000;\"><em>M\u00eb pas jan\u00eb lejuar t\u00eb vijojn\u00eb intenerarin. Mallra me klasifikim t\u00eb till\u00eb nuk konsiderohen mbetje t\u00eb rrezikshme as n\u00eb katalog\u00ebt europian\u00eb. Aludimi p\u00ebr mosveprim \u00ebsht\u00eb n\u00eb rastin m\u00eb t\u00eb mir\u00eb alogjik ose n\u00eb rastin m\u00eb t\u00eb keq, aludim psiko-patologjik.\u201d<\/em> &#8211; tha Rama.<\/span><\/p>\n","protected":false,"gt_translate_keys":[{"key":"rendered","format":"html"}]},"excerpt":{"rendered":"<p>Kryeministri Rama \u00ebsht\u00eb p\u00ebrplasur me kreun e grupit parlamentar t\u00eb PD-s\u00eb Bardhi n\u00eb interpelanc\u00ebn e k\u00ebrkuar nga demokrat\u00ebt lidhur me 816 ton mbetje toksike t\u00eb nisura nga Porti i Durr\u00ebsit q\u00eb u kap\u00ebn n\u00eb Tajland\u00eb. Bardhi tha se Porti i Durr\u00ebsit edhe m\u00eb her\u00ebt \u00ebsht\u00eb p\u00ebrdorur p\u00ebr t\u00eb nxjer\u00eb nga vendi mbetje t\u00eb rrezikshme drejt [&hellip;]<\/p>\n","protected":false,"gt_translate_keys":[{"key":"rendered","format":"html"}]},"author":51,"featured_media":698241,"comment_status":"closed","ping_status":"open","sticky":false,"template":"","format":"standard","meta":{"footnotes":""},"categories":[65],"tags":[],"class_list":["post-698238","post","type-post","status-publish","format-standard","has-post-thumbnail","hentry","category-lajme"],"gt_translate_keys":[{"key":"link","format":"url"}],"_links":{"self":[{"href":"https:\/\/www.hashtag.al\/index.php\/wp-json\/wp\/v2\/posts\/698238","targetHints":{"allow":["GET"]}}],"collection":[{"href":"https:\/\/www.hashtag.al\/index.php\/wp-json\/wp\/v2\/posts"}],"about":[{"href":"https:\/\/www.hashtag.al\/index.php\/wp-json\/wp\/v2\/types\/post"}],"author":[{"embeddable":true,"href":"https:\/\/www.hashtag.al\/index.php\/wp-json\/wp\/v2\/users\/51"}],"replies":[{"embeddable":true,"href":"https:\/\/www.hashtag.al\/index.php\/wp-json\/wp\/v2\/comments?post=698238"}],"version-history":[{"count":0,"href":"https:\/\/www.hashtag.al\/index.php\/wp-json\/wp\/v2\/posts\/698238\/revisions"}],"wp:featuredmedia":[{"embeddable":true,"href":"https:\/\/www.hashtag.al\/index.php\/wp-json\/wp\/v2\/media\/698241"}],"wp:attachment":[{"href":"https:\/\/www.hashtag.al\/index.php\/wp-json\/wp\/v2\/media?parent=698238"}],"wp:term":[{"taxonomy":"category","embeddable":true,"href":"https:\/\/www.hashtag.al\/index.php\/wp-json\/wp\/v2\/categories?post=698238"},{"taxonomy":"post_tag","embeddable":true,"href":"https:\/\/www.hashtag.al\/index.php\/wp-json\/wp\/v2\/tags?post=698238"}],"curies":[{"name":"wp","href":"https:\/\/api.w.org\/{rel}","templated":true}]}}