{"id":697955,"date":"2024-09-10T21:35:22","date_gmt":"2024-09-10T19:35:22","guid":{"rendered":"https:\/\/www.hashtag.al\/?p=697955"},"modified":"2024-09-10T21:35:22","modified_gmt":"2024-09-10T19:35:22","slug":"pd-presion-spak-ut-per-berishen-deputetet-proteste-para-godines","status":"publish","type":"post","link":"https:\/\/www.hashtag.al\/index.php\/2024\/09\/10\/pd-presion-spak-ut-per-berishen-deputetet-proteste-para-godines\/","title":{"rendered":"PD presion SPAK-ut p\u00ebr Berish\u00ebn, deputet\u00ebt protest\u00eb para godin\u00ebs","gt_translate_keys":[{"key":"rendered","format":"text"}]},"content":{"rendered":"<p><span style=\"color: #000000;\"><a href=\"https:\/\/www.hashtag.al\/wp-content\/uploads\/2024\/09\/spak-berisha.png\"><img loading=\"lazy\" decoding=\"async\" class=\"aligncenter size-full wp-image-697956\" src=\"https:\/\/www.hashtag.al\/wp-content\/uploads\/2024\/09\/spak-berisha.png\" alt=\"\" width=\"1192\" height=\"705\" srcset=\"https:\/\/www.hashtag.al\/wp-content\/uploads\/2024\/09\/spak-berisha.png 1192w, https:\/\/www.hashtag.al\/wp-content\/uploads\/2024\/09\/spak-berisha-300x177.png 300w, https:\/\/www.hashtag.al\/wp-content\/uploads\/2024\/09\/spak-berisha-1024x606.png 1024w, https:\/\/www.hashtag.al\/wp-content\/uploads\/2024\/09\/spak-berisha-768x454.png 768w\" sizes=\"auto, (max-width: 1192px) 100vw, 1192px\" \/><\/a><\/span><\/p>\n<p><span style=\"color: #000000;\">Partia Demokratike k\u00ebrkon t\u00eb ushtroj\u00eb presion p\u00ebr Prokurorin\u00eb e Posa\u00e7me n\u00eb dit\u00ebn kur Sali Berisha do thirret nga prokuror\u00ebt p\u00ebr t\u00eb d\u00ebgjuar akuz\u00ebn.<\/span><\/p>\n<p><span style=\"color: #000000;\">Kreu i Grupit Parlamentar ka d\u00ebrguar mesazh p\u00ebr deputet\u00ebt q\u00eb t\u00eb mblidhen te godina e SPAK-ut.<\/span><\/p>\n<p><span style=\"color: #000000;\">\u201c<em>T\u00eb nderuar koleg\u00eb, nes\u00ebr n\u00eb 12:00, do t\u00eb jemi p\u00ebrpara SPAK, sipas njoftimit q\u00eb \u00ebsht\u00eb b\u00ebr\u00eb publik. Nd\u00ebrkoh\u00eb, mbledhjen e radh\u00ebs s\u00eb Grupit Parlamentar, lidhur me seanc\u00ebn plenare, do ta zhvillojm\u00eb, t\u00eb enjten, ora 09:00, n\u00eb seli. Ju fal\u00ebnderoj<\/em>\u201d, thuhet n\u00eb njoftimin e Bardhit.<\/span><\/p>\n","protected":false,"gt_translate_keys":[{"key":"rendered","format":"html"}]},"excerpt":{"rendered":"<p>Partia Demokratike k\u00ebrkon t\u00eb ushtroj\u00eb presion p\u00ebr Prokurorin\u00eb e Posa\u00e7me n\u00eb dit\u00ebn kur Sali Berisha do thirret nga prokuror\u00ebt p\u00ebr t\u00eb d\u00ebgjuar akuz\u00ebn. Kreu i Grupit Parlamentar ka d\u00ebrguar mesazh p\u00ebr deputet\u00ebt q\u00eb t\u00eb mblidhen te godina e SPAK-ut. \u201cT\u00eb nderuar koleg\u00eb, nes\u00ebr n\u00eb 12:00, do t\u00eb jemi p\u00ebrpara SPAK, sipas njoftimit q\u00eb \u00ebsht\u00eb b\u00ebr\u00eb [&hellip;]<\/p>\n","protected":false,"gt_translate_keys":[{"key":"rendered","format":"html"}]},"author":32,"featured_media":697956,"comment_status":"closed","ping_status":"open","sticky":false,"template":"","format":"standard","meta":{"footnotes":""},"categories":[65,13],"tags":[],"class_list":["post-697955","post","type-post","status-publish","format-standard","has-post-thumbnail","hentry","category-lajme","category-te-fundit"],"gt_translate_keys":[{"key":"link","format":"url"}],"_links":{"self":[{"href":"https:\/\/www.hashtag.al\/index.php\/wp-json\/wp\/v2\/posts\/697955","targetHints":{"allow":["GET"]}}],"collection":[{"href":"https:\/\/www.hashtag.al\/index.php\/wp-json\/wp\/v2\/posts"}],"about":[{"href":"https:\/\/www.hashtag.al\/index.php\/wp-json\/wp\/v2\/types\/post"}],"author":[{"embeddable":true,"href":"https:\/\/www.hashtag.al\/index.php\/wp-json\/wp\/v2\/users\/32"}],"replies":[{"embeddable":true,"href":"https:\/\/www.hashtag.al\/index.php\/wp-json\/wp\/v2\/comments?post=697955"}],"version-history":[{"count":0,"href":"https:\/\/www.hashtag.al\/index.php\/wp-json\/wp\/v2\/posts\/697955\/revisions"}],"wp:featuredmedia":[{"embeddable":true,"href":"https:\/\/www.hashtag.al\/index.php\/wp-json\/wp\/v2\/media\/697956"}],"wp:attachment":[{"href":"https:\/\/www.hashtag.al\/index.php\/wp-json\/wp\/v2\/media?parent=697955"}],"wp:term":[{"taxonomy":"category","embeddable":true,"href":"https:\/\/www.hashtag.al\/index.php\/wp-json\/wp\/v2\/categories?post=697955"},{"taxonomy":"post_tag","embeddable":true,"href":"https:\/\/www.hashtag.al\/index.php\/wp-json\/wp\/v2\/tags?post=697955"}],"curies":[{"name":"wp","href":"https:\/\/api.w.org\/{rel}","templated":true}]}}