{"id":697788,"date":"2024-09-10T08:45:23","date_gmt":"2024-09-10T06:45:23","guid":{"rendered":"https:\/\/www.hashtag.al\/?p=697788"},"modified":"2024-09-10T08:45:23","modified_gmt":"2024-09-10T06:45:23","slug":"presidenti-i-ri-i-iranit-kerkon-te-zhvendose-kryeqytetin","status":"publish","type":"post","link":"https:\/\/www.hashtag.al\/index.php\/2024\/09\/10\/presidenti-i-ri-i-iranit-kerkon-te-zhvendose-kryeqytetin\/","title":{"rendered":"Presidenti i ri i Iranit k\u00ebrkon t\u00eb zhvendos\u00eb kryeqytetin","gt_translate_keys":[{"key":"rendered","format":"text"}]},"content":{"rendered":"<p><img loading=\"lazy\" decoding=\"async\" class=\"aligncenter size-full wp-image-697789\" src=\"https:\/\/www.hashtag.al\/wp-content\/uploads\/2024\/09\/iran.jpg\" alt=\"\" width=\"1280\" height=\"836\" srcset=\"https:\/\/www.hashtag.al\/wp-content\/uploads\/2024\/09\/iran.jpg 1280w, https:\/\/www.hashtag.al\/wp-content\/uploads\/2024\/09\/iran-300x196.jpg 300w, https:\/\/www.hashtag.al\/wp-content\/uploads\/2024\/09\/iran-1024x669.jpg 1024w, https:\/\/www.hashtag.al\/wp-content\/uploads\/2024\/09\/iran-768x502.jpg 768w\" sizes=\"auto, (max-width: 1280px) 100vw, 1280px\" \/><\/p>\n<p><span style=\"color: #000000;\">Kryeqyteti i Iranit duhet t\u00eb transferohet nga Teherani n\u00eb nj\u00eb qytet m\u00eb af\u00ebr bregdetit jugor t\u00eb vendit, ka th\u00ebn\u00eb presidenti Masoud Pezeshkian.<\/span><\/p>\n<p><span style=\"color: #000000;\">N\u00eb nj\u00eb fjalim t\u00eb shtun\u00ebn, Pezeshkian, i cili mori detyr\u00ebn n\u00eb korrik, sugjeroi se \u00ebsht\u00eb e kot\u00eb t\u00eb vijohet zhvillimi i Teheranit p\u00ebr shkak t\u00eb v\u00ebshtir\u00ebsive t\u00eb shumta me t\u00eb cilat p\u00ebrballet qyteti.<\/span><\/p>\n<p><span style=\"color: #000000;\">Kryeqyteti aktualisht \u00ebsht\u00eb i rr\u00ebnuar nga &#8220;mungesa e ujit, rr\u00ebshqitja e tok\u00ebs dhe ndotja e ajrit&#8221;, nd\u00ebr t\u00eb tjera, tha ai, si\u00e7 citohet nga gazeta Javan Online.<\/span><\/p>\n<p><span style=\"color: #000000;\"><em>\u201cTeherani si kryeqyteti i vendit po p\u00ebrballet me probleme p\u00ebr t\u00eb cilat ne nuk kemi zgjidhje\u201d<\/em>, pranoi presidenti, duke sugjeruar se m\u00ebnyra m\u00eb e mir\u00eb do t\u00eb ishte \u201czhvendosja e qendr\u00ebs politike dhe ekonomike t\u00eb vendit\u201d.<\/span><\/p>\n<p><span style=\"color: #000000;\">Thjesht t&#8217;u thuash banor\u00ebve se ata duhet t\u00eb largohen nga Teherani nuk do funksionoj\u00eb dhe qeveria &#8220;duhet s\u00eb pari t\u00eb shkoj\u00eb vet\u00eb diku tjet\u00ebr n\u00eb m\u00ebnyr\u00eb q\u00eb njer\u00ebzit t\u00eb na ndjekin,&#8221; argumentoi Pezeshkian.<\/span><\/p>\n<p><span style=\"color: #000000;\">Ka edhe arsye ekonomike p\u00ebr gjetjen e nj\u00eb kryeqyteti t\u00eb ri m\u00eb af\u00ebr Gjirit Persik, p\u00ebrmes t\u00eb cilit kalojn\u00eb rrug\u00ebt kryesore tregtare, theksoi ai.<\/span><\/p>\n<p><span style=\"color: #000000;\">\u201cZhvillimi i m\u00ebtejsh\u00ebm i vendit \u00ebsht\u00eb i pamundur me vazhdimin e trendit aktual, kur burimet nga jugu i vendit dhe deti i sjellim n\u00eb qend\u00ebr, i kthejm\u00eb n\u00eb produkte atje dhe i kthejm\u00eb n\u00eb jug p\u00ebr eksport. argumentoi presidenti.<\/span><\/p>\n<p><span style=\"color: #000000;\">Nj\u00eb gjendje e till\u00eb &#8220;zhvler\u00ebson r\u00ebnd\u00eb dhe zvog\u00eblon konkurrenc\u00ebn ton\u00eb, dhe ne nuk kemi zgjidhje tjet\u00ebr ve\u00e7se t\u00eb transferojm\u00eb qendr\u00ebn ekonomike dhe politike t\u00eb vendit n\u00eb jug dhe m\u00eb af\u00ebr detit,&#8221; k\u00ebmb\u00ebnguli ai.<\/span><\/p>\n<p><span style=\"color: #000000;\">Gholamhossein Karbaschi, i cili sh\u00ebrbeu si kryebashkiak i Teheranit n\u00eb vitet 1990, ka kund\u00ebrshtuar iden\u00eb e Pezeshkian, duke argumentuar se nuk ka asnj\u00eb z\u00ebvend\u00ebsues t\u00eb p\u00ebrshtatsh\u00ebm p\u00ebr Teheranin. &#8220;Ku doni t\u00eb shkoni?&#8221; tha ai n\u00eb nj\u00eb intervist\u00eb me gazet\u00ebn Asr Iran. <\/span><\/p>\n<p><span style=\"color: #000000;\">Ish-kryebashkiaku paralajm\u00ebroi se disa vende q\u00eb m\u00eb par\u00eb vendos\u00ebn t\u00eb zhvendosin kryeqytetet e tyre kan\u00eb p\u00ebrfunduar duke humbur para dhe jan\u00eb p\u00ebrballur me dy qytete problematike n\u00eb vend t\u00eb nj\u00eb.<\/span><\/p>\n","protected":false,"gt_translate_keys":[{"key":"rendered","format":"html"}]},"excerpt":{"rendered":"<p>Kryeqyteti i Iranit duhet t\u00eb transferohet nga Teherani n\u00eb nj\u00eb qytet m\u00eb af\u00ebr bregdetit jugor t\u00eb vendit, ka th\u00ebn\u00eb presidenti Masoud Pezeshkian. N\u00eb nj\u00eb fjalim t\u00eb shtun\u00ebn, Pezeshkian, i cili mori detyr\u00ebn n\u00eb korrik, sugjeroi se \u00ebsht\u00eb e kot\u00eb t\u00eb vijohet zhvillimi i Teheranit p\u00ebr shkak t\u00eb v\u00ebshtir\u00ebsive t\u00eb shumta me t\u00eb cilat p\u00ebrballet qyteti. [&hellip;]<\/p>\n","protected":false,"gt_translate_keys":[{"key":"rendered","format":"html"}]},"author":51,"featured_media":697789,"comment_status":"closed","ping_status":"open","sticky":false,"template":"","format":"standard","meta":{"footnotes":""},"categories":[53],"tags":[],"class_list":["post-697788","post","type-post","status-publish","format-standard","has-post-thumbnail","hentry","category-fast-foodi"],"gt_translate_keys":[{"key":"link","format":"url"}],"_links":{"self":[{"href":"https:\/\/www.hashtag.al\/index.php\/wp-json\/wp\/v2\/posts\/697788","targetHints":{"allow":["GET"]}}],"collection":[{"href":"https:\/\/www.hashtag.al\/index.php\/wp-json\/wp\/v2\/posts"}],"about":[{"href":"https:\/\/www.hashtag.al\/index.php\/wp-json\/wp\/v2\/types\/post"}],"author":[{"embeddable":true,"href":"https:\/\/www.hashtag.al\/index.php\/wp-json\/wp\/v2\/users\/51"}],"replies":[{"embeddable":true,"href":"https:\/\/www.hashtag.al\/index.php\/wp-json\/wp\/v2\/comments?post=697788"}],"version-history":[{"count":0,"href":"https:\/\/www.hashtag.al\/index.php\/wp-json\/wp\/v2\/posts\/697788\/revisions"}],"wp:featuredmedia":[{"embeddable":true,"href":"https:\/\/www.hashtag.al\/index.php\/wp-json\/wp\/v2\/media\/697789"}],"wp:attachment":[{"href":"https:\/\/www.hashtag.al\/index.php\/wp-json\/wp\/v2\/media?parent=697788"}],"wp:term":[{"taxonomy":"category","embeddable":true,"href":"https:\/\/www.hashtag.al\/index.php\/wp-json\/wp\/v2\/categories?post=697788"},{"taxonomy":"post_tag","embeddable":true,"href":"https:\/\/www.hashtag.al\/index.php\/wp-json\/wp\/v2\/tags?post=697788"}],"curies":[{"name":"wp","href":"https:\/\/api.w.org\/{rel}","templated":true}]}}