{"id":697594,"date":"2024-09-08T21:40:13","date_gmt":"2024-09-08T19:40:13","guid":{"rendered":"https:\/\/www.hashtag.al\/?p=697594"},"modified":"2024-09-08T21:41:15","modified_gmt":"2024-09-08T19:41:15","slug":"mbyllen-6-shkolla-ne-qarkun-e-korces-shkak-ulja-e-lindshmerise-dhe-emigracioni","status":"publish","type":"post","link":"https:\/\/www.hashtag.al\/index.php\/2024\/09\/08\/mbyllen-6-shkolla-ne-qarkun-e-korces-shkak-ulja-e-lindshmerise-dhe-emigracioni\/","title":{"rendered":"Viti i ri shkollor\/ Mbyllen 6 shkolla n\u00eb Qarkun e Kor\u00e7\u00ebs, shkak ulja e lindshm\u00ebris\u00eb dhe emigracioni","gt_translate_keys":[{"key":"rendered","format":"text"}]},"content":{"rendered":"<p><span style=\"color: #000000;\"><a href=\"https:\/\/www.hashtag.al\/wp-content\/uploads\/2024\/09\/Screenshot-2024-09-08-212920.png\"><img loading=\"lazy\" decoding=\"async\" class=\"aligncenter size-full wp-image-697595\" src=\"https:\/\/www.hashtag.al\/wp-content\/uploads\/2024\/09\/Screenshot-2024-09-08-212920.png\" alt=\"\" width=\"1017\" height=\"452\" srcset=\"https:\/\/www.hashtag.al\/wp-content\/uploads\/2024\/09\/Screenshot-2024-09-08-212920.png 1017w, https:\/\/www.hashtag.al\/wp-content\/uploads\/2024\/09\/Screenshot-2024-09-08-212920-300x133.png 300w, https:\/\/www.hashtag.al\/wp-content\/uploads\/2024\/09\/Screenshot-2024-09-08-212920-768x341.png 768w\" sizes=\"auto, (max-width: 1017px) 100vw, 1017px\" \/><\/a><\/span><\/p>\n<p><span style=\"color: #000000;\">6 shkolla t\u00eb ciklit fillor dhe 18 klasa n\u00eb t\u00eb gjith\u00eb sistemin arsimor parauniversitar n\u00eb qarkun e Kor\u00e7\u00ebs jan\u00eb mbyllur si pasoj\u00eb e munges\u00ebs s\u00eb nx\u00ebn\u00ebsve.<\/span><\/p>\n<p><span style=\"color: #000000;\">Shkollat e fshatrave Kodras n\u00eb Kolonj\u00eb, Kapshtic\u00eb n\u00eb Devoll si dhe Mjaltas, Desmir\u00eb, Zvarisht dhe Osoj\u00eb n\u00eb Bashkin\u00eb e Maliqit nuk do t\u00eb hapin dyert k\u00ebt\u00eb fillim viti shkollor.<\/span><\/p>\n<p><span style=\"color: #000000;\">Ulja e lindshm\u00ebris\u00eb por edhe emigrcioni masiv i viteve t\u00eb fundit jan\u00eb reflektuar n\u00eb num\u00ebr t\u00eb pamjaftuesh\u00ebm nx\u00ebn\u00ebsish p\u00ebr t\u00eb mbajtur hapur klasat kryesisht n\u00eb shkollat e fshatrave t\u00eb bashkis\u00eb Maliq dhe disa n\u00eb Kor\u00e7\u00eb.<\/span><\/p>\n<p><span style=\"color: #000000;\">Sipas kreut t\u00eb Sindikat\u00ebs s\u00eb Pavarur t\u00eb Arsimit n\u00eb Kor\u00e7\u00eb Leonard Trebicka efektet e uljes s\u00eb numrit t\u00eb popullsis\u00eb prej disa vitesh ndjehen n\u00eb sistemin arsimor por aktualisht Shqip\u00ebria ka humbur thuajse 1\/3 e nx\u00ebn\u00ebsve, raporton <span style=\"color: #0000ff;\"><a style=\"color: #0000ff;\" href=\"https:\/\/top-channel.tv\/video\/top-channel-korce-mbyllen-6-shkolla-shkak-ulja-e-lindshmerise-dhe-emigracioni\/\">Top Channel.<\/a><\/span><\/span><\/p>\n<p><span style=\"color: #000000;\"><em>\u201cShifrat jan\u00eb shum\u00eb t\u00eb ul\u00ebta,t\u00eb pakt\u00ebn ju i keni shifrat zyrtare por po them q\u00eb n\u00eb gjith\u00eb Shqip\u00ebrin\u00eb pothuaj mungojn\u00eb 30% e nx\u00ebn\u00ebsve,pra 1\/3 m\u00eb pak. \u00cbsht\u00eb nj\u00eb shif\u00ebr shum\u00eb alarmante dhe e pritshme pasi kjo gj\u00eb nuk ka ndodhur sot, ka vite dhe vite, pasojat jan\u00eb sot por do t\u00eb jen\u00eb edhe n\u00eb vitet pasardh\u00ebse, akoma m\u00eb shum\u00eb do t\u00eb ndihet mungesa e nx\u00ebn\u00ebsve.<\/em><\/span><\/p>\n<p><span style=\"color: #000000;\"><em>T\u00eb gjith\u00eb ata q\u00eb jan\u00eb larguar nga Shqip\u00ebria, i t\u00eb rinjve sidomos t\u00eb cil\u00ebt pas disa vitesh lindin f\u00ebmij\u00ebt jasht\u00eb shtetit, jo k\u00ebtu. Kjo r\u00ebnie e numrit t\u00eb lindjeve n\u00eb Shqip\u00ebri padiskutim n\u00eb shifra shum\u00eb t\u00eb m\u00ebdha dhe emigracioni i pjes\u00ebs tjet\u00ebr ka b\u00ebr\u00eb q\u00eb shkollat shqiptare t\u00eb vuajn\u00eb munges\u00ebn e nx\u00ebn\u00ebsve n\u00eb gjith\u00eb territorin e vendit.<\/em><\/span><\/p>\n<p><span style=\"color: #000000;\"><em>Klasat e para jan\u00eb ato q\u00eb e ndiejn\u00eb m\u00eb shum\u00eb,madje ka filluar prej dy vitesh q\u00eb po e ndiejn\u00eb klasat e para dhe duke u rritur brez pas brezi klasat e para shkojn\u00eb t\u00eb 5- at e k\u00ebshtu me radh\u00eb, n\u00eb gjimnaz dhe pas ca vitesh do t\u00eb ndihet numri i r\u00ebnies s\u00eb nx\u00ebn\u00ebsve edhe n\u00eb shkollat 9 vje\u00e7are dhe n\u00eb gjimnazet e qytetit, por tani p\u00ebr momentin ndihen n\u00eb ciklin e ul\u00ebt, madje kemi edhe shkolla t\u00eb mbyllura n\u00eb qytetin e Kor\u00e7\u00ebs sidomos n\u00eb zonat rurale t\u00eb cilat kan\u00eb largim masiv t\u00eb popullat\u00ebs s\u00eb tyre.<\/em><\/span><\/p>\n<p><span style=\"color: #000000;\"><em>Kemi informacione q\u00eb n\u00eb disa fshatra jan\u00eb mbyllur shkollat dhe kan\u00eb kaluar n\u00eb shkolla vart\u00ebse. Kemi arritur q\u00eb t\u00eb pakt\u00ebn q\u00eb nga muaji qershor t\u00eb mos ket\u00eb largim t\u00eb m\u00ebsuesve nga puna, kjo \u00ebsht\u00eb e r\u00ebnd\u00ebsishme p\u00ebr ne si sindikat\u00eb. N\u00eb Kor\u00e7\u00eb t\u00eb pakt\u00ebn nuk ka shkoll\u00eb me dy turne, ka n\u00eb qarkun e Kor\u00e7\u00ebs por jan\u00eb shum\u00eb pak\u201d,<\/em> deklaroi Leonard Trebicka-kryetari i sindikat\u00ebs se pavarur te arsimit Kor\u00e7\u00eb.<\/span><\/p>\n<p><span style=\"color: #000000;\">Ulja e numrit t\u00eb nx\u00ebn\u00ebsve vihet re edhe tek regjistrimet n\u00eb klas\u00eb t\u00eb par\u00eb. Sipas informacionit zyrtar nga drejtoria arsimore p\u00ebr k\u00ebt\u00eb vit shkollor jan\u00eb regjistruar ne klas\u00ebn e par\u00eb 1302 nx\u00ebn\u00ebs nga 1698 q\u00eb u regjistruan vitin e kaluar. Nd\u00ebrsa n\u00eb klas\u00ebn e 10 jan\u00eb regjistruar 502 nx\u00ebn\u00ebs m\u00eb pak.<\/span><\/p>\n","protected":false,"gt_translate_keys":[{"key":"rendered","format":"html"}]},"excerpt":{"rendered":"<p>6 shkolla t\u00eb ciklit fillor dhe 18 klasa n\u00eb t\u00eb gjith\u00eb sistemin arsimor parauniversitar n\u00eb qarkun e Kor\u00e7\u00ebs jan\u00eb mbyllur si pasoj\u00eb e munges\u00ebs s\u00eb nx\u00ebn\u00ebsve. Shkollat e fshatrave Kodras n\u00eb Kolonj\u00eb, Kapshtic\u00eb n\u00eb Devoll si dhe Mjaltas, Desmir\u00eb, Zvarisht dhe Osoj\u00eb n\u00eb Bashkin\u00eb e Maliqit nuk do t\u00eb hapin dyert k\u00ebt\u00eb fillim viti shkollor. [&hellip;]<\/p>\n","protected":false,"gt_translate_keys":[{"key":"rendered","format":"html"}]},"author":32,"featured_media":697595,"comment_status":"closed","ping_status":"open","sticky":false,"template":"","format":"standard","meta":{"footnotes":""},"categories":[65],"tags":[],"class_list":["post-697594","post","type-post","status-publish","format-standard","has-post-thumbnail","hentry","category-lajme"],"gt_translate_keys":[{"key":"link","format":"url"}],"_links":{"self":[{"href":"https:\/\/www.hashtag.al\/index.php\/wp-json\/wp\/v2\/posts\/697594","targetHints":{"allow":["GET"]}}],"collection":[{"href":"https:\/\/www.hashtag.al\/index.php\/wp-json\/wp\/v2\/posts"}],"about":[{"href":"https:\/\/www.hashtag.al\/index.php\/wp-json\/wp\/v2\/types\/post"}],"author":[{"embeddable":true,"href":"https:\/\/www.hashtag.al\/index.php\/wp-json\/wp\/v2\/users\/32"}],"replies":[{"embeddable":true,"href":"https:\/\/www.hashtag.al\/index.php\/wp-json\/wp\/v2\/comments?post=697594"}],"version-history":[{"count":0,"href":"https:\/\/www.hashtag.al\/index.php\/wp-json\/wp\/v2\/posts\/697594\/revisions"}],"wp:featuredmedia":[{"embeddable":true,"href":"https:\/\/www.hashtag.al\/index.php\/wp-json\/wp\/v2\/media\/697595"}],"wp:attachment":[{"href":"https:\/\/www.hashtag.al\/index.php\/wp-json\/wp\/v2\/media?parent=697594"}],"wp:term":[{"taxonomy":"category","embeddable":true,"href":"https:\/\/www.hashtag.al\/index.php\/wp-json\/wp\/v2\/categories?post=697594"},{"taxonomy":"post_tag","embeddable":true,"href":"https:\/\/www.hashtag.al\/index.php\/wp-json\/wp\/v2\/tags?post=697594"}],"curies":[{"name":"wp","href":"https:\/\/api.w.org\/{rel}","templated":true}]}}