{"id":697546,"date":"2024-09-08T15:50:16","date_gmt":"2024-09-08T13:50:16","guid":{"rendered":"https:\/\/www.hashtag.al\/?p=697546"},"modified":"2024-09-08T15:50:16","modified_gmt":"2024-09-08T13:50:16","slug":"pd-nuk-humbet-kohe-drejtuesit-politike-mbajne-mbledhjen-per-te-diskutuar-punen-ne-terren","status":"publish","type":"post","link":"https:\/\/www.hashtag.al\/index.php\/2024\/09\/08\/pd-nuk-humbet-kohe-drejtuesit-politike-mbajne-mbledhjen-per-te-diskutuar-punen-ne-terren\/","title":{"rendered":"PD nuk humbet koh\u00eb, drejtuesit politik\u00eb mbajn\u00eb mbledhjen p\u00ebr t\u00eb diskutuar pun\u00ebn n\u00eb terren","gt_translate_keys":[{"key":"rendered","format":"text"}]},"content":{"rendered":"<p><span style=\"color: #000000;\"><a href=\"https:\/\/www.hashtag.al\/wp-content\/uploads\/2024\/04\/Grupi-PD-mbledhja-selia-PD-Rithemelimi-bardhi-Noka-Salianji-takimi-bashkimi-opozita-17-675x450-1.jpeg\"><img loading=\"lazy\" decoding=\"async\" class=\"aligncenter size-full wp-image-668489\" src=\"https:\/\/www.hashtag.al\/wp-content\/uploads\/2024\/04\/Grupi-PD-mbledhja-selia-PD-Rithemelimi-bardhi-Noka-Salianji-takimi-bashkimi-opozita-17-675x450-1.jpeg\" alt=\"\" width=\"675\" height=\"450\" srcset=\"https:\/\/www.hashtag.al\/wp-content\/uploads\/2024\/04\/Grupi-PD-mbledhja-selia-PD-Rithemelimi-bardhi-Noka-Salianji-takimi-bashkimi-opozita-17-675x450-1.jpeg 675w, https:\/\/www.hashtag.al\/wp-content\/uploads\/2024\/04\/Grupi-PD-mbledhja-selia-PD-Rithemelimi-bardhi-Noka-Salianji-takimi-bashkimi-opozita-17-675x450-1-300x200.jpeg 300w\" sizes=\"auto, (max-width: 675px) 100vw, 675px\" \/><\/a><\/span><\/p>\n<p><span style=\"color: #000000;\">Pas p\u00ebrcaktimit t\u00eb Drejtuesve Politik\u00eb, n\u00eb selin\u00eb e PD sot do te mblidhen p\u00ebr her\u00eb t\u00eb par\u00eb drejtuesit politik\u00eb.<\/span><\/p>\n<p><span style=\"color: #000000;\">Ata mblidhen p\u00ebr t\u00eb diskutuar protestat dhe pun\u00ebn n\u00eb terren.<\/span><\/p>\n<p><span style=\"color: #000000;\">Takimi do t\u00eb mbahet sot n\u00eb or\u00ebn 17.00.<\/span><\/p>\n","protected":false,"gt_translate_keys":[{"key":"rendered","format":"html"}]},"excerpt":{"rendered":"<p>Pas p\u00ebrcaktimit t\u00eb Drejtuesve Politik\u00eb, n\u00eb selin\u00eb e PD sot do te mblidhen p\u00ebr her\u00eb t\u00eb par\u00eb drejtuesit politik\u00eb. Ata mblidhen p\u00ebr t\u00eb diskutuar protestat dhe pun\u00ebn n\u00eb terren. Takimi do t\u00eb mbahet sot n\u00eb or\u00ebn 17.00.<\/p>\n","protected":false,"gt_translate_keys":[{"key":"rendered","format":"html"}]},"author":32,"featured_media":668489,"comment_status":"closed","ping_status":"open","sticky":false,"template":"","format":"standard","meta":{"footnotes":""},"categories":[65,13],"tags":[],"class_list":["post-697546","post","type-post","status-publish","format-standard","has-post-thumbnail","hentry","category-lajme","category-te-fundit"],"gt_translate_keys":[{"key":"link","format":"url"}],"_links":{"self":[{"href":"https:\/\/www.hashtag.al\/index.php\/wp-json\/wp\/v2\/posts\/697546","targetHints":{"allow":["GET"]}}],"collection":[{"href":"https:\/\/www.hashtag.al\/index.php\/wp-json\/wp\/v2\/posts"}],"about":[{"href":"https:\/\/www.hashtag.al\/index.php\/wp-json\/wp\/v2\/types\/post"}],"author":[{"embeddable":true,"href":"https:\/\/www.hashtag.al\/index.php\/wp-json\/wp\/v2\/users\/32"}],"replies":[{"embeddable":true,"href":"https:\/\/www.hashtag.al\/index.php\/wp-json\/wp\/v2\/comments?post=697546"}],"version-history":[{"count":0,"href":"https:\/\/www.hashtag.al\/index.php\/wp-json\/wp\/v2\/posts\/697546\/revisions"}],"wp:featuredmedia":[{"embeddable":true,"href":"https:\/\/www.hashtag.al\/index.php\/wp-json\/wp\/v2\/media\/668489"}],"wp:attachment":[{"href":"https:\/\/www.hashtag.al\/index.php\/wp-json\/wp\/v2\/media?parent=697546"}],"wp:term":[{"taxonomy":"category","embeddable":true,"href":"https:\/\/www.hashtag.al\/index.php\/wp-json\/wp\/v2\/categories?post=697546"},{"taxonomy":"post_tag","embeddable":true,"href":"https:\/\/www.hashtag.al\/index.php\/wp-json\/wp\/v2\/tags?post=697546"}],"curies":[{"name":"wp","href":"https:\/\/api.w.org\/{rel}","templated":true}]}}