{"id":697543,"date":"2024-09-08T15:31:58","date_gmt":"2024-09-08T13:31:58","guid":{"rendered":"https:\/\/www.hashtag.al\/?p=697543"},"modified":"2024-09-08T15:31:58","modified_gmt":"2024-09-08T13:31:58","slug":"probleme-te-perfaqesuesja-e-kosoves-perjashtohen-tre-lojtare","status":"publish","type":"post","link":"https:\/\/www.hashtag.al\/index.php\/2024\/09\/08\/probleme-te-perfaqesuesja-e-kosoves-perjashtohen-tre-lojtare\/","title":{"rendered":"Probleme te p\u00ebrfaq\u00ebsuesja e Kosov\u00ebs, p\u00ebrjashtohen tre lojtar\u00eb","gt_translate_keys":[{"key":"rendered","format":"text"}]},"content":{"rendered":"<p><span style=\"color: #000000;\"><a href=\"https:\/\/www.hashtag.al\/wp-content\/uploads\/2024\/09\/kosova.png\"><img loading=\"lazy\" decoding=\"async\" class=\"aligncenter size-full wp-image-697544\" src=\"https:\/\/www.hashtag.al\/wp-content\/uploads\/2024\/09\/kosova.png\" alt=\"\" width=\"941\" height=\"537\" srcset=\"https:\/\/www.hashtag.al\/wp-content\/uploads\/2024\/09\/kosova.png 941w, https:\/\/www.hashtag.al\/wp-content\/uploads\/2024\/09\/kosova-300x171.png 300w, https:\/\/www.hashtag.al\/wp-content\/uploads\/2024\/09\/kosova-768x438.png 768w\" sizes=\"auto, (max-width: 941px) 100vw, 941px\" \/><\/a><\/span><\/p>\n<p><span style=\"color: #000000;\">Pas humbjes nga Rumania, problemet te Kosova ve\u00e7se po shkojn\u00eb e po thellohen.<\/span><\/p>\n<p><span style=\"color: #000000;\">S\u00eb fundmi jan\u00eb p\u00ebrjashtuar nga ekipi p\u00ebrfaq\u00ebsues tre futbollist\u00eb.<\/span><\/p>\n<p><span style=\"color: #000000;\">FFK-ja ka njoftuar se Edon Zhegrova, Arijanet Muric dhe Florent Muslija jan\u00eb p\u00ebrjashtuar shkaku i thyerjeve t\u00eb rregullores s\u00eb brendshme.<\/span><\/p>\n<p><span style=\"color: #000000;\">&#8220;<em>Me vendim t\u00eb p\u00ebrbashk\u00ebt t\u00eb p\u00ebrzgjedh\u00ebsit Franco Foda dhe Federat\u00ebs, tre futbollist\u00ebt: Arjanet Muric, Edon Zhegrova dhe Florent Muslija jan\u00eb larguar nga grumbullimi i ekipit komb\u00ebtar, p\u00ebr shkak t\u00eb thyerjes s\u00eb rregullores s\u00eb ekipit komb\u00ebtar t\u00eb vendosur nga p\u00ebrzgjedh\u00ebsi dhe Federata. P\u00ebr masat e m\u00ebtejme ndaj futbollist\u00ebve n\u00eb fjal\u00eb, do t\u00eb vendoset nga Komiteti Ekzekutiv i FFK-s\u00eb. Nd\u00ebrkoh\u00eb, ekipit do t\u2019 i bashkohet, portieri q\u00eb ka qen\u00eb n\u00eb listen e pritjes, Faton Maloku nga FC Drita<\/em>\u201d, thuhet n\u00eb njoftim.<\/span><\/p>\n","protected":false,"gt_translate_keys":[{"key":"rendered","format":"html"}]},"excerpt":{"rendered":"<p>Pas humbjes nga Rumania, problemet te Kosova ve\u00e7se po shkojn\u00eb e po thellohen. S\u00eb fundmi jan\u00eb p\u00ebrjashtuar nga ekipi p\u00ebrfaq\u00ebsues tre futbollist\u00eb. FFK-ja ka njoftuar se Edon Zhegrova, Arijanet Muric dhe Florent Muslija jan\u00eb p\u00ebrjashtuar shkaku i thyerjeve t\u00eb rregullores s\u00eb brendshme. &#8220;Me vendim t\u00eb p\u00ebrbashk\u00ebt t\u00eb p\u00ebrzgjedh\u00ebsit Franco Foda dhe Federat\u00ebs, tre futbollist\u00ebt: Arjanet [&hellip;]<\/p>\n","protected":false,"gt_translate_keys":[{"key":"rendered","format":"html"}]},"author":32,"featured_media":697544,"comment_status":"closed","ping_status":"open","sticky":false,"template":"","format":"standard","meta":{"footnotes":""},"categories":[134,13],"tags":[],"class_list":["post-697543","post","type-post","status-publish","format-standard","has-post-thumbnail","hentry","category-sport","category-te-fundit"],"gt_translate_keys":[{"key":"link","format":"url"}],"_links":{"self":[{"href":"https:\/\/www.hashtag.al\/index.php\/wp-json\/wp\/v2\/posts\/697543","targetHints":{"allow":["GET"]}}],"collection":[{"href":"https:\/\/www.hashtag.al\/index.php\/wp-json\/wp\/v2\/posts"}],"about":[{"href":"https:\/\/www.hashtag.al\/index.php\/wp-json\/wp\/v2\/types\/post"}],"author":[{"embeddable":true,"href":"https:\/\/www.hashtag.al\/index.php\/wp-json\/wp\/v2\/users\/32"}],"replies":[{"embeddable":true,"href":"https:\/\/www.hashtag.al\/index.php\/wp-json\/wp\/v2\/comments?post=697543"}],"version-history":[{"count":0,"href":"https:\/\/www.hashtag.al\/index.php\/wp-json\/wp\/v2\/posts\/697543\/revisions"}],"wp:featuredmedia":[{"embeddable":true,"href":"https:\/\/www.hashtag.al\/index.php\/wp-json\/wp\/v2\/media\/697544"}],"wp:attachment":[{"href":"https:\/\/www.hashtag.al\/index.php\/wp-json\/wp\/v2\/media?parent=697543"}],"wp:term":[{"taxonomy":"category","embeddable":true,"href":"https:\/\/www.hashtag.al\/index.php\/wp-json\/wp\/v2\/categories?post=697543"},{"taxonomy":"post_tag","embeddable":true,"href":"https:\/\/www.hashtag.al\/index.php\/wp-json\/wp\/v2\/tags?post=697543"}],"curies":[{"name":"wp","href":"https:\/\/api.w.org\/{rel}","templated":true}]}}