{"id":697515,"date":"2024-09-08T11:49:47","date_gmt":"2024-09-08T09:49:47","guid":{"rendered":"https:\/\/www.hashtag.al\/?p=697515"},"modified":"2024-09-08T11:49:47","modified_gmt":"2024-09-08T09:49:47","slug":"rama-vrasja-e-egli-proges-u-perdor-si-helm-per-te-nxitur-urrejtjen-ndaj-nesh","status":"publish","type":"post","link":"https:\/\/www.hashtag.al\/index.php\/2024\/09\/08\/rama-vrasja-e-egli-proges-u-perdor-si-helm-per-te-nxitur-urrejtjen-ndaj-nesh\/","title":{"rendered":"Rama: Vrasja e Egli Prog\u00ebs u p\u00ebrdor si helm p\u00ebr t\u00eb nxitur urrejtjen ndaj nesh","gt_translate_keys":[{"key":"rendered","format":"text"}]},"content":{"rendered":"<p><span style=\"color: #000000;\"><a href=\"https:\/\/www.hashtag.al\/wp-content\/uploads\/2024\/09\/rama-1.png\"><img loading=\"lazy\" decoding=\"async\" class=\"aligncenter size-full wp-image-697513\" src=\"https:\/\/www.hashtag.al\/wp-content\/uploads\/2024\/09\/rama-1.png\" alt=\"\" width=\"1031\" height=\"578\" srcset=\"https:\/\/www.hashtag.al\/wp-content\/uploads\/2024\/09\/rama-1.png 1031w, https:\/\/www.hashtag.al\/wp-content\/uploads\/2024\/09\/rama-1-300x168.png 300w, https:\/\/www.hashtag.al\/wp-content\/uploads\/2024\/09\/rama-1-1024x574.png 1024w, https:\/\/www.hashtag.al\/wp-content\/uploads\/2024\/09\/rama-1-768x431.png 768w\" sizes=\"auto, (max-width: 1031px) 100vw, 1031px\" \/><\/a><\/span><\/p>\n<p><span style=\"color: #000000;\">Kreu i PS-s\u00eb, Edi Rama, n\u00eb Asamblen\u00eb e partis\u00eb foli s\u00ebrish p\u00ebr vrasjen e Egli Prog\u00ebs n\u00eb Pogradec.<\/span><\/p>\n<p><span style=\"color: #000000;\">Sipas tij vrasja u p\u00ebrdor si helm p\u00ebr t\u00eb nxitur urrejtjen ndaj Partis\u00eb Socialist\u00eb.<\/span><\/p>\n<p><span style=\"color: #000000;\">P\u00ebr Ram\u00ebn nj\u00eb prokuror i paaft\u00eb nxiti nj\u00eb revolt\u00eb duke ndryshuar akuz\u00ebn dhe m\u00eb pas p\u00ebr t\u00eb mbuluar gabimin mori t\u00eb pandehur nj\u00eb polic patrulle.<\/span><\/p>\n<p><span style=\"color: #000000;\"><em>&#8220;U mobilizuan ta p\u00ebrdorin vrasjen e nj\u00eb djali t\u00eb ri si overdoz\u00eb helmi p\u00ebr t\u00eb nxitur urrejtjen ndaj nesh. U prodhuar nj\u00eb film i kronik\u00ebs s\u00eb zez\u00eb ku u mblodh\u00ebn bashk\u00eb t\u00eb t\u00ebra t\u00eb k\u00ebqijat e mundshme. Komunikata e policis\u00eb u hodh n\u00eb cepat e lajmeve dhe komenteve mediatike, q\u00eb i dominoi fantazia kriminale e g\u00ebnjeshtareve dhe gjuha ekstremiste e spekulant\u00ebve. U tha me t\u00eb madhe se vrasja kishte ardhur p\u00ebr nj\u00eb gjob\u00eb t\u00eb papaguar, p\u00ebr t\u00eb cil\u00ebn viktima u vra nga nj\u00eb band\u00eb gjobit\u00ebsish. G\u00ebnjesht\u00ebr. U shkrua q\u00eb Pogradeci qenka v\u00ebr\u00eb si qeli e viteve \u201880 ku ligjin e b\u00ebkan bandat e gjob\u00ebvn\u00ebse, g\u00ebnjesht\u00ebr. U vu kuja se policia kishte tentuar ta fshihte krimin, g\u00ebnjesht\u00ebr. Shpejt\u00ebsia veprimeve t\u00eb policis\u00eb n\u00eb ndalimin e autorit \u00ebsht\u00eb e dokumentuar. U b\u00ebrtit se ambulanca kishte ardhur me 40 minuta vones\u00eb, g\u00ebnjesht\u00ebr. Koha \u00a0e mb\u00ebrritjes \u00ebsht\u00eb e dokumentuar n\u00eb sistem. U p\u00ebrhap se autori i krimit kishte mbrojtje politike, ngaq\u00eb nj\u00eb daj\u00eb i tij ishte eksponent i lart\u00eb i PS n\u00eb Pogradec. G\u00ebnjesht\u00ebr. PS nuk mbron politikisht as ministrat e saj, por n\u00eb rastin konkret ai daj\u00eb q\u00eb ka qen\u00eb dikur pjes\u00eb i PS \u00ebsht\u00eb nj\u00eb person m\u00eb pas i d\u00ebnuar p\u00ebr abuzim me detyr\u00ebn dhe s\u2019ka asnj\u00eb lidhje me PS, i ndjeri ishte an\u00ebtar me tester i PS dhe nuk ishte pronar i lokalit ku ndodhi vrasja, po punonj\u00ebs i OSSHE. Derisa e v\u00ebrteta t\u00eb vishte pantallonat g\u00ebnjeshtra me 7 gishta e b\u00ebri 7 her\u00eb xhiron e vendit. Nj\u00eb prokuror i paaft\u00eb dhe pap\u00ebrgjegjsh\u00ebm q\u00eb pa kryer asnj\u00eb hetim e ndryshoi akuz\u00ebn si vrasje me dashje n\u00eb vrasje nga pakujdesia, duke revoltuar t\u00eb madh e t\u00eb vog\u00ebl. K\u00ebshtu popullit iu dha pa pik\u00eb turpi doza e helmi p\u00ebr t\u00eb b\u00ebr\u00eb politik\u00eb me nj\u00eb vdekje tragjike, deri dikur organizuar nj\u00eb protest\u00eb mashtrues e kund\u00ebr qeveris\u00eb nd\u00ebrkoh\u00eb q\u00eb \u00e7\u00ebshtja ishte dor\u00ebzuar korrekt\u00ebsisht nga policia q\u00eb n\u00eb or\u00ebt e para pas ngjarjes. P\u00ebr t\u00eb lart\u00eb ujin e trash\u00eb me t\u00eb holl\u00eb, prokuroria shkoi mori t\u00eb pandehur nj\u00eb polic patrulle duke treguar se as nuk e ka haberin e rolit t\u00eb policis\u00eb s\u00eb patrull\u00eb, duke b\u00ebr\u00eb politike n\u00eb vend se t\u00eb b\u00ebnte hetim t\u00eb drejt\u00eb, t\u00eb paansh\u00ebm,, t\u00eb pavarur dhe sa m\u00eb t\u00eb shpejt\u00eb. Kjo nuk \u00ebsht\u00eb as e para e as e fundit, loj\u00eb politike e mediatike, ku e v\u00ebrteta bykoset brenda \u00e7orapit t\u00eb pist\u00eb&#8221;-<\/em>tha Rama.<\/span><\/p>\n","protected":false,"gt_translate_keys":[{"key":"rendered","format":"html"}]},"excerpt":{"rendered":"<p>Kreu i PS-s\u00eb, Edi Rama, n\u00eb Asamblen\u00eb e partis\u00eb foli s\u00ebrish p\u00ebr vrasjen e Egli Prog\u00ebs n\u00eb Pogradec. Sipas tij vrasja u p\u00ebrdor si helm p\u00ebr t\u00eb nxitur urrejtjen ndaj Partis\u00eb Socialist\u00eb. P\u00ebr Ram\u00ebn nj\u00eb prokuror i paaft\u00eb nxiti nj\u00eb revolt\u00eb duke ndryshuar akuz\u00ebn dhe m\u00eb pas p\u00ebr t\u00eb mbuluar gabimin mori t\u00eb pandehur nj\u00eb [&hellip;]<\/p>\n","protected":false,"gt_translate_keys":[{"key":"rendered","format":"html"}]},"author":32,"featured_media":697513,"comment_status":"closed","ping_status":"open","sticky":false,"template":"","format":"standard","meta":{"footnotes":""},"categories":[65,13],"tags":[],"class_list":["post-697515","post","type-post","status-publish","format-standard","has-post-thumbnail","hentry","category-lajme","category-te-fundit"],"gt_translate_keys":[{"key":"link","format":"url"}],"_links":{"self":[{"href":"https:\/\/www.hashtag.al\/index.php\/wp-json\/wp\/v2\/posts\/697515","targetHints":{"allow":["GET"]}}],"collection":[{"href":"https:\/\/www.hashtag.al\/index.php\/wp-json\/wp\/v2\/posts"}],"about":[{"href":"https:\/\/www.hashtag.al\/index.php\/wp-json\/wp\/v2\/types\/post"}],"author":[{"embeddable":true,"href":"https:\/\/www.hashtag.al\/index.php\/wp-json\/wp\/v2\/users\/32"}],"replies":[{"embeddable":true,"href":"https:\/\/www.hashtag.al\/index.php\/wp-json\/wp\/v2\/comments?post=697515"}],"version-history":[{"count":0,"href":"https:\/\/www.hashtag.al\/index.php\/wp-json\/wp\/v2\/posts\/697515\/revisions"}],"wp:featuredmedia":[{"embeddable":true,"href":"https:\/\/www.hashtag.al\/index.php\/wp-json\/wp\/v2\/media\/697513"}],"wp:attachment":[{"href":"https:\/\/www.hashtag.al\/index.php\/wp-json\/wp\/v2\/media?parent=697515"}],"wp:term":[{"taxonomy":"category","embeddable":true,"href":"https:\/\/www.hashtag.al\/index.php\/wp-json\/wp\/v2\/categories?post=697515"},{"taxonomy":"post_tag","embeddable":true,"href":"https:\/\/www.hashtag.al\/index.php\/wp-json\/wp\/v2\/tags?post=697515"}],"curies":[{"name":"wp","href":"https:\/\/api.w.org\/{rel}","templated":true}]}}