{"id":697437,"date":"2024-09-07T18:00:59","date_gmt":"2024-09-07T16:00:59","guid":{"rendered":"https:\/\/www.hashtag.al\/?p=697437"},"modified":"2024-09-07T18:00:59","modified_gmt":"2024-09-07T16:00:59","slug":"ministri-i-brendshem-serb-vizite-zyrtare-ne-kine","status":"publish","type":"post","link":"https:\/\/www.hashtag.al\/index.php\/2024\/09\/07\/ministri-i-brendshem-serb-vizite-zyrtare-ne-kine\/","title":{"rendered":"Ministri i Brendsh\u00ebm serb, vizit\u00eb zyrtare n\u00eb Kin\u00eb","gt_translate_keys":[{"key":"rendered","format":"text"}]},"content":{"rendered":"<p style=\"text-align: left;\"><span style=\"color: #000000;\"><img loading=\"lazy\" decoding=\"async\" class=\" wp-image-697438 aligncenter\" src=\"https:\/\/www.hashtag.al\/wp-content\/uploads\/2024\/09\/Screenshot-2024-09-07-164148-300x177.png\" alt=\"\" width=\"686\" height=\"405\" srcset=\"https:\/\/www.hashtag.al\/wp-content\/uploads\/2024\/09\/Screenshot-2024-09-07-164148-300x177.png 300w, https:\/\/www.hashtag.al\/wp-content\/uploads\/2024\/09\/Screenshot-2024-09-07-164148.png 605w\" sizes=\"auto, (max-width: 686px) 100vw, 686px\" \/><\/span><\/p>\n<p style=\"text-align: left;\"><span style=\"color: #000000;\">Ministri i Pun\u00ebve t\u00eb Brendshme i Serbis\u00eb, Ivica Da\u00e7i\u00e7, \u00ebsht\u00eb nisur p\u00ebr nj\u00eb vizit\u00eb zyrtare n\u00eb Kin\u00eb t\u00eb shtun\u00ebn.<\/span><\/p>\n<p style=\"text-align: left;\"><span style=\"color: #000000;\">Ministria e Pun\u00ebve t\u00eb Brendshme (MPB) njoftoi se ai do t\u00eb marr\u00eb pjes\u00eb n\u00eb Forumin Global p\u00ebr Bashk\u00ebpunim dhe Siguri Publike n\u00eb Lianyungang, ku do t\u00eb bisedoj\u00eb me ministrin e Siguris\u00eb Publike t\u00eb Kin\u00ebs, Wang Xiaohong.<\/span><\/p>\n<div id=\"taboola-sponsored-mid-article\" class=\"trc_related_container trc_spotlight_widget tbl-trecs-container trc_elastic trc_elastic_sc-ma-balkanweb\" style=\"text-align: left;\" data-placement-name=\"Sponsored Mid Article\">\n<div class=\"trc_rbox_container\">\n<div>\n<div id=\"trc_wrapper_5085475886\" class=\"trc_rbox sc-ma-balkanweb trc-content-sponsored\">\n<div id=\"outer_5085475886\" class=\"trc_rbox_outer\">\n<div id=\"rbox-t2m\" class=\"trc_rbox_div trc_rbox_border_elm\">\n<div id=\"internal_trc_5085475886\">\n<div class=\"videoCube trc_spotlight_item origin-default textItem thumbnail_top videoCube_1_child syndicatedItem trc-first-recommendation trc-spotlight-first-recommendation trc_excludable\" data-item-id=\"~~V1~~-5311385375691896323~~YM0NyQ_0m5qSSVcPHCfKAkuRZlP4m6E0ngyZOXI5-iwe79Ni-eBnd8iQ4KmvvX-QCoTT_IvWFG7RTbSa_z-XXmmONCNfRJvxSwUSD1Kpzn6g3ZEytlnLhEX3LbPk-ZLObcHmO4mS8m5GJC_TCgImmxoTeIrt5sx_ydDi9n2STzHr7AnMOF9jME-PZEHoCRcZ\" data-item-title=\"Office 2024: Upgrade Now [Get it]\" data-item-thumb=\"https:\/\/cdn.taboola.com\/libtrc\/static\/thumbnails\/STABLE_DIFFUSION_OUTCROP\/ESD\/05eaee02-0ede-4b57-bf1a-cc0c63377bf5__2ksGRmtd.jpg\" data-item-syndicated=\"true\">\n<div class=\"thumbBlock_holder\"><\/div>\n<\/div>\n<\/div>\n<\/div>\n<\/div>\n<\/div>\n<\/div>\n<\/div>\n<\/div>\n<p style=\"text-align: left;\"><span style=\"color: #000000;\">Ai pritet t\u2019i vizitoj\u00eb edhe oficer\u00ebt e policis\u00eb serbe t\u00eb cil\u00ebt po punojn\u00eb me koleg\u00ebt e tyre kinez\u00eb n\u00eb patrullime t\u00eb p\u00ebrbashk\u00ebta.<\/span><\/p>\n<p style=\"text-align: left;\"><span style=\"color: #000000;\">N\u00eb tri vjet\u00ebt e fundit, polic\u00eb nga Kina dhe koleg\u00ebt e tyre nga Serbia kan\u00eb patrulluar n\u00eb Beograd, Novi Sad dhe Smederev\u00eb, qytetet m\u00eb t\u00eb vizituara nga turist\u00ebt kinez\u00eb n\u00eb Serbi. Da\u00e7iq do t\u00eb marr\u00eb pjes\u00eb edhe n\u00eb st\u00ebrvitjet e nj\u00ebsive speciale t\u00eb policis\u00eb n\u00eb Guangzhou, sipas MPB-s\u00eb serbe.<\/span><\/p>\n<p style=\"text-align: left;\"><span style=\"color: #000000;\">Serbia i ka forcuar marr\u00ebdh\u00ebniet me Kin\u00ebn prej se Partia Progresive Serbe (SNS) e presidentit Aleksand\u00ebr Vu\u00e7iq erdhi n\u00eb pushtet n\u00eb vitin 2012.<\/span><\/p>\n<p style=\"text-align: left;\"><span style=\"color: #000000;\">Presidenti kinez, Xi Jinping, e vizitoi Beogradin n\u00eb maj, p\u00ebr her\u00eb t\u00eb dyt\u00eb n\u00eb dhjet\u00eb vjet\u00ebt e fundit.<\/span><\/p>\n<p style=\"text-align: left;\"><span style=\"color: #000000;\">Kina dhe Serbia, e cila ka qen\u00eb kandidate p\u00ebr an\u00ebtar\u00ebsim n\u00eb Bashkimin Evropian p\u00ebr m\u00eb shum\u00eb se nj\u00eb dekad\u00eb, n\u00ebnshkruan nj\u00eb deklarat\u00eb p\u00ebr partneritetin strategjik mes dy vendeve n\u00eb vitin 2016.<\/span><\/p>\n<p style=\"text-align: left;\"><span style=\"color: #000000;\">Shtat\u00eb vjet m\u00eb von\u00eb, Pekini dhe Beogradi n\u00ebnshkruan nj\u00eb marr\u00ebveshje p\u00ebr tregti t\u00eb lir\u00eb.<span style=\"color: #0000ff;\"><strong><a style=\"color: #0000ff;\" href=\"https:\/\/www.evropaelire.org\/a\/ivica-daci-vizite-ne-kine\/33110760.html\">\/REL<\/a><\/strong><\/span><\/span><\/p>\n","protected":false,"gt_translate_keys":[{"key":"rendered","format":"html"}]},"excerpt":{"rendered":"<p>Ministri i Pun\u00ebve t\u00eb Brendshme i Serbis\u00eb, Ivica Da\u00e7i\u00e7, \u00ebsht\u00eb nisur p\u00ebr nj\u00eb vizit\u00eb zyrtare n\u00eb Kin\u00eb t\u00eb shtun\u00ebn. Ministria e Pun\u00ebve t\u00eb Brendshme (MPB) njoftoi se ai do t\u00eb marr\u00eb pjes\u00eb n\u00eb Forumin Global p\u00ebr Bashk\u00ebpunim dhe Siguri Publike n\u00eb Lianyungang, ku do t\u00eb bisedoj\u00eb me ministrin e Siguris\u00eb Publike t\u00eb Kin\u00ebs, Wang Xiaohong. [&hellip;]<\/p>\n","protected":false,"gt_translate_keys":[{"key":"rendered","format":"html"}]},"author":49,"featured_media":697438,"comment_status":"closed","ping_status":"open","sticky":false,"template":"","format":"standard","meta":{"footnotes":""},"categories":[149],"tags":[],"class_list":["post-697437","post","type-post","status-publish","format-standard","has-post-thumbnail","hentry","category-kosoverajon"],"gt_translate_keys":[{"key":"link","format":"url"}],"_links":{"self":[{"href":"https:\/\/www.hashtag.al\/index.php\/wp-json\/wp\/v2\/posts\/697437","targetHints":{"allow":["GET"]}}],"collection":[{"href":"https:\/\/www.hashtag.al\/index.php\/wp-json\/wp\/v2\/posts"}],"about":[{"href":"https:\/\/www.hashtag.al\/index.php\/wp-json\/wp\/v2\/types\/post"}],"author":[{"embeddable":true,"href":"https:\/\/www.hashtag.al\/index.php\/wp-json\/wp\/v2\/users\/49"}],"replies":[{"embeddable":true,"href":"https:\/\/www.hashtag.al\/index.php\/wp-json\/wp\/v2\/comments?post=697437"}],"version-history":[{"count":0,"href":"https:\/\/www.hashtag.al\/index.php\/wp-json\/wp\/v2\/posts\/697437\/revisions"}],"wp:featuredmedia":[{"embeddable":true,"href":"https:\/\/www.hashtag.al\/index.php\/wp-json\/wp\/v2\/media\/697438"}],"wp:attachment":[{"href":"https:\/\/www.hashtag.al\/index.php\/wp-json\/wp\/v2\/media?parent=697437"}],"wp:term":[{"taxonomy":"category","embeddable":true,"href":"https:\/\/www.hashtag.al\/index.php\/wp-json\/wp\/v2\/categories?post=697437"},{"taxonomy":"post_tag","embeddable":true,"href":"https:\/\/www.hashtag.al\/index.php\/wp-json\/wp\/v2\/tags?post=697437"}],"curies":[{"name":"wp","href":"https:\/\/api.w.org\/{rel}","templated":true}]}}