{"id":697416,"date":"2024-09-07T15:55:09","date_gmt":"2024-09-07T13:55:09","guid":{"rendered":"https:\/\/www.hashtag.al\/?p=697416"},"modified":"2024-09-07T15:56:05","modified_gmt":"2024-09-07T13:56:05","slug":"denoncimi-i-telitit-rama-e-veliaj-planifikojne-te-ndertojne-4-kulla-te-selman-stermasi","status":"publish","type":"post","link":"https:\/\/www.hashtag.al\/index.php\/2024\/09\/07\/denoncimi-i-telitit-rama-e-veliaj-planifikojne-te-ndertojne-4-kulla-te-selman-stermasi\/","title":{"rendered":"Denoncimi i Telitit: Rama e Veliaj planifikojn\u00eb t\u00eb nd\u00ebrtojn\u00eb 4 kulla te \u201cSelman St\u00ebrmasi\u201d","gt_translate_keys":[{"key":"rendered","format":"text"}]},"content":{"rendered":"<p><img loading=\"lazy\" decoding=\"async\" class=\"aligncenter size-full wp-image-697418\" src=\"https:\/\/www.hashtag.al\/wp-content\/uploads\/2024\/09\/teliti.jpg\" alt=\"\" width=\"1268\" height=\"677\" srcset=\"https:\/\/www.hashtag.al\/wp-content\/uploads\/2024\/09\/teliti.jpg 1268w, https:\/\/www.hashtag.al\/wp-content\/uploads\/2024\/09\/teliti-300x160.jpg 300w, https:\/\/www.hashtag.al\/wp-content\/uploads\/2024\/09\/teliti-1024x547.jpg 1024w, https:\/\/www.hashtag.al\/wp-content\/uploads\/2024\/09\/teliti-768x410.jpg 768w\" sizes=\"auto, (max-width: 1268px) 100vw, 1268px\" \/><\/p>\n<p><span style=\"color: #000000;\">K\u00ebshilltari p\u00ebr Ekonomin\u00eb n\u00eb PD Dorjan Teliti ka denoncuar kryeministrin Rama dhe kryebashkiakun e Tiran\u00ebs Veliaj se k\u00ebrkojn\u00eb t\u00eb nd\u00ebrtojn\u00eb kat\u00ebr kulla te stadium \u201cSelman Stermasi\u201d. <\/span><\/p>\n<p><span style=\"color: #000000;\">Teliti, q\u00eb \u00ebsht\u00eb n\u00ebnkryetar i K\u00ebshillit Bashkiak t\u00eb Tiran\u00ebs shkruan se Rama e Veliaj po e fshehin k\u00ebt\u00eb gj\u00eb me projektin p\u00ebr rijet\u00ebzimin e stadiumit \u201cSelman St\u00ebrmasi\u201d nd\u00ebrkoh\u00eb q\u00eb k\u00ebrkojn\u00eb t\u00eb nd\u00ebrtojn\u00eb aty kat\u00ebr kulla e duke e betonizuar edhe m\u00eb shum\u00eb kryeqytetin.<\/span><\/p>\n<p><img loading=\"lazy\" decoding=\"async\" class=\"aligncenter size-full wp-image-697419\" src=\"https:\/\/www.hashtag.al\/wp-content\/uploads\/2024\/09\/teliti2.png\" alt=\"\" width=\"733\" height=\"702\" srcset=\"https:\/\/www.hashtag.al\/wp-content\/uploads\/2024\/09\/teliti2.png 733w, https:\/\/www.hashtag.al\/wp-content\/uploads\/2024\/09\/teliti2-300x287.png 300w\" sizes=\"auto, (max-width: 733px) 100vw, 733px\" \/><\/p>\n<p><span style=\"color: #000000;\"><em>DYSHJA RAMA-VELIAJ &#8220;SHTRON RRUG\u00cbN&#8221; P\u00cbR ND\u00cbRTIMIN E KAT\u00cbR KULLAVE TE STADIUMI SELMAN ST\u00cbRMASI! <\/em><\/span><\/p>\n<p><span style=\"color: #000000;\"><em>Kryebashkiaku i Tiran\u00ebs do t\u00eb miratoj\u00eb n\u00eb K\u00ebshill Bashkiak dit\u00ebn e h\u00ebn\u00eb (9 shtator), me forc\u00ebn e kartonave t\u00eb k\u00ebshilltar\u00ebve t\u00eb bindur verb\u00ebrisht ndaj tij, hapjen e rrug\u00ebs p\u00ebr &#8220;gjoja rijet\u00ebzimin&#8221; e stadiumit Selman Stermasi, por q\u00eb n\u00eb realitet ka p\u00ebr q\u00ebllim nd\u00ebrtimin e plot kat\u00ebr kullave t\u00eb reja n\u00eb gjurm\u00ebt e pron\u00ebsis\u00eb s\u00eb k\u00ebtij stadiumi. <\/em><\/span><\/p>\n<p><span style=\"color: #000000;\"><em>Kujt i erdhi kjo ide? <\/em><\/span><\/p>\n<p><span style=\"color: #000000;\"><em>Cilit nd\u00ebrtues apo grup nd\u00ebrtuesish do ti jepet kjo &#8220;dhurat\u00eb&#8221;? <\/em><\/span><\/p>\n<p><span style=\"color: #000000;\"><em>Kush fshihet realisht pas k\u00ebtyre kat\u00ebr kullave? <\/em><\/span><\/p>\n<p><span style=\"color: #000000;\"><em>Kush do pastroj\u00eb aty parat\u00eb e krimit, drog\u00ebs, korrupsionit dhe klientelizmit? <\/em><\/span><\/p>\n<p><span style=\"color: #000000;\"><em>Pse Veliaj pengon K\u00ebshillin Bashkiak t\u00eb Tiran\u00ebs t\u00eb zhvilloj\u00eb procesin e konsultimit publik p\u00ebr t\u00eb pyetur banor\u00ebt e Tiran\u00ebs se cfar\u00eb mendojn\u00eb e cfar\u00eb sugjerojn\u00eb, ashti sic e lips edhe baza ligjore? <\/em><\/span><\/p>\n<p><span style=\"color: #000000;\"><em>Pse trembet dyshja Rama-Veliaj nga e v\u00ebrteta dhe transparenca? <\/em><\/span><\/p>\n<p><span style=\"color: #000000;\"><em>Hapsi syt\u00eb qytetar\u00eb, ky do t\u00eb jet\u00eb projekti i rradh\u00ebs i betonizimit absurd, abuzimit dhe tjet\u00ebrsimit t\u00eb pron\u00ebs publike, me &#8220;gjoja justifikimin e rijet\u00ebzimit&#8221;, ndaj opozita duhet dhe do ta kund\u00ebrshtoj\u00eb me forc\u00eb k\u00ebt\u00eb iniciativ\u00eb t\u00eb rradh\u00ebs p\u00ebr betonizimin kriminal q\u00eb i b\u00ebhet Tiran\u00ebs.\u201d &#8211;<\/em>\u00a0 shkruan Teliti.<\/span><\/p>\n<p><img loading=\"lazy\" decoding=\"async\" class=\"aligncenter size-full wp-image-697417\" src=\"https:\/\/www.hashtag.al\/wp-content\/uploads\/2024\/09\/458796435_10161538254733389_1101908974712454806_n.jpg\" alt=\"\" width=\"1510\" height=\"1798\" srcset=\"https:\/\/www.hashtag.al\/wp-content\/uploads\/2024\/09\/458796435_10161538254733389_1101908974712454806_n.jpg 1510w, https:\/\/www.hashtag.al\/wp-content\/uploads\/2024\/09\/458796435_10161538254733389_1101908974712454806_n-252x300.jpg 252w, https:\/\/www.hashtag.al\/wp-content\/uploads\/2024\/09\/458796435_10161538254733389_1101908974712454806_n-860x1024.jpg 860w, https:\/\/www.hashtag.al\/wp-content\/uploads\/2024\/09\/458796435_10161538254733389_1101908974712454806_n-768x914.jpg 768w, https:\/\/www.hashtag.al\/wp-content\/uploads\/2024\/09\/458796435_10161538254733389_1101908974712454806_n-1290x1536.jpg 1290w\" sizes=\"auto, (max-width: 1510px) 100vw, 1510px\" \/><\/p>\n","protected":false,"gt_translate_keys":[{"key":"rendered","format":"html"}]},"excerpt":{"rendered":"<p>K\u00ebshilltari p\u00ebr Ekonomin\u00eb n\u00eb PD Dorjan Teliti ka denoncuar kryeministrin Rama dhe kryebashkiakun e Tiran\u00ebs Veliaj se k\u00ebrkojn\u00eb t\u00eb nd\u00ebrtojn\u00eb kat\u00ebr kulla te stadium \u201cSelman Stermasi\u201d. Teliti, q\u00eb \u00ebsht\u00eb n\u00ebnkryetar i K\u00ebshillit Bashkiak t\u00eb Tiran\u00ebs shkruan se Rama e Veliaj po e fshehin k\u00ebt\u00eb gj\u00eb me projektin p\u00ebr rijet\u00ebzimin e stadiumit \u201cSelman St\u00ebrmasi\u201d nd\u00ebrkoh\u00eb q\u00eb [&hellip;]<\/p>\n","protected":false,"gt_translate_keys":[{"key":"rendered","format":"html"}]},"author":51,"featured_media":697418,"comment_status":"closed","ping_status":"open","sticky":false,"template":"","format":"standard","meta":{"footnotes":""},"categories":[65],"tags":[],"class_list":["post-697416","post","type-post","status-publish","format-standard","has-post-thumbnail","hentry","category-lajme"],"gt_translate_keys":[{"key":"link","format":"url"}],"_links":{"self":[{"href":"https:\/\/www.hashtag.al\/index.php\/wp-json\/wp\/v2\/posts\/697416","targetHints":{"allow":["GET"]}}],"collection":[{"href":"https:\/\/www.hashtag.al\/index.php\/wp-json\/wp\/v2\/posts"}],"about":[{"href":"https:\/\/www.hashtag.al\/index.php\/wp-json\/wp\/v2\/types\/post"}],"author":[{"embeddable":true,"href":"https:\/\/www.hashtag.al\/index.php\/wp-json\/wp\/v2\/users\/51"}],"replies":[{"embeddable":true,"href":"https:\/\/www.hashtag.al\/index.php\/wp-json\/wp\/v2\/comments?post=697416"}],"version-history":[{"count":0,"href":"https:\/\/www.hashtag.al\/index.php\/wp-json\/wp\/v2\/posts\/697416\/revisions"}],"wp:featuredmedia":[{"embeddable":true,"href":"https:\/\/www.hashtag.al\/index.php\/wp-json\/wp\/v2\/media\/697418"}],"wp:attachment":[{"href":"https:\/\/www.hashtag.al\/index.php\/wp-json\/wp\/v2\/media?parent=697416"}],"wp:term":[{"taxonomy":"category","embeddable":true,"href":"https:\/\/www.hashtag.al\/index.php\/wp-json\/wp\/v2\/categories?post=697416"},{"taxonomy":"post_tag","embeddable":true,"href":"https:\/\/www.hashtag.al\/index.php\/wp-json\/wp\/v2\/tags?post=697416"}],"curies":[{"name":"wp","href":"https:\/\/api.w.org\/{rel}","templated":true}]}}