{"id":697305,"date":"2024-09-06T22:18:49","date_gmt":"2024-09-06T20:18:49","guid":{"rendered":"https:\/\/www.hashtag.al\/?p=697305"},"modified":"2024-09-06T22:18:49","modified_gmt":"2024-09-06T20:18:49","slug":"zgjidhet-kreu-i-gardes-se-republikes","status":"publish","type":"post","link":"https:\/\/www.hashtag.al\/index.php\/2024\/09\/06\/zgjidhet-kreu-i-gardes-se-republikes\/","title":{"rendered":"Zgjidhet kreu i Gard\u00ebs s\u00eb Republik\u00ebs","gt_translate_keys":[{"key":"rendered","format":"text"}]},"content":{"rendered":"<p><span style=\"color: #000000;\"><a style=\"color: #000000;\" href=\"https:\/\/www.hashtag.al\/wp-content\/uploads\/2024\/07\/1703862207_gardaerepubliks-1.jpg\"><img loading=\"lazy\" decoding=\"async\" class=\"aligncenter size-full wp-image-685486\" src=\"https:\/\/www.hashtag.al\/wp-content\/uploads\/2024\/07\/1703862207_gardaerepubliks-1.jpg\" alt=\"\" width=\"780\" height=\"440\" srcset=\"https:\/\/www.hashtag.al\/wp-content\/uploads\/2024\/07\/1703862207_gardaerepubliks-1.jpg 780w, https:\/\/www.hashtag.al\/wp-content\/uploads\/2024\/07\/1703862207_gardaerepubliks-1-300x169.jpg 300w, https:\/\/www.hashtag.al\/wp-content\/uploads\/2024\/07\/1703862207_gardaerepubliks-1-768x433.jpg 768w\" sizes=\"auto, (max-width: 780px) 100vw, 780px\" \/><\/a><\/span><\/p>\n<p><span style=\"color: #000000;\">Ermal Onuzi \u00ebsht\u00eb zgjedhur kreu i ri i Gard\u00ebs s\u00eb Republik\u00ebs.<\/span><\/p>\n<p><span style=\"color: #000000;\">Zgjedhja e tij \u00ebsht\u00eb firmosur sot nga kryeministri Edi Rama.<\/span><\/p>\n<p><span style=\"color: #000000;\">N\u00eb gar\u00eb p\u00ebr kreun e Gard\u00ebs s\u00eb Republik\u00ebs ishin gjasht\u00eb konkurrent\u00eb.<\/span><\/p>\n<p><span style=\"color: #000000;\">Mes tyre ishte edhe ish-kreu i Policis\u00eb s\u00eb Shtetit Artan Didi.<\/span><\/p>\n<p><span style=\"color: #000000;\">Em\u00ebrimi i Ermal Onuzit n\u00eb k\u00ebt\u00eb pozicion erdhi pas dor\u00ebheqjes s\u00eb Gramoz Sakos nga kreu i Gard\u00ebs s\u00eb Republik\u00ebs.<\/span><\/p>\n<p><span style=\"color: #000000;\">Gjenerali Sako njoftoi dor\u00ebheqjen e tij nga detyra pas 11 vitesh pun\u00eb.<\/span><\/p>\n<p><span style=\"color: #000000;\">Ermal Onuzi, kreu i ri i Gard\u00ebs, ka qen\u00eb punonj\u00ebs pran\u00eb nj\u00eb kompanie kon\u00e7esionare dhe \u00ebsht\u00eb marr\u00eb kryesisht me sigurin\u00eb.<\/span><\/p>\n","protected":false,"gt_translate_keys":[{"key":"rendered","format":"html"}]},"excerpt":{"rendered":"<p>Ermal Onuzi \u00ebsht\u00eb zgjedhur kreu i ri i Gard\u00ebs s\u00eb Republik\u00ebs. Zgjedhja e tij \u00ebsht\u00eb firmosur sot nga kryeministri Edi Rama. N\u00eb gar\u00eb p\u00ebr kreun e Gard\u00ebs s\u00eb Republik\u00ebs ishin gjasht\u00eb konkurrent\u00eb. Mes tyre ishte edhe ish-kreu i Policis\u00eb s\u00eb Shtetit Artan Didi. Em\u00ebrimi i Ermal Onuzit n\u00eb k\u00ebt\u00eb pozicion erdhi pas dor\u00ebheqjes s\u00eb Gramoz [&hellip;]<\/p>\n","protected":false,"gt_translate_keys":[{"key":"rendered","format":"html"}]},"author":32,"featured_media":685486,"comment_status":"closed","ping_status":"open","sticky":false,"template":"","format":"standard","meta":{"footnotes":""},"categories":[65,13],"tags":[],"class_list":["post-697305","post","type-post","status-publish","format-standard","has-post-thumbnail","hentry","category-lajme","category-te-fundit"],"gt_translate_keys":[{"key":"link","format":"url"}],"_links":{"self":[{"href":"https:\/\/www.hashtag.al\/index.php\/wp-json\/wp\/v2\/posts\/697305","targetHints":{"allow":["GET"]}}],"collection":[{"href":"https:\/\/www.hashtag.al\/index.php\/wp-json\/wp\/v2\/posts"}],"about":[{"href":"https:\/\/www.hashtag.al\/index.php\/wp-json\/wp\/v2\/types\/post"}],"author":[{"embeddable":true,"href":"https:\/\/www.hashtag.al\/index.php\/wp-json\/wp\/v2\/users\/32"}],"replies":[{"embeddable":true,"href":"https:\/\/www.hashtag.al\/index.php\/wp-json\/wp\/v2\/comments?post=697305"}],"version-history":[{"count":0,"href":"https:\/\/www.hashtag.al\/index.php\/wp-json\/wp\/v2\/posts\/697305\/revisions"}],"wp:featuredmedia":[{"embeddable":true,"href":"https:\/\/www.hashtag.al\/index.php\/wp-json\/wp\/v2\/media\/685486"}],"wp:attachment":[{"href":"https:\/\/www.hashtag.al\/index.php\/wp-json\/wp\/v2\/media?parent=697305"}],"wp:term":[{"taxonomy":"category","embeddable":true,"href":"https:\/\/www.hashtag.al\/index.php\/wp-json\/wp\/v2\/categories?post=697305"},{"taxonomy":"post_tag","embeddable":true,"href":"https:\/\/www.hashtag.al\/index.php\/wp-json\/wp\/v2\/tags?post=697305"}],"curies":[{"name":"wp","href":"https:\/\/api.w.org\/{rel}","templated":true}]}}