{"id":696985,"date":"2024-09-05T15:16:44","date_gmt":"2024-09-05T13:16:44","guid":{"rendered":"https:\/\/www.hashtag.al\/?p=696985"},"modified":"2024-09-05T15:16:44","modified_gmt":"2024-09-05T13:16:44","slug":"dita-e-shenjterimit-te-nene-terezes-veliaj-sherben-dreken-ne-qendren-komunitare-gonxhe-bojaxhi","status":"publish","type":"post","link":"https:\/\/www.hashtag.al\/index.php\/2024\/09\/05\/dita-e-shenjterimit-te-nene-terezes-veliaj-sherben-dreken-ne-qendren-komunitare-gonxhe-bojaxhi\/","title":{"rendered":"Dita e shenjt\u00ebrimit t\u00eb N\u00ebn\u00eb Terez\u00ebs, Veliaj sh\u00ebrben drek\u00ebn n\u00eb qendr\u00ebn komunitare &#8216;Gonxhe Bojaxhi&#8217;","gt_translate_keys":[{"key":"rendered","format":"text"}]},"content":{"rendered":"<p><a href=\"https:\/\/www.hashtag.al\/wp-content\/uploads\/2024\/09\/1725541527_veliaj.jpg\"><img loading=\"lazy\" decoding=\"async\" class=\"aligncenter size-full wp-image-696986\" src=\"https:\/\/www.hashtag.al\/wp-content\/uploads\/2024\/09\/1725541527_veliaj.jpg\" alt=\"\" width=\"780\" height=\"440\" srcset=\"https:\/\/www.hashtag.al\/wp-content\/uploads\/2024\/09\/1725541527_veliaj.jpg 780w, https:\/\/www.hashtag.al\/wp-content\/uploads\/2024\/09\/1725541527_veliaj-300x169.jpg 300w, https:\/\/www.hashtag.al\/wp-content\/uploads\/2024\/09\/1725541527_veliaj-768x433.jpg 768w\" sizes=\"auto, (max-width: 780px) 100vw, 780px\" \/><\/a><\/p>\n<p><span style=\"color: #000000;\">N\u00eb dit\u00ebn e shenjt\u00ebrimit t\u00eb N\u00ebn\u00eb Terez\u00ebs, kryetari i Bashkis\u00eb s\u00eb Tiran\u00ebs, Erion Veliaj sh\u00ebrbeu drek\u00ebn p\u00ebr njer\u00ebzit n\u00eb nevoj\u00eb, n\u00eb qendr\u00ebn Komunitare q\u00eb mban emrin \u201cGonxhe Bojaxhi\u201d.<\/span><\/p>\n<p><span style=\"color: #000000;\">N\u00eb fjal\u00ebn e tij, Veliaj falenderoi t\u00eb gjith\u00eb ata q\u00eb zgjedhin t\u00eb sh\u00ebrbejn\u00eb edhe n\u00eb dit\u00eb pushimi.<\/span><\/p>\n<p><span style=\"color: #000000;\"><em>\u201cNe u sh\u00ebrbejm\u00eb atyre q\u00eb kan\u00eb nevoj\u00eb, jo vet\u00ebm nj\u00eb vakt, por edhe dashuri, v\u00ebmendje, nj\u00eb krah p\u00ebr t\u2019u mb\u00ebshtetur, nj\u00eb vesh p\u00ebr t\u2019u d\u00ebgjuar. Dua t\u00eb falenderoj t\u00eb gjith\u00eb punonj\u00ebset tona sociale, q\u00eb b\u00ebjn\u00eb nj\u00eb pun\u00eb t\u00eb jasht\u00ebzakonshme. Dua t\u00eb falenderoj t\u00eb gjith\u00eb psikolog\u00ebt, mjek\u00ebt, ndihm\u00ebsit n\u00eb qendrat tona sociale dhe t\u00eb gjith\u00eb njer\u00ebzit q\u00eb sh\u00ebrbejn\u00eb. Sot festojm\u00eb shenjt\u00ebrimin e N\u00ebn\u00eb Terez\u00ebs dhe nga dritarja shoh punonj\u00ebsit q\u00eb jan\u00eb duke p\u00ebrgatitur rrug\u00ebt, edhe pse dit\u00eb pushimi, sepse do filloj\u00eb shkolla. Nj\u00eb falenderim t\u00eb madh p\u00ebr t\u00eb gjith\u00eb ata pun\u00ebtor\u00eb q\u00eb pastrojn\u00eb, mir\u00ebmbajn\u00eb, dezinfektojn\u00eb, plot mir\u00ebnjohje sepse mbi t\u00eb gjitha, N\u00ebn\u00eb Tereza ishte nj\u00eb m\u00ebsuese, pra me veprat e saj m\u00ebsonte dhe t\u00eb tjer\u00ebt si t\u00eb silleshin, si t\u00eb ndihmonin si t\u00eb sh\u00ebrbenin\u201d,<\/em> tha Veliaj.<\/span><\/p>\n<p><span style=\"color: #000000;\">Nj\u00eb falenderim kryebashkiaku e pati edhe p\u00ebr m\u00ebsuesit, edukatoret dhe psikolog\u00ebt q\u00eb po p\u00ebrgatiten p\u00ebr t\u00eb nisur vitin e ri shkollor, si dhe efektiv\u00ebt q\u00eb q\u00ebndrojn\u00eb n\u00eb krye t\u00eb detyr\u00ebs \u00e7do dit\u00eb t\u00eb vitit.<\/span><\/p>\n<p><span style=\"color: #000000;\"><em>\u00a0\u201cKam nj\u00eb mir\u00ebnjohje t\u00eb jasht\u00ebzakonshme p\u00ebr t\u00eb gjith\u00eb m\u00ebsuesit q\u00eb po p\u00ebrgatiten p\u00ebr t\u00eb filluar vitin e ri shkollor, p\u00ebr edukatoret, psikolog\u00ebt, p\u00ebr m\u00ebsuesit ndihm\u00ebs, p\u00ebr asistent\u00ebt, meritojn\u00eb t\u00eb gjith\u00eb respektin dhe dashurin\u00eb ton\u00eb. Teksa po vija k\u00ebtu te rruga \u201c5 Maji\u201d, edhe pse dit\u00eb pushimi, duke qen\u00eb se \u00ebsht\u00eb nj\u00eb rrug\u00eb q\u00eb ka shum\u00eb trafik p\u00ebr shkak t\u00eb tregut, pash\u00eb policin\u00eb n\u00eb k\u00ebmb\u00eb. Edhe ata kan\u00eb familje, edhe ata kan\u00eb nj\u00eb tavolin\u00eb ku mund t\u00eb ishin, por kan\u00eb zgjedhur q\u00eb t\u2019i sh\u00ebrbejn\u00eb vendit. P\u00ebr t\u00eb gjith\u00eb ata q\u00eb sh\u00ebrbejn\u00eb me uniform\u00eb, polic\u00eb, ushtarak\u00eb, polic\u00eb bashkie, polic\u00eb shteti, polic\u00eb t\u00eb trafikut rrugor, q\u00eb n\u00eb k\u00ebto dit\u00eb po b\u00ebjn\u00eb nj\u00eb pun\u00eb fantastike, p\u00ebr t\u00eb gjith\u00eb ata q\u00eb veshin uniform\u00ebn e Republik\u00ebs, shum\u00eb mir\u00ebnjohje p\u00ebr sh\u00ebrb\u00ebtor\u00ebt e shtetit shqiptar\u201d,<\/em> u shpreh kryebashkaku.<\/span><\/p>\n<p><span style=\"color: #000000;\">Veliaj shtoi se e ardhmja e qytetit duhet nd\u00ebrtuar mbi m\u00ebsimet e N\u00ebn\u00eb Terez\u00ebs, duke larguar urrejtjen dhe duke inkurajuar t\u00eb gjith\u00eb ata sh\u00ebrbejn\u00eb.<\/span><\/p>\n<p><span style=\"color: #000000;\"><em>\u201cNj\u00eb qytet vler\u00ebson sh\u00ebrb\u00ebtor\u00ebt, nuk ka r\u00ebnd\u00ebsi n\u00ebse \u00ebsht\u00eb zjarrfik\u00ebsi, n\u00ebse \u00ebsht\u00eb mjeku, n\u00ebse \u00ebsht\u00eb m\u00ebsuesi, apo psikologu, \u00ebsht\u00eb nj\u00eb qytet q\u00eb ka t\u00eb ardhme. Ne duam t\u00eb nd\u00ebrtojm\u00eb mbi m\u00ebsimet e N\u00ebn\u00eb Terez\u00ebs t\u00eb ardhmen e qytetit ton\u00eb, duke sh\u00ebrbyer si ajo, duke pasur nj\u00eb zem\u00ebr t\u00eb but\u00eb dhe t\u00eb hapur si ajo, duke larguar urrejtjen, mllefin, cinizmin, shpotin\u00eb, batutat e pahijshme, banalitetin dhe duke inkurajuar t\u00eb gjith\u00eb ata q\u00eb sh\u00ebrbejn\u00eb, pavar\u00ebsisht n\u00ebse jan\u00eb n\u00eb drejtim t\u00eb qytetit apo t\u00eb vendit apo t\u00eb nj\u00eb pozicioni t\u00eb r\u00ebnd\u00ebsish\u00ebm, apo n\u00ebse po sh\u00ebrbejn\u00eb nj\u00eb pjat\u00eb sup\u00eb n\u00eb qendrat tona. Kush sh\u00ebrben dhe \u00ebsht\u00eb thirrur t\u00eb sh\u00ebrbej\u00eb, e b\u00ebn k\u00ebt\u00eb me dashuri \u00ebsht\u00eb v\u00ebrtet nj\u00eb bir edhe nj\u00eb bij\u00eb e N\u00ebn\u00eb Terez\u00ebs<\/em>\u201d, tha Veliaj.<\/span><\/p>\n","protected":false,"gt_translate_keys":[{"key":"rendered","format":"html"}]},"excerpt":{"rendered":"<p>N\u00eb dit\u00ebn e shenjt\u00ebrimit t\u00eb N\u00ebn\u00eb Terez\u00ebs, kryetari i Bashkis\u00eb s\u00eb Tiran\u00ebs, Erion Veliaj sh\u00ebrbeu drek\u00ebn p\u00ebr njer\u00ebzit n\u00eb nevoj\u00eb, n\u00eb qendr\u00ebn Komunitare q\u00eb mban emrin \u201cGonxhe Bojaxhi\u201d. N\u00eb fjal\u00ebn e tij, Veliaj falenderoi t\u00eb gjith\u00eb ata q\u00eb zgjedhin t\u00eb sh\u00ebrbejn\u00eb edhe n\u00eb dit\u00eb pushimi. \u201cNe u sh\u00ebrbejm\u00eb atyre q\u00eb kan\u00eb nevoj\u00eb, jo vet\u00ebm nj\u00eb [&hellip;]<\/p>\n","protected":false,"gt_translate_keys":[{"key":"rendered","format":"html"}]},"author":32,"featured_media":696986,"comment_status":"closed","ping_status":"open","sticky":false,"template":"","format":"standard","meta":{"footnotes":""},"categories":[65],"tags":[],"class_list":["post-696985","post","type-post","status-publish","format-standard","has-post-thumbnail","hentry","category-lajme"],"gt_translate_keys":[{"key":"link","format":"url"}],"_links":{"self":[{"href":"https:\/\/www.hashtag.al\/index.php\/wp-json\/wp\/v2\/posts\/696985","targetHints":{"allow":["GET"]}}],"collection":[{"href":"https:\/\/www.hashtag.al\/index.php\/wp-json\/wp\/v2\/posts"}],"about":[{"href":"https:\/\/www.hashtag.al\/index.php\/wp-json\/wp\/v2\/types\/post"}],"author":[{"embeddable":true,"href":"https:\/\/www.hashtag.al\/index.php\/wp-json\/wp\/v2\/users\/32"}],"replies":[{"embeddable":true,"href":"https:\/\/www.hashtag.al\/index.php\/wp-json\/wp\/v2\/comments?post=696985"}],"version-history":[{"count":0,"href":"https:\/\/www.hashtag.al\/index.php\/wp-json\/wp\/v2\/posts\/696985\/revisions"}],"wp:featuredmedia":[{"embeddable":true,"href":"https:\/\/www.hashtag.al\/index.php\/wp-json\/wp\/v2\/media\/696986"}],"wp:attachment":[{"href":"https:\/\/www.hashtag.al\/index.php\/wp-json\/wp\/v2\/media?parent=696985"}],"wp:term":[{"taxonomy":"category","embeddable":true,"href":"https:\/\/www.hashtag.al\/index.php\/wp-json\/wp\/v2\/categories?post=696985"},{"taxonomy":"post_tag","embeddable":true,"href":"https:\/\/www.hashtag.al\/index.php\/wp-json\/wp\/v2\/tags?post=696985"}],"curies":[{"name":"wp","href":"https:\/\/api.w.org\/{rel}","templated":true}]}}