{"id":696815,"date":"2024-09-04T12:50:24","date_gmt":"2024-09-04T10:50:24","guid":{"rendered":"https:\/\/www.hashtag.al\/?p=696815"},"modified":"2024-09-04T12:50:24","modified_gmt":"2024-09-04T10:50:24","slug":"keshilli-i-mandateve-per-deputetin-sinaj-bardhi-perfitoi-fonde-publike-reagon-socialisti-skam-perfituar-asnje-lek","status":"publish","type":"post","link":"https:\/\/www.hashtag.al\/index.php\/2024\/09\/04\/keshilli-i-mandateve-per-deputetin-sinaj-bardhi-perfitoi-fonde-publike-reagon-socialisti-skam-perfituar-asnje-lek\/","title":{"rendered":"K\u00ebshilli i Mandateve p\u00ebr deputetin Sinaj\/ Bardhi: P\u00ebrfitoi fonde publike. Reagon socialisti: S\u2019kam p\u00ebrfituar asnj\u00eb lek","gt_translate_keys":[{"key":"rendered","format":"text"}]},"content":{"rendered":"<p><span style=\"color: #000000;\"><a href=\"https:\/\/www.hashtag.al\/wp-content\/uploads\/2024\/09\/Screenshot-2024-09-04-124232.png\"><img loading=\"lazy\" decoding=\"async\" class=\"aligncenter size-full wp-image-696816\" src=\"https:\/\/www.hashtag.al\/wp-content\/uploads\/2024\/09\/Screenshot-2024-09-04-124232.png\" alt=\"\" width=\"781\" height=\"322\" srcset=\"https:\/\/www.hashtag.al\/wp-content\/uploads\/2024\/09\/Screenshot-2024-09-04-124232.png 781w, https:\/\/www.hashtag.al\/wp-content\/uploads\/2024\/09\/Screenshot-2024-09-04-124232-300x124.png 300w, https:\/\/www.hashtag.al\/wp-content\/uploads\/2024\/09\/Screenshot-2024-09-04-124232-768x317.png 768w\" sizes=\"auto, (max-width: 781px) 100vw, 781px\" \/><\/a><\/span><\/p>\n<p><span style=\"color: #000000;\">K\u00ebshilli p\u00ebr Rregulloren e Mandatet po diskuton lidhur me k\u00ebrkes\u00ebn e paraqitur nga Partia Demokratike p\u00ebrsa i takon mandatit t\u00eb deputetit socialist, Vullnet Sinaj.<\/span><\/p>\n<p><span style=\"color: #000000;\">Sipas PD-s\u00eb, Sinaj ka p\u00ebrfituar nga fondet publike, n\u00eb nj\u00eb koh\u00eb q\u00eb ka qen\u00eb ligjv\u00ebn\u00ebs, \u00e7ka sipas demokrat\u00ebve bie ndesh me ligjet dhe si rezultat duhet t\u00eb humbas\u00eb mandatin e deputetit.<\/span><\/p>\n<p><span style=\"color: #000000;\">Kreu i Grupit Parlamentar t\u00eb PD-s\u00eb, Gazment Bardhi, b\u00ebri t\u00eb ditur se deputeti Sinaj, n\u00ebp\u00ebrmjet kompanive n\u00eb prone\u00ebsi t\u00eb tij ka p\u00ebrfituar t\u00eb ardhura nga buxheti i shtetit<\/span><\/p>\n<p><span style=\"color: #000000;\"><em>\u201cKemi verifikuar se deputeti Sinaj \u00ebsht\u00eb pronar n\u00eb 9 kompani, ku n\u00eb 5 prej t\u00eb cilave \u00ebsht\u00eb aksioner i drejtp\u00ebrdrejt.<\/em><\/span><\/p>\n<p><span style=\"color: #000000;\"><em>Ne kemi verifikuar n\u00ebp\u00ebrmjet shkresave zyrtare, n\u00eb k\u00ebt\u00eb rast Drejtoris\u00eb se Thesarit, se deputeti Vullnet Sinaj, n\u00ebp\u00ebrmjet kompanive t\u00eb tij n\u00eb vet\u00ebm 9 transaksione q\u00eb ne kemi evidentuar mund t\u00eb jen\u00eb edhe shum\u00eb m\u00eb shum\u00eb, ka p\u00ebrfituar nga buxheti i shtetit rreth 36 mij\u00eb euro.<\/em><\/span><\/p>\n<p><span style=\"color: #000000;\"><em>N\u00eb k\u00ebto kushte ai \u00ebsht\u00eb ne\u00eb shkelje t\u00eb Kushtetut\u00ebs konkretisht t\u00eb nenit 70, pika 3.\u00a0 K\u00ebto fakte, jan\u00eb konfirmuar zyrtarisht edhe nga Ministria e Finacave dhe Drejtoria e Thesarit\u201d,<\/em> tha Bardhi n\u00eb mbledhjen e K\u00ebshillit t\u00eb Mandateve.<\/span><\/p>\n<p><span style=\"color: #000000;\">N\u00eb vijim ai shtoi se K\u00ebshilli p\u00ebr Rregulloren dhe Mandatet, ka si detyr\u00eb vet\u00ebm verifikimin formal t\u00eb procedur\u00ebs.<\/span><\/p>\n<p><span style=\"color: #000000;\">Pas Gazment Bardhit, ka reaguar Vullnet Sinaj, i cili duke ironizuar kreun e Grupit Parlamentar t\u00eb PD-s\u00eb, tha se \u201csi ka mund\u00ebsi q\u00eb nuk ke gjetur dokumentet p\u00ebr parat\u00eb q\u00eb un\u00eb kam dhuruar edhe gjat\u00eb koh\u00ebs s\u00eb t\u00ebrmetit\u201d.<\/span><\/p>\n<p><span style=\"color: #000000;\"><em>\u201cKam dhuruar 100 mij\u00eb euro n\u00eb koh\u00ebn e t\u00ebrmetit. Un\u00eb kam qen\u00eb biznesmen q\u00eb hyra n\u00eb politik\u00eb dhe nuk u b\u00ebra sip\u00ebrmarr\u00ebs pasi hyra n\u00eb politik\u00eb. Un\u00eb kam 20 vjet q\u00eb merrem me biznes. Ai biznesi q\u00eb ju m\u00eb thoni q\u00eb \u00ebsht\u00eb i mi, ka b\u00ebr\u00eb at\u00eb soll\u00ebn e operacioneve te Kardiologjia p\u00ebr f\u00ebmij\u00ebt. Ndaj meje po b\u00ebhet nj\u00eb fars\u00eb e madhe, q\u00eb nuk \u00ebsht\u00eb as ligjore\u201d,<\/em> tha Sinaj.<\/span><\/p>\n<p><span style=\"color: #000000;\">Ai tha se n\u00eb momentin q\u00eb ka marr\u00eb mandatin e deputetit ka hequr dor\u00eb nga aksionet e tij n\u00eb biznese.<\/span><\/p>\n<p><span style=\"color: #000000;\"><em>\u201cAjo q\u00eb ju m\u00eb akuzoni mua sot \u00ebsht\u00eb shitja e produkteve n\u00eb kasa. Ku ta dij\u00eb nj\u00eb punonj\u00ebs i kas\u00ebs se kush ble n\u00eb marketet e Big Market? Kujt t\u2019ia ndalojm\u00eb hyrjen n\u00eb Big Market na i thoni? Nuk kam p\u00ebrfituar asnj\u00eb qindark\u00eb nga buxheti i shtetit, p\u00ebrkundrazi jam donator. Nuk kam marr\u00eb pjes\u00eb n\u00eb asnj\u00eb tender, n\u00eb asnj\u00eb koncension<\/em>\u201d, tha Sinaj.<\/span><\/p>\n<p><span style=\"color: #000000;\">Por, Gazment Bardhi p\u00ebrmendi disa institiucione q\u00eb sipas tij kan\u00eb kryer blerje n\u00eb rrjetin e supermarketeve q\u00eb ka n\u00eb pron\u00ebsi deputeti Sinaj. \u201cQoft\u00eb edhe p\u00ebr 1 lek, ne nuk mund t\u00eb mbyllim syt\u00eb, kur p\u00ebrfituesi \u00ebsht\u00eb deputet. Jeni n\u00eb shkelje t\u00eb Kushtetut\u00ebs\u201d, tha Bardhi. Ai tha se nuk heq dhe as nuk jep mandate, pasi \u00ebsht\u00eb Gjykata Kushtetuese e cila vendos p\u00ebr \u00e7\u00ebshtjen.<\/span><\/p>\n<p><span style=\"color: #000000;\"><em>\u201cNuk duhet t\u00eb keni frik\u00eb nga shqyrtimi i \u00e7\u00ebshtjes n\u00eb Gjykat\u00ebn Kushtetuese. Kjo e fundit vendos p\u00ebr mandatin, ndoshta keni t\u00eb drejt\u00eb Ju dhe ne e kemi gabim, por mendoj se ne kemi t\u00eb drejt\u00eb\u201d,<\/em> tha Bardhi.<\/span><\/p>\n","protected":false,"gt_translate_keys":[{"key":"rendered","format":"html"}]},"excerpt":{"rendered":"<p>K\u00ebshilli p\u00ebr Rregulloren e Mandatet po diskuton lidhur me k\u00ebrkes\u00ebn e paraqitur nga Partia Demokratike p\u00ebrsa i takon mandatit t\u00eb deputetit socialist, Vullnet Sinaj. Sipas PD-s\u00eb, Sinaj ka p\u00ebrfituar nga fondet publike, n\u00eb nj\u00eb koh\u00eb q\u00eb ka qen\u00eb ligjv\u00ebn\u00ebs, \u00e7ka sipas demokrat\u00ebve bie ndesh me ligjet dhe si rezultat duhet t\u00eb humbas\u00eb mandatin e deputetit. [&hellip;]<\/p>\n","protected":false,"gt_translate_keys":[{"key":"rendered","format":"html"}]},"author":32,"featured_media":696816,"comment_status":"closed","ping_status":"open","sticky":false,"template":"","format":"standard","meta":{"footnotes":""},"categories":[65],"tags":[],"class_list":["post-696815","post","type-post","status-publish","format-standard","has-post-thumbnail","hentry","category-lajme"],"gt_translate_keys":[{"key":"link","format":"url"}],"_links":{"self":[{"href":"https:\/\/www.hashtag.al\/index.php\/wp-json\/wp\/v2\/posts\/696815","targetHints":{"allow":["GET"]}}],"collection":[{"href":"https:\/\/www.hashtag.al\/index.php\/wp-json\/wp\/v2\/posts"}],"about":[{"href":"https:\/\/www.hashtag.al\/index.php\/wp-json\/wp\/v2\/types\/post"}],"author":[{"embeddable":true,"href":"https:\/\/www.hashtag.al\/index.php\/wp-json\/wp\/v2\/users\/32"}],"replies":[{"embeddable":true,"href":"https:\/\/www.hashtag.al\/index.php\/wp-json\/wp\/v2\/comments?post=696815"}],"version-history":[{"count":0,"href":"https:\/\/www.hashtag.al\/index.php\/wp-json\/wp\/v2\/posts\/696815\/revisions"}],"wp:featuredmedia":[{"embeddable":true,"href":"https:\/\/www.hashtag.al\/index.php\/wp-json\/wp\/v2\/media\/696816"}],"wp:attachment":[{"href":"https:\/\/www.hashtag.al\/index.php\/wp-json\/wp\/v2\/media?parent=696815"}],"wp:term":[{"taxonomy":"category","embeddable":true,"href":"https:\/\/www.hashtag.al\/index.php\/wp-json\/wp\/v2\/categories?post=696815"},{"taxonomy":"post_tag","embeddable":true,"href":"https:\/\/www.hashtag.al\/index.php\/wp-json\/wp\/v2\/tags?post=696815"}],"curies":[{"name":"wp","href":"https:\/\/api.w.org\/{rel}","templated":true}]}}