{"id":696797,"date":"2024-09-04T11:16:52","date_gmt":"2024-09-04T09:16:52","guid":{"rendered":"https:\/\/www.hashtag.al\/?p=696797"},"modified":"2024-09-04T11:44:59","modified_gmt":"2024-09-04T09:44:59","slug":"riorganizimi-i-pd-se-si-po-joshen-mbeshtetesit-e-bashes","status":"publish","type":"post","link":"https:\/\/www.hashtag.al\/index.php\/2024\/09\/04\/riorganizimi-i-pd-se-si-po-joshen-mbeshtetesit-e-bashes\/","title":{"rendered":"Riorganizimi i PD-s\u00eb, si po joshen mb\u00ebshtet\u00ebsit e Bash\u00ebs","gt_translate_keys":[{"key":"rendered","format":"text"}]},"content":{"rendered":"<p><span style=\"color: #000000;\"><img loading=\"lazy\" decoding=\"async\" class=\"aligncenter size-full wp-image-696798\" src=\"https:\/\/www.hashtag.al\/wp-content\/uploads\/2024\/09\/pd.jpeg\" alt=\"\" width=\"1024\" height=\"768\" srcset=\"https:\/\/www.hashtag.al\/wp-content\/uploads\/2024\/09\/pd.jpeg 1024w, https:\/\/www.hashtag.al\/wp-content\/uploads\/2024\/09\/pd-300x225.jpeg 300w, https:\/\/www.hashtag.al\/wp-content\/uploads\/2024\/09\/pd-768x576.jpeg 768w\" sizes=\"auto, (max-width: 1024px) 100vw, 1024px\" \/><\/span><\/p>\n<p><span style=\"color: #000000;\">PD-ja po p\u00ebrpiqet \u201ct\u00eb josh\u00eb\u201d mb\u00ebshtet\u00ebsit e ish-kreut Lulzim Basha. <\/span><\/p>\n<p><span style=\"color: #000000;\">P\u00ebrmes nj\u00eb l\u00ebvizjeje t\u00eb fundit q\u00eb mban firm\u00ebn e Sekretarit t\u00eb P\u00ebrgjithsh\u00ebm Noka, mb\u00ebshtet\u00ebsve t\u00eb Bash\u00ebs u hapet rruga p\u00ebr t\u2019u bashkuar me PD-n\u00eb. <\/span><\/p>\n<p><span style=\"color: #000000;\">Sipas udh\u00ebtimit, nj\u00eb individ q\u00eb ka qen\u00eb an\u00ebtar kryesie n\u00eb deg\u00ebn e PD-s\u00eb n\u00eb koh\u00ebn kur ajo drejtohej nga Basha, do kooptohet si an\u00ebtar kryesie n\u00eb deg\u00ebn e PD-s\u00eb. <\/span><\/p>\n<p><span style=\"color: #000000;\">E nj\u00ebjta gj\u00eb do t\u00eb ndodh\u00eb me ata q\u00eb kan\u00eb qen\u00eb kryetar\u00eb grupseksioni apo seksioni, q\u00eb do t\u00eb vijojn\u00eb t\u00eb mbajn\u00eb t\u00eb nj\u00ebjtat pozicione, duke ndryshuar k\u00ebshtu vet\u00ebm emrin e kryetarit t\u00eb partis\u00eb, nga Lulzim Basha n\u00eb Sali Berisha.<\/span><\/p>\n<p><span style=\"color: #000000;\">Pas nj\u00eb beteje t\u00eb gjat\u00eb ligjore, Apeli ia dha vul\u00ebn dhe simbolet e PD-s\u00eb Sali Berish\u00ebs, pasi ishin mbajtur zyrtarisht nga Basha. <\/span><\/p>\n<p><span style=\"color: #000000;\">P\u00ebrplasja Berisha-Basha nisi pasi ky i fundit e p\u00ebrjashtoi Berish\u00ebn nga grupi parlamentar me shpalljen e tij non-grata nga SHBA-ja. P\u00ebrplasja kulmoi me p\u00ebrleshjenn fizike p\u00ebr selin\u00eb e PD-s\u00eb mes mb\u00ebshte\u00ebtsve t\u00eb Berish\u00ebs dhe atyre t\u00eb Bash\u00ebs, i cili asokohe kishte me vete pjes\u00ebn d\u00ebrrmuese t\u00eb grupit parlamentar.<\/span><\/p>\n","protected":false,"gt_translate_keys":[{"key":"rendered","format":"html"}]},"excerpt":{"rendered":"<p>PD-ja po p\u00ebrpiqet \u201ct\u00eb josh\u00eb\u201d mb\u00ebshtet\u00ebsit e ish-kreut Lulzim Basha. P\u00ebrmes nj\u00eb l\u00ebvizjeje t\u00eb fundit q\u00eb mban firm\u00ebn e Sekretarit t\u00eb P\u00ebrgjithsh\u00ebm Noka, mb\u00ebshtet\u00ebsve t\u00eb Bash\u00ebs u hapet rruga p\u00ebr t\u2019u bashkuar me PD-n\u00eb. Sipas udh\u00ebtimit, nj\u00eb individ q\u00eb ka qen\u00eb an\u00ebtar kryesie n\u00eb deg\u00ebn e PD-s\u00eb n\u00eb koh\u00ebn kur ajo drejtohej nga Basha, do [&hellip;]<\/p>\n","protected":false,"gt_translate_keys":[{"key":"rendered","format":"html"}]},"author":51,"featured_media":696798,"comment_status":"closed","ping_status":"open","sticky":false,"template":"","format":"standard","meta":{"footnotes":""},"categories":[65],"tags":[],"class_list":["post-696797","post","type-post","status-publish","format-standard","has-post-thumbnail","hentry","category-lajme"],"gt_translate_keys":[{"key":"link","format":"url"}],"_links":{"self":[{"href":"https:\/\/www.hashtag.al\/index.php\/wp-json\/wp\/v2\/posts\/696797","targetHints":{"allow":["GET"]}}],"collection":[{"href":"https:\/\/www.hashtag.al\/index.php\/wp-json\/wp\/v2\/posts"}],"about":[{"href":"https:\/\/www.hashtag.al\/index.php\/wp-json\/wp\/v2\/types\/post"}],"author":[{"embeddable":true,"href":"https:\/\/www.hashtag.al\/index.php\/wp-json\/wp\/v2\/users\/51"}],"replies":[{"embeddable":true,"href":"https:\/\/www.hashtag.al\/index.php\/wp-json\/wp\/v2\/comments?post=696797"}],"version-history":[{"count":0,"href":"https:\/\/www.hashtag.al\/index.php\/wp-json\/wp\/v2\/posts\/696797\/revisions"}],"wp:featuredmedia":[{"embeddable":true,"href":"https:\/\/www.hashtag.al\/index.php\/wp-json\/wp\/v2\/media\/696798"}],"wp:attachment":[{"href":"https:\/\/www.hashtag.al\/index.php\/wp-json\/wp\/v2\/media?parent=696797"}],"wp:term":[{"taxonomy":"category","embeddable":true,"href":"https:\/\/www.hashtag.al\/index.php\/wp-json\/wp\/v2\/categories?post=696797"},{"taxonomy":"post_tag","embeddable":true,"href":"https:\/\/www.hashtag.al\/index.php\/wp-json\/wp\/v2\/tags?post=696797"}],"curies":[{"name":"wp","href":"https:\/\/api.w.org\/{rel}","templated":true}]}}