{"id":696749,"date":"2024-09-04T08:28:30","date_gmt":"2024-09-04T06:28:30","guid":{"rendered":"https:\/\/www.hashtag.al\/?p=696749"},"modified":"2024-09-04T08:28:30","modified_gmt":"2024-09-04T06:28:30","slug":"ka-perfituar-fonde-publike-pd-kerkon-heqjen-e-mandatit-te-deputetit-te-ps-se-vullnet-sinaj","status":"publish","type":"post","link":"https:\/\/www.hashtag.al\/index.php\/2024\/09\/04\/ka-perfituar-fonde-publike-pd-kerkon-heqjen-e-mandatit-te-deputetit-te-ps-se-vullnet-sinaj\/","title":{"rendered":"\u201cKa p\u00ebrfituar fonde publike\u201d &#8211; PD k\u00ebrkon heqjen e mandatit t\u00eb deputetit t\u00eb PS-s\u00eb Vullnet Sinaj","gt_translate_keys":[{"key":"rendered","format":"text"}]},"content":{"rendered":"<p><img loading=\"lazy\" decoding=\"async\" class=\"aligncenter size-full wp-image-696750\" src=\"https:\/\/www.hashtag.al\/wp-content\/uploads\/2024\/09\/sinaj.jpg\" alt=\"\" width=\"1079\" height=\"802\" srcset=\"https:\/\/www.hashtag.al\/wp-content\/uploads\/2024\/09\/sinaj.jpg 1079w, https:\/\/www.hashtag.al\/wp-content\/uploads\/2024\/09\/sinaj-300x223.jpg 300w, https:\/\/www.hashtag.al\/wp-content\/uploads\/2024\/09\/sinaj-1024x761.jpg 1024w, https:\/\/www.hashtag.al\/wp-content\/uploads\/2024\/09\/sinaj-768x571.jpg 768w\" sizes=\"auto, (max-width: 1079px) 100vw, 1079px\" \/><\/p>\n<p><span style=\"color: #000000;\">PD k\u00ebrkon heqjen e mandatit t\u00eb deputetit t\u00eb PS-s\u00eb Vullnet Sinaj, t\u00eb cilin e akuzon se ka p\u00ebrfituar fonde publike me bizneset e tij. K\u00ebshilli i Mandatave pritet t\u00eb mblidhet sot p\u00ebr t\u00eb shyrtuar k\u00ebt\u00eb k\u00ebrkes\u00eb.<\/span><\/p>\n<p><span style=\"color: #000000;\">Pas shqyrtimit t\u00eb sot\u00ebm n\u00eb K\u00ebshill, k\u00ebrkesa u kalon deputet\u00ebve p\u00ebr votim.<\/span><\/p>\n<p><span style=\"color: #000000;\">N\u00eb mocionin e deputet\u00ebve t\u00eb opozit\u00ebs thuhet se Sinaj ka shkelur Kushtetut\u00ebn, pasi ka p\u00ebrfituar fonde publike n\u00eb kund\u00ebrshtim me pik\u00ebn 3, t\u00eb nenit 70 t\u00eb Kushtetut\u00ebs, i cili ndalon deputetit q\u00eb t\u00eb p\u00ebrfitoj\u00eb pasuri publike.<\/span><\/p>\n<p><span style=\"color: #000000;\">M\u00eb her\u00ebt Sinaj i ka hedhur posht\u00eb akuzat e opozit\u00ebs se ka p\u00ebrfituar fonde publike, duke theksuar se ka hequr dor\u00eb nga administrimi i t\u00eb gjitha kompanive q\u00eb prej vitit 2017 kur vendosi t\u00eb hynte n\u00eb politik\u00eb.<\/span><\/p>\n<p><span style=\"color: #000000;\"><em>\u201cNuk kam p\u00ebrfituar nga buxheti i shtetit asnj\u00eb lek, as kur nuk kam qen\u00eb deputet, as kur jam zgjedhur deputet. P\u00ebr m\u00eb tep\u00ebr, dhuroj prej vitesh rrog\u00ebn mujore t\u00eb deputetit p\u00ebr t\u00eb ndihmuar njer\u00ebz n\u00eb nevoj\u00eb dhe as m\u00eb shkon mendja t\u00eb p\u00ebrfitoj financiarisht nga buxheti i shtetit\u201d<\/em>, shkruante Sinaj n\u00eb reagimin publik m\u00eb 7 gusht.<\/span><\/p>\n<p><span style=\"color: #000000;\">Vullnet Sinaj \u00ebsht\u00eb deputet i Vlor\u00ebs. N\u00eb Kongresin e PS-s\u00eb, kryeministri Rama e p\u00ebrmendi me em\u00ebr duke e vler\u00ebsuar si nj\u00eb nga deputet\u00ebt m\u00eb t\u00eb mir\u00eb q\u00eb \u201ckurr\u00eb nuk i ka r\u00ebn\u00eb telefonit tim p\u00ebr halle personale, vet\u00ebm p\u00ebr \u00e7\u00ebshtje pune n\u00eb sh\u00ebrbim t\u00eb qytetar\u00ebve\u201d. Komenti i gjat\u00eb i Ram\u00ebs e preku Sinajn q\u00eb u p\u00ebrlot.<\/span><\/p>\n<p>&nbsp;<\/p>\n","protected":false,"gt_translate_keys":[{"key":"rendered","format":"html"}]},"excerpt":{"rendered":"<p>PD k\u00ebrkon heqjen e mandatit t\u00eb deputetit t\u00eb PS-s\u00eb Vullnet Sinaj, t\u00eb cilin e akuzon se ka p\u00ebrfituar fonde publike me bizneset e tij. K\u00ebshilli i Mandatave pritet t\u00eb mblidhet sot p\u00ebr t\u00eb shyrtuar k\u00ebt\u00eb k\u00ebrkes\u00eb. Pas shqyrtimit t\u00eb sot\u00ebm n\u00eb K\u00ebshill, k\u00ebrkesa u kalon deputet\u00ebve p\u00ebr votim. N\u00eb mocionin e deputet\u00ebve t\u00eb opozit\u00ebs thuhet [&hellip;]<\/p>\n","protected":false,"gt_translate_keys":[{"key":"rendered","format":"html"}]},"author":51,"featured_media":696750,"comment_status":"closed","ping_status":"open","sticky":false,"template":"","format":"standard","meta":{"footnotes":""},"categories":[65],"tags":[],"class_list":["post-696749","post","type-post","status-publish","format-standard","has-post-thumbnail","hentry","category-lajme"],"gt_translate_keys":[{"key":"link","format":"url"}],"_links":{"self":[{"href":"https:\/\/www.hashtag.al\/index.php\/wp-json\/wp\/v2\/posts\/696749","targetHints":{"allow":["GET"]}}],"collection":[{"href":"https:\/\/www.hashtag.al\/index.php\/wp-json\/wp\/v2\/posts"}],"about":[{"href":"https:\/\/www.hashtag.al\/index.php\/wp-json\/wp\/v2\/types\/post"}],"author":[{"embeddable":true,"href":"https:\/\/www.hashtag.al\/index.php\/wp-json\/wp\/v2\/users\/51"}],"replies":[{"embeddable":true,"href":"https:\/\/www.hashtag.al\/index.php\/wp-json\/wp\/v2\/comments?post=696749"}],"version-history":[{"count":0,"href":"https:\/\/www.hashtag.al\/index.php\/wp-json\/wp\/v2\/posts\/696749\/revisions"}],"wp:featuredmedia":[{"embeddable":true,"href":"https:\/\/www.hashtag.al\/index.php\/wp-json\/wp\/v2\/media\/696750"}],"wp:attachment":[{"href":"https:\/\/www.hashtag.al\/index.php\/wp-json\/wp\/v2\/media?parent=696749"}],"wp:term":[{"taxonomy":"category","embeddable":true,"href":"https:\/\/www.hashtag.al\/index.php\/wp-json\/wp\/v2\/categories?post=696749"},{"taxonomy":"post_tag","embeddable":true,"href":"https:\/\/www.hashtag.al\/index.php\/wp-json\/wp\/v2\/tags?post=696749"}],"curies":[{"name":"wp","href":"https:\/\/api.w.org\/{rel}","templated":true}]}}