{"id":696605,"date":"2024-09-03T12:07:56","date_gmt":"2024-09-03T10:07:56","guid":{"rendered":"https:\/\/www.hashtag.al\/?p=696605"},"modified":"2024-09-03T12:10:32","modified_gmt":"2024-09-03T10:10:32","slug":"organizata-e-fshehte-e-lobimit-ne-be-qe-u-paguan-eurodeputeteve-qendrimin-ne-hotele-luksoze-ngre-dyshimeve-rreth-vendimeve-financiare-te-brukselit","status":"publish","type":"post","link":"https:\/\/www.hashtag.al\/index.php\/2024\/09\/03\/organizata-e-fshehte-e-lobimit-ne-be-qe-u-paguan-eurodeputeteve-qendrimin-ne-hotele-luksoze-ngre-dyshimeve-rreth-vendimeve-financiare-te-brukselit\/","title":{"rendered":"Organizata e fsheht\u00eb e lobimit n\u00eb BE ngre dyshime rreth vendimeve financiare t\u00eb Brukselit","gt_translate_keys":[{"key":"rendered","format":"text"}]},"content":{"rendered":"<p><img loading=\"lazy\" decoding=\"async\" class=\"aligncenter size-full wp-image-696606\" src=\"https:\/\/www.hashtag.al\/wp-content\/uploads\/2024\/09\/GettyImages-2153648664-ezgif.com-avif-to-jpg-converter.jpg\" alt=\"\" width=\"1024\" height=\"683\" srcset=\"https:\/\/www.hashtag.al\/wp-content\/uploads\/2024\/09\/GettyImages-2153648664-ezgif.com-avif-to-jpg-converter.jpg 1024w, https:\/\/www.hashtag.al\/wp-content\/uploads\/2024\/09\/GettyImages-2153648664-ezgif.com-avif-to-jpg-converter-300x200.jpg 300w, https:\/\/www.hashtag.al\/wp-content\/uploads\/2024\/09\/GettyImages-2153648664-ezgif.com-avif-to-jpg-converter-768x512.jpg 768w\" sizes=\"auto, (max-width: 1024px) 100vw, 1024px\" \/><\/p>\n<p><span style=\"color: #000000;\">Nj\u00eb organizat\u00eb e vet\u00ebquajtur \u201ce err\u00ebt\u201d, q\u00eb u ofron bizneseve qasje tek politikan\u00ebt dhe rregullator\u00ebt e BE-s\u00eb ka grumbulluar pothuajse 6 milion\u00eb euro tarifa nga industria e financave, ka zbuluar POLITICO, duke nxitur shqet\u00ebsimet p\u00ebr munges\u00ebn e transparenc\u00ebs dhe fitimit t\u00eb influenc\u00ebs p\u00ebrmes parave.<\/span><\/p>\n<p><span style=\"color: #000000;\">Shkalla e madhe e t\u00eb ardhurave t\u00eb \u201cEurofi\u201d tani e b\u00ebn at\u00eb nj\u00eb nga grupet m\u00eb t\u00eb m\u00ebdha q\u00eb lobojn\u00eb n\u00eb BE, pavar\u00ebsisht se ka vet\u00ebm tre punonj\u00ebs me koh\u00eb t\u00eb plot\u00eb dhe nuk ka llogari t\u00eb disponueshme publikisht.<\/span><\/p>\n<p><span style=\"color: #000000;\">Operacioni kryesor p\u00ebrfshin organizimin e nj\u00eb lobimi ekstravagant dy her\u00eb n\u00eb vit pas dyerve t\u00eb mbyllura n\u00eb prag t\u00eb takimeve t\u00eb ministrave t\u00eb Financave t\u00eb BE-s\u00eb ku marrin pjes\u00eb zyrtar\u00eb t\u00eb lart\u00eb evropian\u00eb, bankier\u00eb me pesh\u00eb dhe zyrtar\u00eb t\u00eb brendsh\u00ebm t\u00eb financave.<\/span><\/p>\n<p><span style=\"color: #000000;\">An\u00ebtar\u00eb t\u00eb r\u00ebnd\u00ebsish\u00ebm t\u00eb Parlamentit Evropian q\u00eb kan\u00eb role me ndikim n\u00eb legjislacionin financiar zbuluan se \u201cEurofi\u201d kishte paguar p\u00ebr q\u00ebndrimet e tyre n\u00eb hotelet luksoze dhe disa nga udh\u00ebtimet e tyre.<\/span><\/p>\n<p><span style=\"color: #000000;\">Organizata arriti nj\u00eb buxhet prej 5.7 milion\u00eb eurosh n\u00eb vitin 2023 p\u00ebrmes tarifave nga an\u00ebtar\u00ebt e saj, t\u00eb cil\u00ebt p\u00ebrfshijn\u00eb bankat m\u00eb t\u00eb m\u00ebdha, bursat dhe gjigant\u00ebt e teknologjis\u00eb, p\u00ebrfshir\u00eb BlackRock, Goldman Sachs dhe American Express, sipas zbulimeve t\u00eb transparenc\u00ebs n\u00eb muajin korrik, informacioni i par\u00eb i disponuesh\u00ebm publikisht mbi financat e saj prej vitesh.<\/span><\/p>\n<p><span style=\"color: #000000;\">Nd\u00ebrkoh\u00eb q\u00eb nuk b\u00ebhet fjal\u00eb p\u00ebr ndonj\u00eb krim, situata ngre shqet\u00ebsime p\u00ebr natyr\u00ebn e lobimit n\u00eb BE: kush po paguan dhe sa &#8211; dhe \u00e7far\u00eb lloj ndikimi po blejn\u00eb parat\u00eb e tyre? Ndikimi i sektorit financiar n\u00eb Bruksel ka qen\u00eb i duksh\u00ebm vitet e fundit, me futjen e rregullave m\u00eb t\u00eb lehta p\u00ebr bankat dhe kompanit\u00eb e sigurimit sesa k\u00ebrkonin rregullator\u00ebt dhe sukses t\u00eb duksh\u00ebm n\u00eb zbutjen e reformave q\u00eb mund t\u00eb d\u00ebmtojn\u00eb interesat e sektorit.<\/span><\/p>\n<p><span style=\"color: #000000;\"><em>&#8220;\u00cbsht\u00eb nj\u00eb nga grupet m\u00eb t\u00eb err\u00ebt q\u00eb mund t\u00eb mendoj,&#8221;<\/em> tha Kenneth Haar, studiues n\u00eb Observatorin e Evrop\u00ebs Korporative, nj\u00eb organizat\u00eb jofitimprur\u00ebse.<\/span><\/p>\n<p><span style=\"color: #000000;\"><em>&#8220;\u00cbsht\u00eb v\u00ebrtet e \u00e7uditshme t\u00eb kesh nj\u00eb buxhet kaq t\u00eb madh me vet\u00ebm pak njer\u00ebz.&#8221;<\/em><\/span><\/p>\n<p><img loading=\"lazy\" decoding=\"async\" class=\"aligncenter size-full wp-image-696607\" src=\"https:\/\/www.hashtag.al\/wp-content\/uploads\/2024\/09\/GettyImages-83653252-ezgif.com-avif-to-jpg-converter.jpg\" alt=\"\" width=\"1024\" height=\"698\" srcset=\"https:\/\/www.hashtag.al\/wp-content\/uploads\/2024\/09\/GettyImages-83653252-ezgif.com-avif-to-jpg-converter.jpg 1024w, https:\/\/www.hashtag.al\/wp-content\/uploads\/2024\/09\/GettyImages-83653252-ezgif.com-avif-to-jpg-converter-300x204.jpg 300w, https:\/\/www.hashtag.al\/wp-content\/uploads\/2024\/09\/GettyImages-83653252-ezgif.com-avif-to-jpg-converter-768x524.jpg 768w\" sizes=\"auto, (max-width: 1024px) 100vw, 1024px\" \/><\/p>\n<p><span style=\"color: #000000;\"><strong>Qasje te vendimmarr\u00ebsit<\/strong><\/span><\/p>\n<p><span style=\"color: #000000;\">Organizimi i \u201cEurofi\u201d \u00ebsht\u00eb ndryshe nga lobet e tjera t\u00eb m\u00ebdha n\u00eb Bruksel, t\u00eb cil\u00ebt i shp\u00ebrndajn\u00eb zyrat e tyre n\u00eb p\u00ebrpjekje p\u00ebr t\u00eb ndikuar politik\u00ebn dhe p\u00ebr t\u00eb fituar qasje n\u00eb veshin e eurokrat\u00ebve m\u00eb t\u00eb r\u00ebnd\u00ebsish\u00ebm. \u201cEurofi\u201d k\u00ebmb\u00ebngul se nuk p\u00ebrfaq\u00ebson interesat e industris\u00eb financiare dhe thjesht ofron nj\u00eb platform\u00eb p\u00ebr diskutim.<\/span><\/p>\n<p><span style=\"color: #000000;\">Por pesha e saj financiare tani e rendit at\u00eb n\u00eb mesin e organizatave m\u00eb t\u00eb m\u00ebdha lobuese n\u00eb Bruksel, menj\u00ebher\u00eb pas gjigant\u00ebve t\u00eb teknologjis\u00eb si Google dhe Apple, t\u00eb cil\u00ebt kan\u00eb investuar burime t\u00eb m\u00ebdha p\u00ebr t\u00eb ndikuar n\u00eb makinerin\u00eb e Brukselit. Ajo ka nj\u00eb an\u00ebtar\u00ebsim prej m\u00eb shum\u00eb se 100 lojtar\u00ebsh financiar\u00eb dhe buxheti i saj \u00ebsht\u00eb rritur me pothuajse 50 p\u00ebr qind q\u00eb nga shifra e fundit e disponueshme prej 3.9 milion\u00eb eurosh p\u00ebr vitin 2020, duke e b\u00ebr\u00eb \u201cInsurance Europe\u201d grupin e vet\u00ebm lobues m\u00eb t\u00eb madh p\u00ebr industrin\u00eb financiare.<\/span><\/p>\n<p><span style=\"color: #000000;\">Kjo do t\u00eb thot\u00eb se ka m\u00eb shum\u00eb burime sesa lobet kryesore bankare, lobi i fuqish\u00ebm i industris\u00eb farmaceutike (Federata Evropiane e Industrive dhe Shoqatave Farmaceutike) dhe grupi i biznesit BusinessEurope.<\/span><\/p>\n<p><span style=\"color: #000000;\"><em>&#8220;Ka qasje shum\u00eb t\u00eb leht\u00eb te n\u00ebpun\u00ebsit civil\u00eb dhe vendimmarr\u00ebsit dhe kur ata t\u00eb rrisin buxhetin e tyre, ata thjesht do t\u00eb ken\u00eb edhe m\u00eb shum\u00eb qasje,&#8221;<\/em> tha Haar.<\/span><\/p>\n<p><span style=\"color: #000000;\">Axhenda p\u00ebr ndryshimin e saj n\u00eb Budapest n\u00eb shtator, e par\u00eb nga POLITICO, tregon se kush \u00ebsht\u00eb n\u00eb krye t\u00eb rregullimit financiar dhe p\u00ebrfshin guvernatorin e Bank\u00ebs Qendrore Franceze Fran\u00e7ois Villeroy de Galhau, Presidenten e Bank\u00ebs Evropiane t\u00eb Investimeve Nadia Calvino dhe Z\u00ebvend\u00ebs Presidentin e Komisionit Evropian Valdis Dombrovskis. Pritet q\u00eb t\u00eb marrin pjes\u00eb qindra p\u00ebrfaq\u00ebsues t\u00eb industris\u00eb.<\/span><\/p>\n<p><span style=\"color: #000000;\">Nj\u00eb num\u00ebr lobist\u00ebsh financash i kan\u00eb th\u00ebn\u00eb POLITICO-s se kan\u00eb shqet\u00ebsime rreth \u201cEurofi\u201d-t p\u00ebr shkak t\u00eb kostove t\u00eb tij mbres\u00ebl\u00ebn\u00ebse dhe organizimit privat, por mendojn\u00eb se do humbisnin n\u00ebse nuk do t\u00eb merrnin pjes\u00eb n\u00eb konferencat e tij.<\/span><\/p>\n<p><img loading=\"lazy\" decoding=\"async\" class=\"aligncenter size-full wp-image-696608\" src=\"https:\/\/www.hashtag.al\/wp-content\/uploads\/2024\/09\/GettyImages-1229664038-ezgif.com-avif-to-jpg-converter.jpg\" alt=\"\" width=\"1024\" height=\"614\" srcset=\"https:\/\/www.hashtag.al\/wp-content\/uploads\/2024\/09\/GettyImages-1229664038-ezgif.com-avif-to-jpg-converter.jpg 1024w, https:\/\/www.hashtag.al\/wp-content\/uploads\/2024\/09\/GettyImages-1229664038-ezgif.com-avif-to-jpg-converter-300x180.jpg 300w, https:\/\/www.hashtag.al\/wp-content\/uploads\/2024\/09\/GettyImages-1229664038-ezgif.com-avif-to-jpg-converter-768x461.jpg 768w\" sizes=\"auto, (max-width: 1024px) 100vw, 1024px\" \/><\/p>\n<p><span style=\"color: #000000;\"><strong>\u201cNuk lobojm\u00eb\u201d<\/strong><\/span><\/p>\n<p><span style=\"color: #000000;\">POLITICO b\u00ebri p\u00ebrpjekje t\u00eb p\u00ebrs\u00ebritura p\u00ebr t\u00eb kontaktuar \u201cEurofi\u201d-n n\u00eb m\u00ebnyr\u00eb q\u00eb ajo t\u00eb mund t&#8217;u p\u00ebrgjigjej pyetjeve t\u00eb ngritura n\u00eb shkrim, duke p\u00ebrfshir\u00eb munges\u00ebn e transparenc\u00ebs.<\/span><\/p>\n<p><span style=\"color: #000000;\">Disa emaile n\u00eb nj\u00eb adres\u00eb n\u00eb faqen e internetit t\u00eb grupit mbet\u00ebn pa p\u00ebrgjigje. Jean-Marie Andres, bashk\u00ebpun\u00ebtor i lart\u00eb i \u201cEurofi\u201d, i cili iu p\u00ebrgjigj nj\u00eb telefonate n\u00eb nj\u00eb num\u00ebr t\u00eb sh\u00ebnuar n\u00eb regjistrin e transparenc\u00ebs, fillimisht iu p\u00ebrgjigj pyetjeve, por m\u00eb pas d\u00ebrgoi nj\u00eb email p\u00ebr t\u00eb th\u00ebn\u00eb se nuk ishte i autorizuar t\u00eb fliste me gazetar\u00ebt.<\/span><\/p>\n<p><span style=\"color: #000000;\">Thelbi i asaj q\u00eb ai tha ishte se Eurofi nuk duhet par\u00eb si lobist por si organizator i diskutimeve. Buxheti i tij m\u00eb i madh pasqyron inflacionin dhe nevoj\u00ebn p\u00ebr t\u00eb pun\u00ebsuar vende m\u00eb t\u00eb m\u00ebdha.<\/span><\/p>\n<p><span style=\"color: #000000;\">N\u00eb zbulimin e tij publik, Eurofi k\u00ebmb\u00ebngul se &#8220;nuk p\u00ebrfaq\u00ebson interesa tregtare&#8221; dhe vepron &#8220;n\u00eb nj\u00eb perspektiv\u00eb t\u00eb interesit t\u00eb p\u00ebrgjithsh\u00ebm p\u00ebr p\u00ebrmir\u00ebsimin e tregut t\u00eb p\u00ebrgjithsh\u00ebm financiar&#8221;.<\/span><\/p>\n<p><span style=\"color: #000000;\">Aktivist\u00ebt e transparenc\u00ebs thon\u00eb se kjo \u00ebsht\u00eb n\u00eb kund\u00ebrshtim me faktin se financohet nga firma t\u00eb m\u00ebdha financiare si Amazon \u00cbeb Services dhe J.P. Morgan, t\u00eb cilat paguajn\u00eb Eurofi-n p\u00ebr privilegjin e t\u00eb qenit n\u00eb gjendje t\u00eb z\u00ebn\u00eb ngusht\u00eb rregullator\u00ebt n\u00eb konferencat e saj.<\/span><\/p>\n<p><span style=\"color: #000000;\">Eurofi ngarkon an\u00ebtar\u00ebt e industris\u00eb me tarifa prej 50,000 eurosh, thon\u00eb persona t\u00eb brendsh\u00ebm financiar\u00eb. Nj\u00eb tavolin\u00eb n\u00eb dark\u00ebn gala, nj\u00eb dhom\u00eb p\u00ebr takime ose nj\u00eb vend p\u00ebr nj\u00eb p\u00ebrfaq\u00ebsues t\u00eb kompanive n\u00eb panel, t\u00eb gjitha k\u00ebrkojn\u00eb tarifa shtes\u00eb.<\/span><\/p>\n<p><img loading=\"lazy\" decoding=\"async\" class=\"aligncenter size-full wp-image-696609\" src=\"https:\/\/www.hashtag.al\/wp-content\/uploads\/2024\/09\/GettyImages-1141448650-ezgif.com-avif-to-jpg-converter.jpg\" alt=\"\" width=\"1024\" height=\"682\" srcset=\"https:\/\/www.hashtag.al\/wp-content\/uploads\/2024\/09\/GettyImages-1141448650-ezgif.com-avif-to-jpg-converter.jpg 1024w, https:\/\/www.hashtag.al\/wp-content\/uploads\/2024\/09\/GettyImages-1141448650-ezgif.com-avif-to-jpg-converter-300x200.jpg 300w, https:\/\/www.hashtag.al\/wp-content\/uploads\/2024\/09\/GettyImages-1141448650-ezgif.com-avif-to-jpg-converter-768x512.jpg 768w\" sizes=\"auto, (max-width: 1024px) 100vw, 1024px\" \/><\/p>\n<p><span style=\"color: #000000;\"><strong>Joshje zyrtare<\/strong><\/span><\/p>\n<p><span style=\"color: #000000;\">\u201cEurofi\u201d jep besueshm\u00ebri nga historiku i saj. Ajo u themelua\u00a0 nga ish-Guvernatori i Bank\u00ebs Qendrore franceze Zhak de Larosier dhe n\u00ebp\u00ebrmjet lidhjeve t\u00eb saj me presidenc\u00ebn e K\u00ebshillit t\u00eb BE-s\u00eb, q\u00eb rrotullohet mess vendeve \u00e7do gjasht\u00eb muaj.<\/span><\/p>\n<p><span style=\"color: #000000;\">Ai drejtohet nga David Wright, nj\u00eb ish-zyrtar britanik i BE-s\u00eb dhe drejtohet \u00e7do dit\u00eb nga francezi Didier Cahen.<\/span><\/p>\n<p><span style=\"color: #000000;\">Konferencat zhvillohen n\u00eb dit\u00ebt p\u00ebrpara nj\u00eb takimi t\u00eb ministrave t\u00eb Financave n\u00eb vendin p\u00ebrkat\u00ebs, q\u00eb do t\u00eb thot\u00eb se zyrtar\u00ebt e lart\u00eb jan\u00eb tashm\u00eb n\u00eb qytet.<\/span><\/p>\n<p><span style=\"color: #000000;\">Lobist\u00ebt, rregullator\u00ebt, zyrtar\u00ebt dhe diplomat\u00ebt t\u00eb gjith\u00eb thon\u00eb se konferenca aktuale \u00ebsht\u00eb nj\u00eb shfaqje e m\u00ebrzitshme, e mbushur me panele vet\u00ebm p\u00ebr meshkuj dhe debate t\u00eb kontrolluara, krahasuar me lobimin rreth saj q\u00eb zhvillohet n\u00eb takime rast\u00ebsore n\u00eb kafene.<\/span><\/p>\n<p><span style=\"color: #000000;\">Konferenca zhvillohet t\u00ebr\u00ebsisht pas dyerve t\u00eb mbyllura. Gazetar\u00ebt jan\u00eb t\u00eb ndaluar t\u00eb marrin pjes\u00eb dhe POLITICO u d\u00ebbua nga zona e hollit t\u00eb hotelit q\u00eb priti konferenc\u00ebn e vjesht\u00ebs s\u00eb kaluar n\u00eb Santiago de Compostela, Spanj\u00eb.<\/span><\/p>\n<p><span style=\"color: #000000;\">Pavar\u00ebsisht kritikave p\u00ebr kostot dhe munges\u00ebs s\u00eb transparenc\u00ebs, zyrtar\u00ebt e BE-s\u00eb vazhdojn\u00eb t\u00eb marrin pjes\u00eb n\u00eb t\u00eb.<\/span><\/p>\n<p><span style=\"color: #000000;\">\u201cEurofi\u201d ka mbuluar kostot e pjes\u00ebmarrjes s\u00eb politikan\u00ebve q\u00eb kan\u00eb udh\u00ebhequr rishkrimet e rregullave financiare, sipas dosjeve publike.<\/span><\/p>\n<p><span style=\"color: #000000;\">Ligjv\u00ebn\u00ebsi gjerman Markus Ferber, eurodeputetja franceze St\u00e9phanie Yon-Courtin, ligjv\u00ebn\u00ebsi holandez Paul Tang dhe eurodeputeti spanjoll Jon\u00e1s Fern\u00e1ndez t\u00eb gjith\u00eb kan\u00eb zbuluar se \u201cEurofi\u201d ka paguar p\u00ebr q\u00ebndrimin n\u00eb otele p\u00ebrrallore dhe disa nga udh\u00ebtimet e tyre p\u00ebr t\u00eb marr\u00eb pjes\u00eb n\u00eb takime midis vitit 2021 dhe 2023.<\/span><\/p>\n<p><span style=\"color: #000000;\"><span style=\"color: #ff0000;\"><strong>VINI RE<\/strong><\/span>: Ky material \u00ebsht\u00eb pron\u00ebsi intelektuale e <span style=\"color: #0000ff;\"><a style=\"color: #0000ff;\" href=\"https:\/\/www.politico.eu\/article\/secretive-eu-lobby-group-pay-lawmaker-stay-fancy-hotel-eurofi\/\">Politico<\/a><\/span><\/span><\/p>\n<p><span style=\"color: #000000;\">P\u00ebrgatiti p\u00ebr <span style=\"color: #0000ff;\">Hashtag.al,<\/span> Klodian Manjani<\/span><\/p>\n","protected":false,"gt_translate_keys":[{"key":"rendered","format":"html"}]},"excerpt":{"rendered":"<p>Nj\u00eb organizat\u00eb e vet\u00ebquajtur \u201ce err\u00ebt\u201d, q\u00eb u ofron bizneseve qasje tek politikan\u00ebt dhe rregullator\u00ebt e BE-s\u00eb ka grumbulluar pothuajse 6 milion\u00eb euro tarifa nga industria e financave, ka zbuluar POLITICO, duke nxitur shqet\u00ebsimet p\u00ebr munges\u00ebn e transparenc\u00ebs dhe fitimit t\u00eb influenc\u00ebs p\u00ebrmes parave. Shkalla e madhe e t\u00eb ardhurave t\u00eb \u201cEurofi\u201d tani e b\u00ebn [&hellip;]<\/p>\n","protected":false,"gt_translate_keys":[{"key":"rendered","format":"html"}]},"author":51,"featured_media":696609,"comment_status":"closed","ping_status":"open","sticky":false,"template":"","format":"standard","meta":{"footnotes":""},"categories":[22],"tags":[],"class_list":["post-696605","post","type-post","status-publish","format-standard","has-post-thumbnail","hentry","category-ballina"],"gt_translate_keys":[{"key":"link","format":"url"}],"_links":{"self":[{"href":"https:\/\/www.hashtag.al\/index.php\/wp-json\/wp\/v2\/posts\/696605","targetHints":{"allow":["GET"]}}],"collection":[{"href":"https:\/\/www.hashtag.al\/index.php\/wp-json\/wp\/v2\/posts"}],"about":[{"href":"https:\/\/www.hashtag.al\/index.php\/wp-json\/wp\/v2\/types\/post"}],"author":[{"embeddable":true,"href":"https:\/\/www.hashtag.al\/index.php\/wp-json\/wp\/v2\/users\/51"}],"replies":[{"embeddable":true,"href":"https:\/\/www.hashtag.al\/index.php\/wp-json\/wp\/v2\/comments?post=696605"}],"version-history":[{"count":0,"href":"https:\/\/www.hashtag.al\/index.php\/wp-json\/wp\/v2\/posts\/696605\/revisions"}],"wp:featuredmedia":[{"embeddable":true,"href":"https:\/\/www.hashtag.al\/index.php\/wp-json\/wp\/v2\/media\/696609"}],"wp:attachment":[{"href":"https:\/\/www.hashtag.al\/index.php\/wp-json\/wp\/v2\/media?parent=696605"}],"wp:term":[{"taxonomy":"category","embeddable":true,"href":"https:\/\/www.hashtag.al\/index.php\/wp-json\/wp\/v2\/categories?post=696605"},{"taxonomy":"post_tag","embeddable":true,"href":"https:\/\/www.hashtag.al\/index.php\/wp-json\/wp\/v2\/tags?post=696605"}],"curies":[{"name":"wp","href":"https:\/\/api.w.org\/{rel}","templated":true}]}}