{"id":696207,"date":"2024-08-31T19:10:10","date_gmt":"2024-08-31T17:10:10","guid":{"rendered":"https:\/\/www.hashtag.al\/?p=696207"},"modified":"2024-08-31T19:10:10","modified_gmt":"2024-08-31T17:10:10","slug":"kfor-dhe-lista-serbe-bisedojne-per-zhvillimet-e-fundit-te-sigurise","status":"publish","type":"post","link":"https:\/\/www.hashtag.al\/index.php\/2024\/08\/31\/kfor-dhe-lista-serbe-bisedojne-per-zhvillimet-e-fundit-te-sigurise\/","title":{"rendered":"KFOR dhe Lista Serbe bisedojn\u00eb p\u00ebr zhvillimet e fundit t\u00eb siguris\u00eb","gt_translate_keys":[{"key":"rendered","format":"text"}]},"content":{"rendered":"<p style=\"text-align: left;\"><span style=\"color: #000000;\"><img loading=\"lazy\" decoding=\"async\" class=\" wp-image-696208 aligncenter\" src=\"https:\/\/www.hashtag.al\/wp-content\/uploads\/2024\/08\/Screenshot-2024-08-31-180744-300x178.png\" alt=\"\" width=\"689\" height=\"409\" srcset=\"https:\/\/www.hashtag.al\/wp-content\/uploads\/2024\/08\/Screenshot-2024-08-31-180744-300x178.png 300w, https:\/\/www.hashtag.al\/wp-content\/uploads\/2024\/08\/Screenshot-2024-08-31-180744.png 734w\" sizes=\"auto, (max-width: 689px) 100vw, 689px\" \/><\/span><\/p>\n<p style=\"text-align: left;\"><span style=\"color: #000000;\">Z\u00ebvend\u00ebskomandanti i misionit paqeruajt\u00ebs i NATO-s n\u00eb Kosov\u00eb, KFOR, Federico Bernacca, \u00ebsht\u00eb takuar me nj\u00eb delegacion t\u00eb List\u00ebs Serbe, me t\u00eb cil\u00ebt ka biseduar p\u00ebr zhvillimet e fundit t\u00eb siguris\u00eb n\u00eb Kosov\u00eb.<\/span><\/p>\n<p style=\"text-align: left;\"><span style=\"color: #000000;\">Sipas nj\u00eb njoftimi p\u00ebr media, takimi u mbajt n\u00eb selin\u00eb e KFOR-it n\u00eb Prishtin\u00eb dhe n\u00eb krye t\u00eb delegacionit t\u00eb List\u00ebs Serbe, ishte kryetari i k\u00ebsaj partie, Zllatan Ellek.<\/span><\/p>\n<p style=\"text-align: left;\"><span style=\"color: #000000;\">\u201cAta [Lista Serbe] ndane q\u00ebndrimet e tyre p\u00ebr zhvillimet e fundit t\u00eb siguris\u00eb, p\u00ebrfshir\u00eb n\u00eb veri t\u00eb Kosov\u00ebs. Gjenerali Bernacca i d\u00ebgjoi shqet\u00ebsimet e shprehura nga delegacioni. Ai theksoi se KFOR-i ka nj\u00eb prani t\u00eb dukshme dhe fleksibile n\u00eb mbar\u00eb Kosov\u00ebn dhe \u00ebsht\u00eb i p\u00ebrgatitur mir\u00eb ndaj \u00e7do zhvillimi t\u00eb r\u00ebnd\u00ebsish\u00ebm t\u00eb siguris\u00eb\u201d, u tha n\u00eb njoftimin e KFOR-it.<\/span><\/p>\n<p style=\"text-align: left;\"><span style=\"color: #000000;\">Z\u00ebvend\u00ebskomandanti i KFOR-it, sipas njoftimit, tha se ky mision \u00ebsht\u00eb i p\u00ebrkushtuar q\u00eb t\u00eb kontribuoj\u00eb n\u00eb sigurin\u00eb dhe stabilitetin p\u00ebr t\u00eb gjith\u00eb personat q\u00eb jetojn\u00eb n\u00eb Kosov\u00eb, sipas mandatit q\u00eb derivon nga Kombet e Bashkuara.<\/span><\/p>\n<p style=\"text-align: left;\"><span style=\"color: #000000;\">\u201cN\u00eb k\u00ebt\u00eb drejtim, KFOR vazhdon t\u00eb mb\u00ebshtes\u00eb dialogun mes Prishtin\u00ebs dhe Beogradit q\u00eb leht\u00ebsohet nga BE-ja\u201d, u tha n\u00eb njoftim.<\/span><\/p>\n<div style=\"text-align: left;\"><\/div>\n<p style=\"text-align: left;\"><span style=\"color: #000000;\">Ky takim i delegacionit t\u00eb List\u00ebs Serbe, partis\u00eb m\u00eb t\u00eb madhe t\u00eb serb\u00ebve n\u00eb Kosov\u00eb q\u00eb g\u00ebzon mb\u00ebshtetjen e Beogradit, vjen nj\u00eb dit\u00eb pasi autoritetet n\u00eb Kosov\u00eb mbyll\u00ebn pes\u00eb institucione paralele n\u00eb veri t\u00eb Kosov\u00ebs.<\/span><\/p>\n<p style=\"text-align: left;\"><span style=\"color: #000000;\">Nga Qeveria e Kosov\u00ebs deklaruan se institucionet paralele serbe kan\u00eb funksionuar n\u00ebn udh\u00ebheqjen e Serbis\u00eb, duke e &#8220;cenuar kushtetutshm\u00ebrin\u00eb dhe ligjet e Republik\u00ebs s\u00eb Kosov\u00ebs\u201d.<\/span><\/p>\n<p style=\"text-align: left;\"><span style=\"color: #000000;\">Po m\u00eb 30 gusht, kreu i List\u00ebs Serbe, Zllatan Ellek, n\u00eb nj\u00eb konferenc\u00eb p\u00ebr media tha se me k\u00ebto veprime \u201cu pa qart\u00eb se kryeministri i Kosov\u00ebs, Albin Kurti i do serb\u00ebt n\u00eb Kosov\u00eb. Kjo \u00ebsht\u00eb nj\u00eb p\u00ebrpjekje tjet\u00ebr p\u00ebr spastrimin etnik t\u00eb serb\u00ebve nga Kosova, e para s\u00eb gjithash nga veriu&#8221;.<\/span><\/p>\n<p style=\"text-align: left;\"><span style=\"color: #000000;\">&#8220;Me k\u00ebt\u00eb veprim sot, Kurti tregoi se nuk i do institucionet e Republik\u00ebs s\u00eb Serbis\u00eb, nuk e do Asociacionin e komunave me shumic\u00eb serbe dhe as serb\u00ebt n\u00eb Kosov\u00eb, e sidomos n\u00eb veri&#8221;, tha ai.<\/span><\/p>\n<p style=\"text-align: left;\"><span style=\"color: #000000;\">Aksioni i kryer nga Policia e Kosov\u00ebs \u00ebsht\u00eb kritikuar nga Shtetet e Bashkuara, Bashkimi Evropian, Franca, Gjermania dhe Mbret\u00ebria e Bashkuar, q\u00eb e kan\u00eb cil\u00ebsuar si veprim t\u00eb nj\u00ebansh\u00ebm dhe t\u00eb pakoordinuar.<\/span><\/p>\n<p style=\"text-align: left;\"><span style=\"color: #000000;\">Ambasada amerikane n\u00eb Prishtin\u00eb tha se veprimet e vazhdueshme t\u00eb pakoordinuara t\u00eb Kosov\u00ebs pasqyrojn\u00eb p\u00ebrkeq\u00ebsimin e partneritetit mes Uashingtonit dhe Prishtin\u00ebs.<\/span><\/p>\n<p style=\"text-align: left;\"><span style=\"color: #000000;\">KFOR-i, q\u00eb \u00ebsht\u00eb reaguesi i tret\u00eb i siguris\u00eb n\u00eb Kosov\u00eb, pas Policis\u00eb s\u00eb Kosov\u00ebs dhe Misionit t\u00eb BE-s\u00eb p\u00ebr Sundim t\u00eb Ligjit (EULEX), m\u00eb her\u00ebt gjat\u00eb t\u00eb shtun\u00ebs rriti pranin\u00eb mbi ur\u00ebn kryesore n\u00eb Mitrovic\u00eb.<\/span><\/p>\n<div style=\"text-align: left;\" data-owner-ct=\"News\" data-inline=\"False\"><\/div>\n<p style=\"text-align: left;\"><span style=\"color: #000000;\">Nga KFOR-i than\u00eb se kjo ishte nj\u00eb \u201coperacion rutinor\u201d, dhe m\u00eb pas prania mbi ur\u00eb u reduktua.<span style=\"color: #0000ff;\"><strong><a style=\"color: #0000ff;\" href=\"https:\/\/www.evropaelire.org\/a\/kfor-lista-serbe-siguria-bisedime-\/33100910.html\">\/REL<\/a><\/strong><\/span><\/span><\/p>\n","protected":false,"gt_translate_keys":[{"key":"rendered","format":"html"}]},"excerpt":{"rendered":"<p>Z\u00ebvend\u00ebskomandanti i misionit paqeruajt\u00ebs i NATO-s n\u00eb Kosov\u00eb, KFOR, Federico Bernacca, \u00ebsht\u00eb takuar me nj\u00eb delegacion t\u00eb List\u00ebs Serbe, me t\u00eb cil\u00ebt ka biseduar p\u00ebr zhvillimet e fundit t\u00eb siguris\u00eb n\u00eb Kosov\u00eb. Sipas nj\u00eb njoftimi p\u00ebr media, takimi u mbajt n\u00eb selin\u00eb e KFOR-it n\u00eb Prishtin\u00eb dhe n\u00eb krye t\u00eb delegacionit t\u00eb List\u00ebs Serbe, ishte [&hellip;]<\/p>\n","protected":false,"gt_translate_keys":[{"key":"rendered","format":"html"}]},"author":49,"featured_media":696208,"comment_status":"closed","ping_status":"open","sticky":false,"template":"","format":"standard","meta":{"footnotes":""},"categories":[149],"tags":[],"class_list":["post-696207","post","type-post","status-publish","format-standard","has-post-thumbnail","hentry","category-kosoverajon"],"gt_translate_keys":[{"key":"link","format":"url"}],"_links":{"self":[{"href":"https:\/\/www.hashtag.al\/index.php\/wp-json\/wp\/v2\/posts\/696207","targetHints":{"allow":["GET"]}}],"collection":[{"href":"https:\/\/www.hashtag.al\/index.php\/wp-json\/wp\/v2\/posts"}],"about":[{"href":"https:\/\/www.hashtag.al\/index.php\/wp-json\/wp\/v2\/types\/post"}],"author":[{"embeddable":true,"href":"https:\/\/www.hashtag.al\/index.php\/wp-json\/wp\/v2\/users\/49"}],"replies":[{"embeddable":true,"href":"https:\/\/www.hashtag.al\/index.php\/wp-json\/wp\/v2\/comments?post=696207"}],"version-history":[{"count":0,"href":"https:\/\/www.hashtag.al\/index.php\/wp-json\/wp\/v2\/posts\/696207\/revisions"}],"wp:featuredmedia":[{"embeddable":true,"href":"https:\/\/www.hashtag.al\/index.php\/wp-json\/wp\/v2\/media\/696208"}],"wp:attachment":[{"href":"https:\/\/www.hashtag.al\/index.php\/wp-json\/wp\/v2\/media?parent=696207"}],"wp:term":[{"taxonomy":"category","embeddable":true,"href":"https:\/\/www.hashtag.al\/index.php\/wp-json\/wp\/v2\/categories?post=696207"},{"taxonomy":"post_tag","embeddable":true,"href":"https:\/\/www.hashtag.al\/index.php\/wp-json\/wp\/v2\/tags?post=696207"}],"curies":[{"name":"wp","href":"https:\/\/api.w.org\/{rel}","templated":true}]}}