{"id":696170,"date":"2024-08-31T12:28:33","date_gmt":"2024-08-31T10:28:33","guid":{"rendered":"https:\/\/www.hashtag.al\/?p=696170"},"modified":"2024-08-31T12:28:33","modified_gmt":"2024-08-31T10:28:33","slug":"marreveshja-per-emigrantet-rama-nuk-refuzojme-dot-as-melonin-dhe-as-italine-per-shkak-te-historise","status":"publish","type":"post","link":"https:\/\/www.hashtag.al\/index.php\/2024\/08\/31\/marreveshja-per-emigrantet-rama-nuk-refuzojme-dot-as-melonin-dhe-as-italine-per-shkak-te-historise\/","title":{"rendered":"Marr\u00ebveshja p\u00ebr emigrant\u00ebt\/ Rama: Nuk refuzojm\u00eb dot as Melonin dhe as Italin\u00eb p\u00ebr shkak t\u00eb historis\u00eb","gt_translate_keys":[{"key":"rendered","format":"text"}]},"content":{"rendered":"<p><span style=\"color: #000000;\"><a href=\"https:\/\/www.hashtag.al\/wp-content\/uploads\/2024\/08\/Screenshot-2024-08-31-122335.png\"><img loading=\"lazy\" decoding=\"async\" class=\"aligncenter size-full wp-image-696171\" src=\"https:\/\/www.hashtag.al\/wp-content\/uploads\/2024\/08\/Screenshot-2024-08-31-122335.png\" alt=\"\" width=\"790\" height=\"318\" srcset=\"https:\/\/www.hashtag.al\/wp-content\/uploads\/2024\/08\/Screenshot-2024-08-31-122335.png 790w, https:\/\/www.hashtag.al\/wp-content\/uploads\/2024\/08\/Screenshot-2024-08-31-122335-300x121.png 300w, https:\/\/www.hashtag.al\/wp-content\/uploads\/2024\/08\/Screenshot-2024-08-31-122335-768x309.png 768w\" sizes=\"auto, (max-width: 790px) 100vw, 790px\" \/><\/a><\/span><\/p>\n<p><span style=\"color: #000000;\">Kryeministri Edi Rama gjat\u00eb forumit p\u00ebr sigurin\u00eb n\u00eb Prag\u00eb \u00ebsht\u00eb pyetur edhe n\u00eb lidhje me marr\u00ebveshjen e n\u00ebnshkruar me Italin\u00eb p\u00ebr emigrant\u00ebt t\u00eb cil\u00ebt do t\u00eb vijn\u00eb n\u00eb Shqip\u00ebri.<\/span><\/p>\n<p><span style=\"color: #000000;\">Rama u shpreh se fillimisht marr\u00ebveshja \u00ebsht\u00eb firmosur sepse nuk i thuhet dot jo Italis\u00eb dhe m\u00eb tej edhe Melonit, ai u shpreh se historia e ka treguar se Italia ka qen\u00eb pran\u00eb Shqip\u00ebris\u00eb n\u00eb situata t\u00eb v\u00ebshtira.<\/span><\/p>\n<p><span style=\"color: #000000;\">M\u00eb tej ai u shpreh se edhe pse po mbahemi peng p\u00ebr tu b\u00ebre pjes\u00eb e familjes s\u00eb madhe s\u00eb BE, ne duhet t\u00eb sillemi si vend i saj.<\/span><\/p>\n<p>&nbsp;<\/p>\n<p><span style=\"color: #000000;\">Rama:<\/span><\/p>\n<p><span style=\"color: #000000;\"><em>\u201dMarr\u00ebveshja u n\u00ebnshkrua sepse fillimisht sepse nuk i themi dot jo Italis\u00eb, sidomos Melonit\u2019<\/em><\/span><\/p>\n<p><span style=\"color: #000000;\"><em>Ne si themi dot jo Italis\u00eb p\u00ebr shkak t\u00eb historis\u00eb, p\u00ebr shkak se sa e pranishme ka qen\u00eb pran\u00eb nesh n\u00eb situata t\u00eb v\u00ebshtira.<\/em><\/span><\/p>\n<p><span style=\"color: #000000;\"><em>Ne duhet t\u00eb sillemi si europian, edhe pse po na vonojn\u00eb lejen p\u00ebr t\u00eb qen\u00eb pjes\u00eb e familjes s\u00eb madhe t\u00eb BE.<\/em><\/span><\/p>\n<p><span style=\"color: #000000;\"><em>Emigracioni \u00ebsht\u00eb kthyer n\u00eb nj\u00eb luft\u00eb kulturash, \u00e7ka do t\u00eb thot\u00eb se ky \u00ebsht\u00eb nj\u00eb d\u00ebm i madh.<\/em><\/span><\/p>\n<p><span style=\"color: #000000;\"><em>Shqip\u00ebria nuk ka pasur kurr\u00eb probleme lidhur me besimin, dhe nuk do t\u00eb ket\u00eb kurr\u00eb sepse n\u00eb e respektojm\u00eb nj\u00ebri-tjetrin.<\/em><\/span><\/p>\n<p><span style=\"color: #000000;\"><em>N\u00eb fakt kjo nuk ka t\u00eb b\u00ebj\u00eb me kultur\u00ebn por me konceptin e territorit dhe t\u00eb zgjedhurin se duhet t\u00eb garanojn\u00eb sigurin\u00eb, dhe jasht\u00eb do dalin ata q\u00eb ti sheh pra se \u00ebsht\u00eb e nevojshme.<\/em><\/span><\/p>\n<p><span style=\"color: #000000;\"><em>Por kur vjen nj\u00eb, vjen edhe nj\u00eb tjet\u00ebr, at\u00ebher b\u00ebhet m\u00eb e v\u00ebshtir\u00eb\u201d,<\/em> tha Rama.<\/span><\/p>\n","protected":false,"gt_translate_keys":[{"key":"rendered","format":"html"}]},"excerpt":{"rendered":"<p>Kryeministri Edi Rama gjat\u00eb forumit p\u00ebr sigurin\u00eb n\u00eb Prag\u00eb \u00ebsht\u00eb pyetur edhe n\u00eb lidhje me marr\u00ebveshjen e n\u00ebnshkruar me Italin\u00eb p\u00ebr emigrant\u00ebt t\u00eb cil\u00ebt do t\u00eb vijn\u00eb n\u00eb Shqip\u00ebri. Rama u shpreh se fillimisht marr\u00ebveshja \u00ebsht\u00eb firmosur sepse nuk i thuhet dot jo Italis\u00eb dhe m\u00eb tej edhe Melonit, ai u shpreh se historia e [&hellip;]<\/p>\n","protected":false,"gt_translate_keys":[{"key":"rendered","format":"html"}]},"author":32,"featured_media":696171,"comment_status":"closed","ping_status":"open","sticky":false,"template":"","format":"standard","meta":{"footnotes":""},"categories":[65],"tags":[],"class_list":["post-696170","post","type-post","status-publish","format-standard","has-post-thumbnail","hentry","category-lajme"],"gt_translate_keys":[{"key":"link","format":"url"}],"_links":{"self":[{"href":"https:\/\/www.hashtag.al\/index.php\/wp-json\/wp\/v2\/posts\/696170","targetHints":{"allow":["GET"]}}],"collection":[{"href":"https:\/\/www.hashtag.al\/index.php\/wp-json\/wp\/v2\/posts"}],"about":[{"href":"https:\/\/www.hashtag.al\/index.php\/wp-json\/wp\/v2\/types\/post"}],"author":[{"embeddable":true,"href":"https:\/\/www.hashtag.al\/index.php\/wp-json\/wp\/v2\/users\/32"}],"replies":[{"embeddable":true,"href":"https:\/\/www.hashtag.al\/index.php\/wp-json\/wp\/v2\/comments?post=696170"}],"version-history":[{"count":0,"href":"https:\/\/www.hashtag.al\/index.php\/wp-json\/wp\/v2\/posts\/696170\/revisions"}],"wp:featuredmedia":[{"embeddable":true,"href":"https:\/\/www.hashtag.al\/index.php\/wp-json\/wp\/v2\/media\/696171"}],"wp:attachment":[{"href":"https:\/\/www.hashtag.al\/index.php\/wp-json\/wp\/v2\/media?parent=696170"}],"wp:term":[{"taxonomy":"category","embeddable":true,"href":"https:\/\/www.hashtag.al\/index.php\/wp-json\/wp\/v2\/categories?post=696170"},{"taxonomy":"post_tag","embeddable":true,"href":"https:\/\/www.hashtag.al\/index.php\/wp-json\/wp\/v2\/tags?post=696170"}],"curies":[{"name":"wp","href":"https:\/\/api.w.org\/{rel}","templated":true}]}}