{"id":696100,"date":"2024-08-30T22:59:20","date_gmt":"2024-08-30T20:59:20","guid":{"rendered":"https:\/\/www.hashtag.al\/?p=696100"},"modified":"2024-08-30T22:59:20","modified_gmt":"2024-08-30T20:59:20","slug":"gjykatesi-urdheron-mbylljen-e-menjehershme-te-x-ne-brazil","status":"publish","type":"post","link":"https:\/\/www.hashtag.al\/index.php\/2024\/08\/30\/gjykatesi-urdheron-mbylljen-e-menjehershme-te-x-ne-brazil\/","title":{"rendered":"Gjykat\u00ebsi urdh\u00ebron mbylljen e menj\u00ebhershme t\u00eb X n\u00eb Brazil","gt_translate_keys":[{"key":"rendered","format":"text"}]},"content":{"rendered":"<p><img loading=\"lazy\" decoding=\"async\" class=\"aligncenter size-full wp-image-650266\" src=\"https:\/\/www.hashtag.al\/wp-content\/uploads\/2024\/01\/musk.jpg\" alt=\"\" width=\"864\" height=\"486\" srcset=\"https:\/\/www.hashtag.al\/wp-content\/uploads\/2024\/01\/musk.jpg 864w, https:\/\/www.hashtag.al\/wp-content\/uploads\/2024\/01\/musk-300x169.jpg 300w, https:\/\/www.hashtag.al\/wp-content\/uploads\/2024\/01\/musk-768x432.jpg 768w\" sizes=\"auto, (max-width: 864px) 100vw, 864px\" \/><\/p>\n<p><span style=\"color: #000000;\">Nj\u00eb gjykat\u00ebs i Gjykat\u00ebs s\u00eb Lart\u00eb braziliane urdh\u00ebroi t\u00eb premten &#8220;pezullimin e menj\u00ebhersh\u00ebm&#8221; t\u00eb platform\u00ebs s\u00eb mediave sociale X n\u00eb vend, pasi skadoi nj\u00eb afat i vendosur nga gjykata p\u00ebr kompanin\u00eb p\u00ebr t\u00eb identifikuar nj\u00eb p\u00ebrfaq\u00ebsues ligjor n\u00eb Brazil.<\/span><\/p>\n<p><span style=\"color: #000000;\">Ky veprim \u00ebsht\u00eb kapitulli i fundit n\u00eb nj\u00eb grindje t\u00eb vazhdueshme midis nj\u00eb gjyqtari t\u00eb Gjykat\u00ebs s\u00eb Lart\u00eb braziliane dhe Elon Musk, q\u00eb p\u00ebrfshin gjithashtu ngrirjen e llogarive financiare t\u00eb ofruesit t\u00eb internetit satelitore Starlink n\u00eb Brazil.<\/span><\/p>\n<p><span style=\"color: #000000;\">N\u00eb vendimin e tij, Moraes urdh\u00ebroi pezullimin e plot\u00eb dhe t\u00eb menj\u00ebhersh\u00ebm t\u00eb X n\u00eb vend derisa t\u00eb p\u00ebrmbusheshin t\u00eb gjitha urdhrat e gjykat\u00ebs p\u00ebr X, duke p\u00ebrfshir\u00eb pages\u00ebn e gjobave n\u00eb shum\u00ebn 18.5 milion\u00eb reais (3.28 milion\u00eb dollar\u00eb) dhe em\u00ebrimin e nj\u00eb p\u00ebrfaq\u00ebsuesi ligjor n\u00eb Brazil.<\/span><\/p>\n<p><span style=\"color: #000000;\">Moraes urdh\u00ebroi rregullatorin e telekomunikacionit Anatel t\u00eb zbatoj\u00eb urdhrin e pezullimit dhe t\u00eb konfirmoj\u00eb n\u00eb gjykat\u00eb brenda 24 or\u00ebve q\u00eb e ka zbatuar at\u00eb.<\/span><\/p>\n<p><span style=\"color: #000000;\">N\u00eb nj\u00eb p\u00ebrpjekje p\u00ebr t\u00eb shmangur p\u00ebrdorimin e rrjeteve virtuale private (VPN) p\u00ebr t\u00eb anashkaluar bllokimin, Moraes tha se individ\u00ebt ose kompanit\u00eb q\u00eb do p\u00ebrpiqen t\u00eb mbanin qasjen n\u00eb rrjetin social n\u00eb at\u00eb m\u00ebnyr\u00eb mund t\u00eb gjobiten deri n\u00eb 50,000 reais n\u00eb dit\u00eb.<\/span><\/p>\n<p><span style=\"color: #000000;\">X tha von\u00eb t\u00eb enjten se priste q\u00eb gjyqtari i Gjykat\u00ebs s\u00eb Lart\u00eb Alexandre de Moraes t\u00eb urdh\u00ebronte nj\u00eb mbyllje &#8220;s\u00eb shpejti&#8221;, pasi nj\u00eb afat i vendosur nga gjykata skadoi q\u00eb kompania t\u00eb identifikonte nj\u00eb p\u00ebrfaq\u00ebsues ligjor n\u00eb Brazil.<\/span><\/p>\n<p><span style=\"color: #000000;\">N\u00eb fillim t\u00eb k\u00ebtij viti, Moraes urdh\u00ebroi X t\u00eb bllokonte disa llogari t\u00eb implikuara n\u00eb hetimet e t\u00eb ashtuquajturave milici dixhitale t\u00eb akuzuara p\u00ebr p\u00ebrhapjen e lajmeve t\u00eb shtremb\u00ebruara dhe urrejtjes.<\/span><\/p>\n<p><span style=\"color: #000000;\">Musk, duke e denoncuar urdhrin si censur\u00eb, u p\u00ebrgjigj duke mbyllur zyrat e platform\u00ebs n\u00eb Brazil. X, i njohur m\u00eb par\u00eb si Twitter, tha n\u00eb at\u00eb koh\u00eb se sh\u00ebrbimet e tij do ishin ende t\u00eb disponueshme n\u00eb Brazil.<\/span><\/p>\n","protected":false,"gt_translate_keys":[{"key":"rendered","format":"html"}]},"excerpt":{"rendered":"<p>Nj\u00eb gjykat\u00ebs i Gjykat\u00ebs s\u00eb Lart\u00eb braziliane urdh\u00ebroi t\u00eb premten &#8220;pezullimin e menj\u00ebhersh\u00ebm&#8221; t\u00eb platform\u00ebs s\u00eb mediave sociale X n\u00eb vend, pasi skadoi nj\u00eb afat i vendosur nga gjykata p\u00ebr kompanin\u00eb p\u00ebr t\u00eb identifikuar nj\u00eb p\u00ebrfaq\u00ebsues ligjor n\u00eb Brazil. Ky veprim \u00ebsht\u00eb kapitulli i fundit n\u00eb nj\u00eb grindje t\u00eb vazhdueshme midis nj\u00eb gjyqtari t\u00eb Gjykat\u00ebs [&hellip;]<\/p>\n","protected":false,"gt_translate_keys":[{"key":"rendered","format":"html"}]},"author":51,"featured_media":607531,"comment_status":"closed","ping_status":"open","sticky":false,"template":"","format":"standard","meta":{"footnotes":""},"categories":[53],"tags":[],"class_list":["post-696100","post","type-post","status-publish","format-standard","has-post-thumbnail","hentry","category-fast-foodi"],"gt_translate_keys":[{"key":"link","format":"url"}],"_links":{"self":[{"href":"https:\/\/www.hashtag.al\/index.php\/wp-json\/wp\/v2\/posts\/696100","targetHints":{"allow":["GET"]}}],"collection":[{"href":"https:\/\/www.hashtag.al\/index.php\/wp-json\/wp\/v2\/posts"}],"about":[{"href":"https:\/\/www.hashtag.al\/index.php\/wp-json\/wp\/v2\/types\/post"}],"author":[{"embeddable":true,"href":"https:\/\/www.hashtag.al\/index.php\/wp-json\/wp\/v2\/users\/51"}],"replies":[{"embeddable":true,"href":"https:\/\/www.hashtag.al\/index.php\/wp-json\/wp\/v2\/comments?post=696100"}],"version-history":[{"count":0,"href":"https:\/\/www.hashtag.al\/index.php\/wp-json\/wp\/v2\/posts\/696100\/revisions"}],"wp:featuredmedia":[{"embeddable":true,"href":"https:\/\/www.hashtag.al\/index.php\/wp-json\/wp\/v2\/media\/607531"}],"wp:attachment":[{"href":"https:\/\/www.hashtag.al\/index.php\/wp-json\/wp\/v2\/media?parent=696100"}],"wp:term":[{"taxonomy":"category","embeddable":true,"href":"https:\/\/www.hashtag.al\/index.php\/wp-json\/wp\/v2\/categories?post=696100"},{"taxonomy":"post_tag","embeddable":true,"href":"https:\/\/www.hashtag.al\/index.php\/wp-json\/wp\/v2\/tags?post=696100"}],"curies":[{"name":"wp","href":"https:\/\/api.w.org\/{rel}","templated":true}]}}